{"id":14243,"date":"2016-12-23T20:00:29","date_gmt":"2016-12-23T23:00:29","guid":{"rendered":"http:\/\/blogdoeloiltoncajuhy.com.br\/site\/?p=14243"},"modified":"2016-12-23T20:00:29","modified_gmt":"2016-12-23T23:00:29","slug":"rui-costa-visitara-pindobacu-na-proxima-terca-feira-27","status":"publish","type":"post","link":"https:\/\/blogdoeloiltoncajuhy.com.br\/site\/rui-costa-visitara-pindobacu-na-proxima-terca-feira-27\/","title":{"rendered":"Rui Costa visitar\u00e1 Pindoba\u00e7u na pr\u00f3xima ter\u00e7a-feira (27)"},"content":{"rendered":"<p><a href=\"https:\/\/i0.wp.com\/blogdoeloiltoncajuhy.com.br\/site\/wp-content\/uploads\/2016\/10\/rui-3133-e1475842349509.jpeg\"><img data-recalc-dims=\"1\" fetchpriority=\"high\" decoding=\"async\" class=\"aligncenter size-full wp-image-12677\" src=\"https:\/\/i0.wp.com\/blogdoeloiltoncajuhy.com.br\/site\/wp-content\/uploads\/2016\/10\/rui-3133-e1475842349509.jpeg?resize=500%2C333\" alt=\"\" width=\"500\" height=\"333\" \/><\/a>A semana que antecede a virada do ano vai ser intensa e de compromissos com os moradores n\u00e3o s\u00f3 de Salvador, como de algumas regi\u00f5es da Bahia. Na pr\u00f3xima Segunda-feira (26), na capital baiana, \u00e0s 8h30, o governador Rui Costa assina autoriza\u00e7\u00e3o de contrato com a Liga Baiana Contra o C\u00e2ncer, mantenedora do Hospital Aristides Maltez, para execu\u00e7\u00e3o de presta\u00e7\u00e3o de a\u00e7\u00f5es e servi\u00e7os de sa\u00fade no \u00e2mbito do SUS, atrav\u00e9s da Secretaria de Sa\u00fade da Bahia (SESAB).<\/p>\n<p>Com servi\u00e7os de m\u00e9dia e alta complexidade ambulatorial e hospitalar, o objetivo \u00e9 garantir o acesso a 100% dos munic\u00edpios do Estado para o tratamento cir\u00fargico e ambulatorial (quimio e radio) em oncologia.<\/p>\n<p>\u00c0s 10h, em Cama\u00e7ari, o governador entrega um Posto de Sa\u00fade da Fam\u00edlia e uma creche do Residencial Caminho do Mar, do programa Minha Casa, Minha Vida, al\u00e9m de uma Unidade de Pronto Atendimento (UPA) em Arembepe.<\/p>\n<p><strong>Na ter\u00e7a-feira (27), no munic\u00edpio de Pindoba\u00e7u, no Centro Norte, Rui Costa inaugura a BA-131, no trecho entre os povoados de Itapicuru e Carna\u00edba.<\/strong><\/p>\n<p>J\u00e1 na quarta-feira (28), o governador Rui Costa segue para o munic\u00edpio de Serrinha, na regi\u00e3o Nordeste. A partir das 9h30, ele entrega uma Unidade B\u00e1sica de Sa\u00fade, a reforma do Complexo Esportivo Lu\u00eds Eduardo Magalh\u00e3es, as pra\u00e7as dos bairros Cidade Nova e Bela Vista, al\u00e9m do Centro de Artes e Esportes do bairro Cidade Nova. O governador ainda entrega as quadras do bairro de Rodagem, e dos povoados de Suba\u00e9 e Cajueiro.<\/p>\n<p>J\u00e1 no munic\u00edpio de Castro Alves, na regi\u00e3o do rec\u00f4ncavo, na quinta-feira (29), acontece, com a presen\u00e7a do governador, a inaugura\u00e7\u00e3o do sistema integrado de abastecimento de \u00e1gua que vai beneficiar as localidades de Petim, Salgado, Murici, Caatinguinha de Cima, Caatinguinha de Baixo, Murutuba, Lagoa Seca, Cova da Negra e Cidade Nova. Tamb\u00e9m vai ser entregue uma quadra poliesportiva coberta com vesti\u00e1rio e um Posto de Sa\u00fade da Fam\u00edlia (PSF) na Comunidade de Vira\u00e7\u00e3o.<\/p>\n<p><em>Secom-Ba<\/em><\/p>\n","protected":false},"excerpt":{"rendered":"<p>A semana que antecede a virada do ano vai ser intensa e de compromissos com os moradores n\u00e3o s\u00f3 de Salvador, como de algumas regi\u00f5es da Bahia. Na pr\u00f3xima Segunda-feira (26), na capital baiana, \u00e0s 8h30, o governador Rui Costa assina autoriza\u00e7\u00e3o de contrato com a Liga Baiana Contra o C\u00e2ncer, mantenedora do Hospital Aristides [&hellip;]<\/p>\n","protected":false},"author":2,"featured_media":0,"comment_status":"open","ping_status":"open","sticky":false,"template":"","format":"standard","meta":{"_acf_changed":false,"_monsterinsights_skip_tracking":false,"_monsterinsights_sitenote_active":false,"_monsterinsights_sitenote_note":"","_monsterinsights_sitenote_category":0,"_jetpack_memberships_contains_paid_content":false,"footnotes":"","jetpack_publicize_message":"","jetpack_publicize_feature_enabled":true,"jetpack_social_post_already_shared":true,"jetpack_social_options":{"image_generator_settings":{"template":"highway","default_image_id":0,"font":"","enabled":false},"version":2}},"categories":[1,3],"tags":[],"class_list":["post-14243","post","type-post","status-publish","format-standard","hentry","category-noticias","category-politica"],"acf":[],"jetpack_publicize_connections":[],"jetpack_featured_media_url":"","jetpack_sharing_enabled":true,"publishpress_future_workflow_manual_trigger":{"enabledWorkflows":[]},"_links":{"self":[{"href":"https:\/\/blogdoeloiltoncajuhy.com.br\/site\/wp-json\/wp\/v2\/posts\/14243","targetHints":{"allow":["GET"]}}],"collection":[{"href":"https:\/\/blogdoeloiltoncajuhy.com.br\/site\/wp-json\/wp\/v2\/posts"}],"about":[{"href":"https:\/\/blogdoeloiltoncajuhy.com.br\/site\/wp-json\/wp\/v2\/types\/post"}],"author":[{"embeddable":true,"href":"https:\/\/blogdoeloiltoncajuhy.com.br\/site\/wp-json\/wp\/v2\/users\/2"}],"replies":[{"embeddable":true,"href":"https:\/\/blogdoeloiltoncajuhy.com.br\/site\/wp-json\/wp\/v2\/comments?post=14243"}],"version-history":[{"count":1,"href":"https:\/\/blogdoeloiltoncajuhy.com.br\/site\/wp-json\/wp\/v2\/posts\/14243\/revisions"}],"predecessor-version":[{"id":14244,"href":"https:\/\/blogdoeloiltoncajuhy.com.br\/site\/wp-json\/wp\/v2\/posts\/14243\/revisions\/14244"}],"wp:attachment":[{"href":"https:\/\/blogdoeloiltoncajuhy.com.br\/site\/wp-json\/wp\/v2\/media?parent=14243"}],"wp:term":[{"taxonomy":"category","embeddable":true,"href":"https:\/\/blogdoeloiltoncajuhy.com.br\/site\/wp-json\/wp\/v2\/categories?post=14243"},{"taxonomy":"post_tag","embeddable":true,"href":"https:\/\/blogdoeloiltoncajuhy.com.br\/site\/wp-json\/wp\/v2\/tags?post=14243"}],"curies":[{"name":"wp","href":"https:\/\/api.w.org\/{rel}","templated":true}]}}