{"id":14237,"date":"2016-12-23T08:01:09","date_gmt":"2016-12-23T11:01:09","guid":{"rendered":"http:\/\/blogdoeloiltoncajuhy.com.br\/site\/?p=14237"},"modified":"2016-12-23T08:01:09","modified_gmt":"2016-12-23T11:01:09","slug":"nova-unidade-basica-de-saude-sera-inaugurada-em-andorinha","status":"publish","type":"post","link":"https:\/\/blogdoeloiltoncajuhy.com.br\/site\/nova-unidade-basica-de-saude-sera-inaugurada-em-andorinha\/","title":{"rendered":"Nova Unidade B\u00e1sica de Sa\u00fade ser\u00e1 inaugurada em Andorinha"},"content":{"rendered":"<p><a href=\"https:\/\/i0.wp.com\/blogdoeloiltoncajuhy.com.br\/site\/wp-content\/uploads\/2016\/12\/Posto-saude-e1482490852710.png\"><img data-recalc-dims=\"1\" fetchpriority=\"high\" decoding=\"async\" class=\"aligncenter size-full wp-image-14238\" src=\"https:\/\/i0.wp.com\/blogdoeloiltoncajuhy.com.br\/site\/wp-content\/uploads\/2016\/12\/Posto-saude-e1482490852710.png?resize=600%2C239\" alt=\"\" width=\"600\" height=\"239\" \/><\/a>A Prefeitura de Andorinha, por meio da Secretaria Municipal de Sa\u00fade, realiza na pr\u00f3xima quinta-feira (29) a inaugura\u00e7\u00e3o da Unidade B\u00e1sica de Sa\u00fade (UBS) da Rua do Tanque. O evento est\u00e1 marcado para \u00e0s 17 horas e \u00e9 aberto \u00e0 toda a comunidade andorinhense.<\/p>\n<p>Pablo Campos, secret\u00e1rio de sa\u00fade, destacou a import\u00e2ncia da inaugura\u00e7\u00e3o para o munic\u00edpio. \u201cCom a inaugura\u00e7\u00e3o deste espa\u00e7o, atenderemos a cerca de tr\u00eas mil pessoas oferecendo procedimentos b\u00e1sicos (medica\u00e7\u00e3o, curativos, inala\u00e7\u00e3o), atendimento com m\u00e9dicos, enfermeiros, dentistas, entre outros\u201d, afirmou. A UBS funcionar\u00e1 das 8h \u00e0s 14h.<\/p>\n<p>A Unidade B\u00e1sica de Sa\u00fade da Rua do Tanque junta-se a mais sete unidades que foram reformadas e ampliadas no munic\u00edpio (Medrado, Vila Peixe, Moro Branco, Sitio do A\u00e7ude, Riacho Seco ,Tanque do Po\u00e7o e UBS Central). Durante a atual gest\u00e3o do prefeito Z\u00e9 Branco, mais de 40 milh\u00f5es de reais formam investidos na \u00e1rea de sa\u00fade no munic\u00edpio de Andorinha.<\/p>\n<p><em>*Ascom Andorinha<\/em><\/p>\n","protected":false},"excerpt":{"rendered":"<p>A Prefeitura de Andorinha, por meio da Secretaria Municipal de Sa\u00fade, realiza na pr\u00f3xima quinta-feira (29) a inaugura\u00e7\u00e3o da Unidade B\u00e1sica de Sa\u00fade (UBS) da Rua do Tanque. O evento est\u00e1 marcado para \u00e0s 17 horas e \u00e9 aberto \u00e0 toda a comunidade andorinhense. Pablo Campos, secret\u00e1rio de sa\u00fade, destacou a import\u00e2ncia da inaugura\u00e7\u00e3o para [&hellip;]<\/p>\n","protected":false},"author":2,"featured_media":14238,"comment_status":"open","ping_status":"open","sticky":false,"template":"","format":"standard","meta":{"_acf_changed":false,"_monsterinsights_skip_tracking":false,"_monsterinsights_sitenote_active":false,"_monsterinsights_sitenote_note":"","_monsterinsights_sitenote_category":0,"_jetpack_memberships_contains_paid_content":false,"footnotes":"","jetpack_publicize_message":"","jetpack_publicize_feature_enabled":true,"jetpack_social_post_already_shared":true,"jetpack_social_options":{"image_generator_settings":{"template":"highway","default_image_id":0,"font":"","enabled":false},"version":2}},"categories":[1,3,11],"tags":[],"class_list":["post-14237","post","type-post","status-publish","format-standard","has-post-thumbnail","hentry","category-noticias","category-politica","category-regional"],"acf":[],"jetpack_publicize_connections":[],"jetpack_featured_media_url":"https:\/\/i0.wp.com\/blogdoeloiltoncajuhy.com.br\/site\/wp-content\/uploads\/2016\/12\/Posto-saude-e1482490852710.png?fit=600%2C239&ssl=1","jetpack_sharing_enabled":true,"publishpress_future_workflow_manual_trigger":{"enabledWorkflows":[]},"_links":{"self":[{"href":"https:\/\/blogdoeloiltoncajuhy.com.br\/site\/wp-json\/wp\/v2\/posts\/14237","targetHints":{"allow":["GET"]}}],"collection":[{"href":"https:\/\/blogdoeloiltoncajuhy.com.br\/site\/wp-json\/wp\/v2\/posts"}],"about":[{"href":"https:\/\/blogdoeloiltoncajuhy.com.br\/site\/wp-json\/wp\/v2\/types\/post"}],"author":[{"embeddable":true,"href":"https:\/\/blogdoeloiltoncajuhy.com.br\/site\/wp-json\/wp\/v2\/users\/2"}],"replies":[{"embeddable":true,"href":"https:\/\/blogdoeloiltoncajuhy.com.br\/site\/wp-json\/wp\/v2\/comments?post=14237"}],"version-history":[{"count":1,"href":"https:\/\/blogdoeloiltoncajuhy.com.br\/site\/wp-json\/wp\/v2\/posts\/14237\/revisions"}],"predecessor-version":[{"id":14239,"href":"https:\/\/blogdoeloiltoncajuhy.com.br\/site\/wp-json\/wp\/v2\/posts\/14237\/revisions\/14239"}],"wp:featuredmedia":[{"embeddable":true,"href":"https:\/\/blogdoeloiltoncajuhy.com.br\/site\/wp-json\/wp\/v2\/media\/14238"}],"wp:attachment":[{"href":"https:\/\/blogdoeloiltoncajuhy.com.br\/site\/wp-json\/wp\/v2\/media?parent=14237"}],"wp:term":[{"taxonomy":"category","embeddable":true,"href":"https:\/\/blogdoeloiltoncajuhy.com.br\/site\/wp-json\/wp\/v2\/categories?post=14237"},{"taxonomy":"post_tag","embeddable":true,"href":"https:\/\/blogdoeloiltoncajuhy.com.br\/site\/wp-json\/wp\/v2\/tags?post=14237"}],"curies":[{"name":"wp","href":"https:\/\/api.w.org\/{rel}","templated":true}]}}