{"id":14231,"date":"2016-12-22T21:39:28","date_gmt":"2016-12-23T00:39:28","guid":{"rendered":"http:\/\/blogdoeloiltoncajuhy.com.br\/site\/?p=14231"},"modified":"2016-12-22T21:39:28","modified_gmt":"2016-12-23T00:39:28","slug":"cultura-solange-almeida-ira-deixar-banda-avioes-do-forro-diz-colunista","status":"publish","type":"post","link":"https:\/\/blogdoeloiltoncajuhy.com.br\/site\/cultura-solange-almeida-ira-deixar-banda-avioes-do-forro-diz-colunista\/","title":{"rendered":"CULTURA: Solange Almeida ir\u00e1 deixar banda Avi\u00f5es do Forr\u00f3, diz colunista"},"content":{"rendered":"<p style=\"text-align: center;\"><em><strong>A banda Avi\u00f5es do Forr\u00f3 n\u00e3o ter\u00e1 Solange Almeida como vocalista em 2017<\/strong><\/em><\/p>\n<figure id=\"attachment_14232\" aria-describedby=\"caption-attachment-14232\" style=\"width: 620px\" class=\"wp-caption aligncenter\"><a href=\"https:\/\/i0.wp.com\/blogdoeloiltoncajuhy.com.br\/site\/wp-content\/uploads\/2016\/12\/SolangeSaiAvioes.jpg\"><img data-recalc-dims=\"1\" fetchpriority=\"high\" decoding=\"async\" class=\"wp-image-14232 size-full\" src=\"https:\/\/i0.wp.com\/blogdoeloiltoncajuhy.com.br\/site\/wp-content\/uploads\/2016\/12\/SolangeSaiAvioes.jpg?resize=620%2C520\" width=\"620\" height=\"520\" srcset=\"https:\/\/i0.wp.com\/blogdoeloiltoncajuhy.com.br\/site\/wp-content\/uploads\/2016\/12\/SolangeSaiAvioes.jpg?w=620&amp;ssl=1 620w, https:\/\/i0.wp.com\/blogdoeloiltoncajuhy.com.br\/site\/wp-content\/uploads\/2016\/12\/SolangeSaiAvioes.jpg?resize=300%2C252&amp;ssl=1 300w, https:\/\/i0.wp.com\/blogdoeloiltoncajuhy.com.br\/site\/wp-content\/uploads\/2016\/12\/SolangeSaiAvioes.jpg?resize=250%2C210&amp;ssl=1 250w\" sizes=\"(max-width: 620px) 100vw, 620px\" \/><\/a><figcaption id=\"caption-attachment-14232\" class=\"wp-caption-text\">A banda Avi\u00f5es do Forr\u00f3 n\u00e3o ter\u00e1 Solange Almeida como vocalista em 2017. (Foto: Reprodu\u00e7\u00e3o\/Instagram)<\/figcaption><\/figure>\n<p style=\"text-align: left;\">2016 \u00e9 o ano das separa\u00e7\u00f5es, n\u00e3o h\u00e1 como negar! Por\u00e9m, dessa vez, o t\u00e9rmino n\u00e3o foi de um relacionamento amoroso. Na noite desta quinta-feira (22), Solange Almeira ir\u00e1 anunciar a sa\u00edda do Avi\u00f5es do Forro, segundo o colunista L\u00e9o Dias. A informa\u00e7\u00e3o ser\u00e1 divulgada em nota \u00e0 imprensa. A cantora permanece na banda at\u00e9 o Carnaval.<\/p>\n<p>Segundo a coluna, a sa\u00edda foi acertada sem pagamento de multa. Solange seguir\u00e1 carreira solo e n\u00e3o ser\u00e1 substitu\u00edda. Xand ser\u00e1 o \u00fanico vocalista da banda.<\/p>\n<p><strong>Carreira Solo<\/strong><\/p>\n<p>Nesta quarta-feira (21), Solange Almeida lan\u00e7ou, em seu canal do Youtube, o v\u00eddeo ac\u00fastico da m\u00fasica Duas e Vinte e Tr\u00eas, que \u00e9 a primeira faixa que far\u00e1 parte do DVD da cantora, que ser\u00e1 gravado no dia 8 de fevereiro de 2017, no Citibank Hall, em S\u00e3o Paulo.<\/p>\n<p><em>*Ibahia<\/em><\/p>\n<p><iframe title=\"DUAS E 23 - Solange Almeida (Vers\u00e3o Ac\u00fastica) Oficial\" width=\"800\" height=\"450\" src=\"https:\/\/www.youtube.com\/embed\/mX6VnEa5vPc?feature=oembed\" frameborder=\"0\" allow=\"accelerometer; autoplay; encrypted-media; gyroscope; picture-in-picture\" allowfullscreen><\/iframe><\/p>\n<p><strong>Veja o v\u00eddeo em que Xand e Solange informam aos f\u00e3s a mudan\u00e7a na banda:<\/strong><\/p>\n<p>https:\/\/youtu.be\/I579zoExmsU<\/p>\n","protected":false},"excerpt":{"rendered":"<p>A banda Avi\u00f5es do Forr\u00f3 n\u00e3o ter\u00e1 Solange Almeida como vocalista em 2017 2016 \u00e9 o ano das separa\u00e7\u00f5es, n\u00e3o h\u00e1 como negar! Por\u00e9m, dessa vez, o t\u00e9rmino n\u00e3o foi de um relacionamento amoroso. Na noite desta quinta-feira (22), Solange Almeira ir\u00e1 anunciar a sa\u00edda do Avi\u00f5es do Forro, segundo o colunista L\u00e9o Dias. A [&hellip;]<\/p>\n","protected":false},"author":2,"featured_media":14232,"comment_status":"open","ping_status":"open","sticky":false,"template":"","format":"standard","meta":{"_acf_changed":false,"_monsterinsights_skip_tracking":false,"_monsterinsights_sitenote_active":false,"_monsterinsights_sitenote_note":"","_monsterinsights_sitenote_category":0,"_jetpack_memberships_contains_paid_content":false,"footnotes":"","jetpack_publicize_message":"","jetpack_publicize_feature_enabled":true,"jetpack_social_post_already_shared":true,"jetpack_social_options":{"image_generator_settings":{"template":"highway","default_image_id":0,"font":"","enabled":false},"version":2}},"categories":[8,1],"tags":[],"class_list":["post-14231","post","type-post","status-publish","format-standard","has-post-thumbnail","hentry","category-cultura","category-noticias"],"acf":[],"jetpack_publicize_connections":[],"jetpack_featured_media_url":"https:\/\/i0.wp.com\/blogdoeloiltoncajuhy.com.br\/site\/wp-content\/uploads\/2016\/12\/SolangeSaiAvioes.jpg?fit=620%2C520&ssl=1","jetpack_sharing_enabled":true,"publishpress_future_workflow_manual_trigger":{"enabledWorkflows":[]},"_links":{"self":[{"href":"https:\/\/blogdoeloiltoncajuhy.com.br\/site\/wp-json\/wp\/v2\/posts\/14231","targetHints":{"allow":["GET"]}}],"collection":[{"href":"https:\/\/blogdoeloiltoncajuhy.com.br\/site\/wp-json\/wp\/v2\/posts"}],"about":[{"href":"https:\/\/blogdoeloiltoncajuhy.com.br\/site\/wp-json\/wp\/v2\/types\/post"}],"author":[{"embeddable":true,"href":"https:\/\/blogdoeloiltoncajuhy.com.br\/site\/wp-json\/wp\/v2\/users\/2"}],"replies":[{"embeddable":true,"href":"https:\/\/blogdoeloiltoncajuhy.com.br\/site\/wp-json\/wp\/v2\/comments?post=14231"}],"version-history":[{"count":1,"href":"https:\/\/blogdoeloiltoncajuhy.com.br\/site\/wp-json\/wp\/v2\/posts\/14231\/revisions"}],"predecessor-version":[{"id":14233,"href":"https:\/\/blogdoeloiltoncajuhy.com.br\/site\/wp-json\/wp\/v2\/posts\/14231\/revisions\/14233"}],"wp:featuredmedia":[{"embeddable":true,"href":"https:\/\/blogdoeloiltoncajuhy.com.br\/site\/wp-json\/wp\/v2\/media\/14232"}],"wp:attachment":[{"href":"https:\/\/blogdoeloiltoncajuhy.com.br\/site\/wp-json\/wp\/v2\/media?parent=14231"}],"wp:term":[{"taxonomy":"category","embeddable":true,"href":"https:\/\/blogdoeloiltoncajuhy.com.br\/site\/wp-json\/wp\/v2\/categories?post=14231"},{"taxonomy":"post_tag","embeddable":true,"href":"https:\/\/blogdoeloiltoncajuhy.com.br\/site\/wp-json\/wp\/v2\/tags?post=14231"}],"curies":[{"name":"wp","href":"https:\/\/api.w.org\/{rel}","templated":true}]}}