{"id":14229,"date":"2016-12-22T20:03:19","date_gmt":"2016-12-22T23:03:19","guid":{"rendered":"http:\/\/blogdoeloiltoncajuhy.com.br\/site\/?p=14229"},"modified":"2016-12-22T20:03:19","modified_gmt":"2016-12-22T23:03:19","slug":"comece-a-sexta-feira-meditando-isabel-deu-a-luz-um-filho-lc-157-66","status":"publish","type":"post","link":"https:\/\/blogdoeloiltoncajuhy.com.br\/site\/comece-a-sexta-feira-meditando-isabel-deu-a-luz-um-filho-lc-157-66\/","title":{"rendered":"COMECE A SEXTA-FEIRA MEDITANDO: &#8220;Isabel deu \u00e0 luz um filho &#8211; Lc 1,57-66"},"content":{"rendered":"<p><a href=\"https:\/\/i0.wp.com\/blogdoeloiltoncajuhy.com.br\/site\/wp-content\/uploads\/2015\/10\/liturgia_diaria.jpg\"><img data-recalc-dims=\"1\" fetchpriority=\"high\" decoding=\"async\" class=\"aligncenter wp-image-4757 size-medium\" src=\"https:\/\/i0.wp.com\/blogdoeloiltoncajuhy.com.br\/site\/wp-content\/uploads\/2015\/10\/liturgia_diaria.jpg?resize=300%2C227\" width=\"300\" height=\"227\" srcset=\"https:\/\/i0.wp.com\/blogdoeloiltoncajuhy.com.br\/site\/wp-content\/uploads\/2015\/10\/liturgia_diaria.jpg?resize=300%2C227&amp;ssl=1 300w, https:\/\/i0.wp.com\/blogdoeloiltoncajuhy.com.br\/site\/wp-content\/uploads\/2015\/10\/liturgia_diaria.jpg?resize=250%2C189&amp;ssl=1 250w, https:\/\/i0.wp.com\/blogdoeloiltoncajuhy.com.br\/site\/wp-content\/uploads\/2015\/10\/liturgia_diaria.jpg?w=449&amp;ssl=1 449w\" sizes=\"(max-width: 300px) 100vw, 300px\" \/><\/a>Completou-se o tempo da gravidez de Isabel, e ela deu \u00e0 luz um filho. Os vizinhos e parentes ouviram dizer como o Senhor tinha sido misericordioso para com Isabel, e alegraram-se com ela.<\/p>\n<p>No oitavo dia foram circuncidar o menino, e queriam dar-lhe o nome de seu pai, Zacarias. A m\u00e3e por\u00e9m disse: \u201cN\u00e3o! Ele vai chamar-se Jo\u00e3o\u201d. Os outros disseram: \u201cN\u00e3o existe nenhum parente teu com esse nome!\u201d Ent\u00e3o fizeram sinais ao pai, perguntando como ele queria que o menino se chamasse.<\/p>\n<p>Zacarias pediu uma tabuinha, e escreveu: \u201cJo\u00e3o \u00e9 o seu nome\u201d. No mesmo instante, a boca de Zacarias se abriu, sua l\u00edngua se soltou, e ele come\u00e7ou a louvar a Deus. Todos os vizinhos ficaram com medo, e a not\u00edcia espalhou-se por toda a regi\u00e3o montanhosa da Judeia. E todos os que ouviam a not\u00edcia, ficavam pensando: \u201cO que vir\u00e1 a ser este menino?\u201d De fato, a m\u00e3o do Senhor estava com ele.<\/p>\n<p><strong><em>*<a href=\"http:\/\/liturgia.cancaonova.com\/liturgia\/preparacao-proxima-do-natal-sexta-feira-23122016\/\">Can\u00e7\u00e3o Nova<\/a><\/em><\/strong><\/p>\n","protected":false},"excerpt":{"rendered":"<p>Completou-se o tempo da gravidez de Isabel, e ela deu \u00e0 luz um filho. Os vizinhos e parentes ouviram dizer como o Senhor tinha sido misericordioso para com Isabel, e alegraram-se com ela. No oitavo dia foram circuncidar o menino, e queriam dar-lhe o nome de seu pai, Zacarias. A m\u00e3e por\u00e9m disse: \u201cN\u00e3o! Ele [&hellip;]<\/p>\n","protected":false},"author":2,"featured_media":0,"comment_status":"open","ping_status":"open","sticky":false,"template":"","format":"standard","meta":{"_acf_changed":false,"_monsterinsights_skip_tracking":false,"_monsterinsights_sitenote_active":false,"_monsterinsights_sitenote_note":"","_monsterinsights_sitenote_category":0,"_jetpack_memberships_contains_paid_content":false,"footnotes":"","jetpack_publicize_message":"","jetpack_publicize_feature_enabled":true,"jetpack_social_post_already_shared":true,"jetpack_social_options":{"image_generator_settings":{"template":"highway","default_image_id":0,"font":"","enabled":false},"version":2}},"categories":[1,9],"tags":[],"class_list":["post-14229","post","type-post","status-publish","format-standard","hentry","category-noticias","category-reflexao"],"acf":[],"jetpack_publicize_connections":[],"jetpack_featured_media_url":"","jetpack_sharing_enabled":true,"publishpress_future_workflow_manual_trigger":{"enabledWorkflows":[]},"_links":{"self":[{"href":"https:\/\/blogdoeloiltoncajuhy.com.br\/site\/wp-json\/wp\/v2\/posts\/14229","targetHints":{"allow":["GET"]}}],"collection":[{"href":"https:\/\/blogdoeloiltoncajuhy.com.br\/site\/wp-json\/wp\/v2\/posts"}],"about":[{"href":"https:\/\/blogdoeloiltoncajuhy.com.br\/site\/wp-json\/wp\/v2\/types\/post"}],"author":[{"embeddable":true,"href":"https:\/\/blogdoeloiltoncajuhy.com.br\/site\/wp-json\/wp\/v2\/users\/2"}],"replies":[{"embeddable":true,"href":"https:\/\/blogdoeloiltoncajuhy.com.br\/site\/wp-json\/wp\/v2\/comments?post=14229"}],"version-history":[{"count":1,"href":"https:\/\/blogdoeloiltoncajuhy.com.br\/site\/wp-json\/wp\/v2\/posts\/14229\/revisions"}],"predecessor-version":[{"id":14230,"href":"https:\/\/blogdoeloiltoncajuhy.com.br\/site\/wp-json\/wp\/v2\/posts\/14229\/revisions\/14230"}],"wp:attachment":[{"href":"https:\/\/blogdoeloiltoncajuhy.com.br\/site\/wp-json\/wp\/v2\/media?parent=14229"}],"wp:term":[{"taxonomy":"category","embeddable":true,"href":"https:\/\/blogdoeloiltoncajuhy.com.br\/site\/wp-json\/wp\/v2\/categories?post=14229"},{"taxonomy":"post_tag","embeddable":true,"href":"https:\/\/blogdoeloiltoncajuhy.com.br\/site\/wp-json\/wp\/v2\/tags?post=14229"}],"curies":[{"name":"wp","href":"https:\/\/api.w.org\/{rel}","templated":true}]}}