{"id":14223,"date":"2016-12-22T10:10:31","date_gmt":"2016-12-22T13:10:31","guid":{"rendered":"http:\/\/blogdoeloiltoncajuhy.com.br\/site\/?p=14223"},"modified":"2016-12-22T10:10:31","modified_gmt":"2016-12-22T13:10:31","slug":"vereador-e-morto-em-atentado","status":"publish","type":"post","link":"https:\/\/blogdoeloiltoncajuhy.com.br\/site\/vereador-e-morto-em-atentado\/","title":{"rendered":"Vereador \u00e9 morto em atentado"},"content":{"rendered":"<figure id=\"attachment_14224\" aria-describedby=\"caption-attachment-14224\" style=\"width: 380px\" class=\"wp-caption aligncenter\"><a href=\"https:\/\/i0.wp.com\/blogdoeloiltoncajuhy.com.br\/site\/wp-content\/uploads\/2016\/12\/raimundo-da-pojuca.jpg\"><img data-recalc-dims=\"1\" fetchpriority=\"high\" decoding=\"async\" class=\"wp-image-14224 size-full\" src=\"https:\/\/i0.wp.com\/blogdoeloiltoncajuhy.com.br\/site\/wp-content\/uploads\/2016\/12\/raimundo-da-pojuca.jpg?resize=380%2C280\" width=\"380\" height=\"280\" srcset=\"https:\/\/i0.wp.com\/blogdoeloiltoncajuhy.com.br\/site\/wp-content\/uploads\/2016\/12\/raimundo-da-pojuca.jpg?w=380&amp;ssl=1 380w, https:\/\/i0.wp.com\/blogdoeloiltoncajuhy.com.br\/site\/wp-content\/uploads\/2016\/12\/raimundo-da-pojuca.jpg?resize=300%2C221&amp;ssl=1 300w, https:\/\/i0.wp.com\/blogdoeloiltoncajuhy.com.br\/site\/wp-content\/uploads\/2016\/12\/raimundo-da-pojuca.jpg?resize=250%2C184&amp;ssl=1 250w\" sizes=\"(max-width: 380px) 100vw, 380px\" \/><\/a><figcaption id=\"caption-attachment-14224\" class=\"wp-caption-text\">Foto: Jorge Vieira<\/figcaption><\/figure>\n<p>O vereador eleito Raimundo da Pojuca II (PT do B) foi assassinado por volta das 16h30 dessa quarta-feira (21), na cidade de Pojuca. O edil dirigia pelas ruas de Pojuca II, bairro onde residia na cidade, quando foi abordado por dois homens em uma motocicleta Broz, de cor vermelha.<\/p>\n<p>Segundo a delegacia da cidade, Raimundo C\u00e9sar Santos foi atingido na v\u00e9rtebra e na coxa esquerda, chegou a ser socorrido para o Hospital Geral de Cama\u00e7ari, mas duas horas depois, veio a \u00f3bito.<\/p>\n<p>Os suspeitos ainda n\u00e3o foram encontrados, mas, de acordo com informa\u00e7\u00f5es da pol\u00edcia, a suspeita inicial \u00e9 de crime por raz\u00f5es pol\u00edticas, j\u00e1 que o vereador estava prestes a assumir o cargo. Raimundo deixa esposa e tr\u00eas filhos.<\/p>\n<p><em>*Bahia Not\u00edcias<\/em><\/p>\n","protected":false},"excerpt":{"rendered":"<p>O vereador eleito Raimundo da Pojuca II (PT do B) foi assassinado por volta das 16h30 dessa quarta-feira (21), na cidade de Pojuca. O edil dirigia pelas ruas de Pojuca II, bairro onde residia na cidade, quando foi abordado por dois homens em uma motocicleta Broz, de cor vermelha. Segundo a delegacia da cidade, Raimundo [&hellip;]<\/p>\n","protected":false},"author":2,"featured_media":14224,"comment_status":"open","ping_status":"open","sticky":false,"template":"","format":"standard","meta":{"_acf_changed":false,"_monsterinsights_skip_tracking":false,"_monsterinsights_sitenote_active":false,"_monsterinsights_sitenote_note":"","_monsterinsights_sitenote_category":0,"_jetpack_memberships_contains_paid_content":false,"footnotes":"","jetpack_publicize_message":"","jetpack_publicize_feature_enabled":true,"jetpack_social_post_already_shared":true,"jetpack_social_options":{"image_generator_settings":{"template":"highway","default_image_id":0,"font":"","enabled":false},"version":2}},"categories":[5,1,3],"tags":[],"class_list":["post-14223","post","type-post","status-publish","format-standard","has-post-thumbnail","hentry","category-cotidiano","category-noticias","category-politica"],"acf":[],"jetpack_publicize_connections":[],"jetpack_featured_media_url":"https:\/\/i0.wp.com\/blogdoeloiltoncajuhy.com.br\/site\/wp-content\/uploads\/2016\/12\/raimundo-da-pojuca.jpg?fit=380%2C280&ssl=1","jetpack_sharing_enabled":true,"publishpress_future_workflow_manual_trigger":{"enabledWorkflows":[]},"_links":{"self":[{"href":"https:\/\/blogdoeloiltoncajuhy.com.br\/site\/wp-json\/wp\/v2\/posts\/14223","targetHints":{"allow":["GET"]}}],"collection":[{"href":"https:\/\/blogdoeloiltoncajuhy.com.br\/site\/wp-json\/wp\/v2\/posts"}],"about":[{"href":"https:\/\/blogdoeloiltoncajuhy.com.br\/site\/wp-json\/wp\/v2\/types\/post"}],"author":[{"embeddable":true,"href":"https:\/\/blogdoeloiltoncajuhy.com.br\/site\/wp-json\/wp\/v2\/users\/2"}],"replies":[{"embeddable":true,"href":"https:\/\/blogdoeloiltoncajuhy.com.br\/site\/wp-json\/wp\/v2\/comments?post=14223"}],"version-history":[{"count":1,"href":"https:\/\/blogdoeloiltoncajuhy.com.br\/site\/wp-json\/wp\/v2\/posts\/14223\/revisions"}],"predecessor-version":[{"id":14225,"href":"https:\/\/blogdoeloiltoncajuhy.com.br\/site\/wp-json\/wp\/v2\/posts\/14223\/revisions\/14225"}],"wp:featuredmedia":[{"embeddable":true,"href":"https:\/\/blogdoeloiltoncajuhy.com.br\/site\/wp-json\/wp\/v2\/media\/14224"}],"wp:attachment":[{"href":"https:\/\/blogdoeloiltoncajuhy.com.br\/site\/wp-json\/wp\/v2\/media?parent=14223"}],"wp:term":[{"taxonomy":"category","embeddable":true,"href":"https:\/\/blogdoeloiltoncajuhy.com.br\/site\/wp-json\/wp\/v2\/categories?post=14223"},{"taxonomy":"post_tag","embeddable":true,"href":"https:\/\/blogdoeloiltoncajuhy.com.br\/site\/wp-json\/wp\/v2\/tags?post=14223"}],"curies":[{"name":"wp","href":"https:\/\/api.w.org\/{rel}","templated":true}]}}