{"id":14215,"date":"2016-12-21T19:49:14","date_gmt":"2016-12-21T22:49:14","guid":{"rendered":"http:\/\/blogdoeloiltoncajuhy.com.br\/site\/?p=14215"},"modified":"2016-12-21T19:49:14","modified_gmt":"2016-12-21T22:49:14","slug":"comece-a-quinta-feira-meditando-o-seu-nome-e-santo-e-sua-misericordia-se-estende-de-geracao-em-geracao-lc-146-56","status":"publish","type":"post","link":"https:\/\/blogdoeloiltoncajuhy.com.br\/site\/comece-a-quinta-feira-meditando-o-seu-nome-e-santo-e-sua-misericordia-se-estende-de-geracao-em-geracao-lc-146-56\/","title":{"rendered":"COMECE A QUINTA-FEIRA MEDITANDO: &#8220;O seu nome \u00e9 santo, e sua miseric\u00f3rdia se estende de gera\u00e7\u00e3o em gera\u00e7\u00e3o&#8221; &#8211; Lc 1,46-56"},"content":{"rendered":"<p><a href=\"https:\/\/i0.wp.com\/blogdoeloiltoncajuhy.com.br\/site\/wp-content\/uploads\/2015\/10\/liturgia_diaria.jpg\"><img data-recalc-dims=\"1\" fetchpriority=\"high\" decoding=\"async\" class=\"aligncenter wp-image-4757 size-medium\" src=\"https:\/\/i0.wp.com\/blogdoeloiltoncajuhy.com.br\/site\/wp-content\/uploads\/2015\/10\/liturgia_diaria.jpg?resize=300%2C227\" width=\"300\" height=\"227\" srcset=\"https:\/\/i0.wp.com\/blogdoeloiltoncajuhy.com.br\/site\/wp-content\/uploads\/2015\/10\/liturgia_diaria.jpg?resize=300%2C227&amp;ssl=1 300w, https:\/\/i0.wp.com\/blogdoeloiltoncajuhy.com.br\/site\/wp-content\/uploads\/2015\/10\/liturgia_diaria.jpg?resize=250%2C189&amp;ssl=1 250w, https:\/\/i0.wp.com\/blogdoeloiltoncajuhy.com.br\/site\/wp-content\/uploads\/2015\/10\/liturgia_diaria.jpg?w=449&amp;ssl=1 449w\" sizes=\"(max-width: 300px) 100vw, 300px\" \/><\/a>Naquele tempo, Maria disse: \u201cA minha alma engrandece o Senhor, e o meu esp\u00edrito se alegra em Deus, meu Salvador, porque olhou para a humildade de sua serva. Doravante todas as gera\u00e7\u00f5es me chamar\u00e3o bem-aventurada, porque o Todo-poderoso fez grandes coisas em meu favor. O seu nome \u00e9 santo, e sua miseric\u00f3rdia se estende, de gera\u00e7\u00e3o em gera\u00e7\u00e3o, a todos os que o temem.<\/p>\n<p>Ele mostrou a for\u00e7a de seu bra\u00e7o: dispersou os soberbos de cora\u00e7\u00e3o. Derrubou do trono os poderosos e elevou os humildes. Encheu de bens os famintos, e despediu os ricos de m\u00e3os vazias. Socorreu Israel, seu servo, lembrando-se de sua miseric\u00f3rdia, conforme prometera aos nossos pais, em favor de Abra\u00e3o e de sua descend\u00eancia, para sempre\u201d. Maria ficou tr\u00eas meses com Isabel; depois voltou para casa.<\/p>\n<p><em>*<a href=\"http:\/\/liturgia.cancaonova.com\/liturgia\/preparacao-proxima-do-natal-quinta-feira-22122016\/\"><strong>Can\u00e7\u00e3o Nova<\/strong><\/a><\/em><\/p>\n","protected":false},"excerpt":{"rendered":"<p>Naquele tempo, Maria disse: \u201cA minha alma engrandece o Senhor, e o meu esp\u00edrito se alegra em Deus, meu Salvador, porque olhou para a humildade de sua serva. Doravante todas as gera\u00e7\u00f5es me chamar\u00e3o bem-aventurada, porque o Todo-poderoso fez grandes coisas em meu favor. O seu nome \u00e9 santo, e sua miseric\u00f3rdia se estende, de [&hellip;]<\/p>\n","protected":false},"author":2,"featured_media":0,"comment_status":"open","ping_status":"open","sticky":false,"template":"","format":"standard","meta":{"_acf_changed":false,"_monsterinsights_skip_tracking":false,"_monsterinsights_sitenote_active":false,"_monsterinsights_sitenote_note":"","_monsterinsights_sitenote_category":0,"_jetpack_memberships_contains_paid_content":false,"footnotes":"","jetpack_publicize_message":"","jetpack_publicize_feature_enabled":true,"jetpack_social_post_already_shared":true,"jetpack_social_options":{"image_generator_settings":{"template":"highway","default_image_id":0,"font":"","enabled":false},"version":2}},"categories":[1,9],"tags":[],"class_list":["post-14215","post","type-post","status-publish","format-standard","hentry","category-noticias","category-reflexao"],"acf":[],"jetpack_publicize_connections":[],"jetpack_featured_media_url":"","jetpack_sharing_enabled":true,"publishpress_future_workflow_manual_trigger":{"enabledWorkflows":[]},"_links":{"self":[{"href":"https:\/\/blogdoeloiltoncajuhy.com.br\/site\/wp-json\/wp\/v2\/posts\/14215","targetHints":{"allow":["GET"]}}],"collection":[{"href":"https:\/\/blogdoeloiltoncajuhy.com.br\/site\/wp-json\/wp\/v2\/posts"}],"about":[{"href":"https:\/\/blogdoeloiltoncajuhy.com.br\/site\/wp-json\/wp\/v2\/types\/post"}],"author":[{"embeddable":true,"href":"https:\/\/blogdoeloiltoncajuhy.com.br\/site\/wp-json\/wp\/v2\/users\/2"}],"replies":[{"embeddable":true,"href":"https:\/\/blogdoeloiltoncajuhy.com.br\/site\/wp-json\/wp\/v2\/comments?post=14215"}],"version-history":[{"count":1,"href":"https:\/\/blogdoeloiltoncajuhy.com.br\/site\/wp-json\/wp\/v2\/posts\/14215\/revisions"}],"predecessor-version":[{"id":14216,"href":"https:\/\/blogdoeloiltoncajuhy.com.br\/site\/wp-json\/wp\/v2\/posts\/14215\/revisions\/14216"}],"wp:attachment":[{"href":"https:\/\/blogdoeloiltoncajuhy.com.br\/site\/wp-json\/wp\/v2\/media?parent=14215"}],"wp:term":[{"taxonomy":"category","embeddable":true,"href":"https:\/\/blogdoeloiltoncajuhy.com.br\/site\/wp-json\/wp\/v2\/categories?post=14215"},{"taxonomy":"post_tag","embeddable":true,"href":"https:\/\/blogdoeloiltoncajuhy.com.br\/site\/wp-json\/wp\/v2\/tags?post=14215"}],"curies":[{"name":"wp","href":"https:\/\/api.w.org\/{rel}","templated":true}]}}