{"id":14209,"date":"2016-12-21T19:36:16","date_gmt":"2016-12-21T22:36:16","guid":{"rendered":"http:\/\/blogdoeloiltoncajuhy.com.br\/site\/?p=14209"},"modified":"2016-12-21T19:36:16","modified_gmt":"2016-12-21T22:36:16","slug":"carteira-nacional-de-habilitacao-muda-visual-para-inibir-falsificacao","status":"publish","type":"post","link":"https:\/\/blogdoeloiltoncajuhy.com.br\/site\/carteira-nacional-de-habilitacao-muda-visual-para-inibir-falsificacao\/","title":{"rendered":"Carteira Nacional de Habilita\u00e7\u00e3o muda visual para inibir falsifica\u00e7\u00e3o"},"content":{"rendered":"<p style=\"text-align: center;\"><em><strong>Altera\u00e7\u00f5es ser\u00e3o feitas a partir de janeiro nos documentos novos.\u00a0Quem tem CNH v\u00e1lida n\u00e3o precisar\u00e1 trocar antecipadamente<\/strong><\/em><\/p>\n<figure id=\"attachment_14210\" aria-describedby=\"caption-attachment-14210\" style=\"width: 620px\" class=\"wp-caption aligncenter\"><a href=\"https:\/\/i0.wp.com\/blogdoeloiltoncajuhy.com.br\/site\/wp-content\/uploads\/2016\/12\/cnh-nova.jpg\"><img data-recalc-dims=\"1\" fetchpriority=\"high\" decoding=\"async\" class=\"wp-image-14210 size-full\" src=\"https:\/\/i0.wp.com\/blogdoeloiltoncajuhy.com.br\/site\/wp-content\/uploads\/2016\/12\/cnh-nova.jpg?resize=620%2C550\" width=\"620\" height=\"550\" srcset=\"https:\/\/i0.wp.com\/blogdoeloiltoncajuhy.com.br\/site\/wp-content\/uploads\/2016\/12\/cnh-nova.jpg?w=620&amp;ssl=1 620w, https:\/\/i0.wp.com\/blogdoeloiltoncajuhy.com.br\/site\/wp-content\/uploads\/2016\/12\/cnh-nova.jpg?resize=300%2C266&amp;ssl=1 300w, https:\/\/i0.wp.com\/blogdoeloiltoncajuhy.com.br\/site\/wp-content\/uploads\/2016\/12\/cnh-nova.jpg?resize=250%2C222&amp;ssl=1 250w\" sizes=\"(max-width: 620px) 100vw, 620px\" \/><\/a><figcaption id=\"caption-attachment-14210\" class=\"wp-caption-text\">Carteira Nacional de Habilita\u00e7\u00e3o ter\u00e1 novo visual e itens de seguran\u00e7a a partir de janeiro de 2017 (Foto: Divulga\u00e7\u00e3o\/Detran-SP)<\/figcaption><\/figure>\n<p style=\"text-align: left;\">A Carteira Nacional de Habilita\u00e7\u00e3o (CNH) emitida a partir do pr\u00f3ximo dia 2 janeiro ter\u00e1 novas cores e itens de seguran\u00e7a. As mudan\u00e7as s\u00e3o v\u00e1lidas para todo o pa\u00eds e foram determinadas em uma <strong><a href=\"http:\/\/www.denatran.gov.br\/images\/Resolucoes\/Resolucao59820162.pdf\" target=\"_blank\">resolu\u00e7\u00e3o<\/a><\/strong> divulgada pelo Conselho Nacional de Tr\u00e2nsito (Contran) em maio \u00faltimo.<\/p>\n<p style=\"text-align: left;\">Quem tem carteira dentro da validade n\u00e3o precisar\u00e1 troc\u00e1-la pela nova antecipadamente. Os procedimentos para obter ou renovar a habilita\u00e7\u00e3o tamb\u00e9m permanecem os mesmos.\u00a0Uma das principais altera\u00e7\u00f5es para as novas CNHs ser\u00e1 a troca da tinta azul esverdeada da tarja que fica no topo do documento atual, acima da foto de identifica\u00e7\u00e3o do cidad\u00e3o, para a cor preta.<\/p>\n<p style=\"text-align: left;\">A impress\u00e3o continua em alto relevo e a tarja passa a ter o mapa do estado respons\u00e1vel pela emiss\u00e3o da habilita\u00e7\u00e3o, do lado direito.\u00a0A nova CNH tamb\u00e9m ter\u00e1 dois n\u00fameros de identifica\u00e7\u00e3o nacional \u2013 Registro Nacional e N\u00famero do Espelho da CNH \u2013 e um n\u00famero de identifica\u00e7\u00e3o estadual, que \u00e9 o n\u00famero do formul\u00e1rio Renach (Registro Nacional de Condutores Habilitados).<\/p>\n<p style=\"text-align: left;\"><strong>Tinta especial<\/strong><br \/>\nNo alto do lado esquerdo, sob o bras\u00e3o da Rep\u00fablica, a imagem do mapa do Brasil passa a ser impressa com tinta especial de seguran\u00e7a, que tamb\u00e9m dificulta a falsifica\u00e7\u00e3o.<\/p>\n<p>Todo o fundo do documento vai ficar mais amarelado e alguns elementos gr\u00e1ficos, como n\u00fameros, poder\u00e3o ser conferidos com o uso de luz ultravioleta.<\/p>\n<p>O documento ganhar\u00e1 bras\u00f5es da Rep\u00fablica impressos que s\u00f3 ser\u00e3o vistos com o uso de luz negra.<br \/>\nNa parte de baixo, haver\u00e1 uma holografia com a sigla CNH impressa repetidas vezes. Al\u00e9m disso, aparecem novos fios de microletras que tamb\u00e9m servem para dificultar falsifica\u00e7\u00f5es.<\/p>\n<p>Os itens de controle de seguran\u00e7a incluem mais elementos em relevo e em microimpress\u00e3o.<br \/>\nO documento ganhar\u00e1 um c\u00f3digo num\u00e9rico de valida\u00e7\u00e3o composto pelos dados individuais de cada CNH. Esse c\u00f3digo vai permitir aos agentes de tr\u00e2nsito validar a habilita\u00e7\u00e3o por meio de um aplicativo que deve ser disponibilizado pelo Denatran.<\/p>\n<p><em>*Do G1, em S\u00e3o Paulo<\/em><\/p>\n","protected":false},"excerpt":{"rendered":"<p>Altera\u00e7\u00f5es ser\u00e3o feitas a partir de janeiro nos documentos novos.\u00a0Quem tem CNH v\u00e1lida n\u00e3o precisar\u00e1 trocar antecipadamente A Carteira Nacional de Habilita\u00e7\u00e3o (CNH) emitida a partir do pr\u00f3ximo dia 2 janeiro ter\u00e1 novas cores e itens de seguran\u00e7a. As mudan\u00e7as s\u00e3o v\u00e1lidas para todo o pa\u00eds e foram determinadas em uma resolu\u00e7\u00e3o divulgada pelo Conselho [&hellip;]<\/p>\n","protected":false},"author":2,"featured_media":14210,"comment_status":"open","ping_status":"open","sticky":false,"template":"","format":"standard","meta":{"_acf_changed":false,"_monsterinsights_skip_tracking":false,"_monsterinsights_sitenote_active":false,"_monsterinsights_sitenote_note":"","_monsterinsights_sitenote_category":0,"_jetpack_memberships_contains_paid_content":false,"footnotes":"","jetpack_publicize_message":"","jetpack_publicize_feature_enabled":true,"jetpack_social_post_already_shared":true,"jetpack_social_options":{"image_generator_settings":{"template":"highway","default_image_id":0,"font":"","enabled":false},"version":2}},"categories":[5,1],"tags":[],"class_list":["post-14209","post","type-post","status-publish","format-standard","has-post-thumbnail","hentry","category-cotidiano","category-noticias"],"acf":[],"jetpack_publicize_connections":[],"jetpack_featured_media_url":"https:\/\/i0.wp.com\/blogdoeloiltoncajuhy.com.br\/site\/wp-content\/uploads\/2016\/12\/cnh-nova.jpg?fit=620%2C550&ssl=1","jetpack_sharing_enabled":true,"publishpress_future_workflow_manual_trigger":{"enabledWorkflows":[]},"_links":{"self":[{"href":"https:\/\/blogdoeloiltoncajuhy.com.br\/site\/wp-json\/wp\/v2\/posts\/14209","targetHints":{"allow":["GET"]}}],"collection":[{"href":"https:\/\/blogdoeloiltoncajuhy.com.br\/site\/wp-json\/wp\/v2\/posts"}],"about":[{"href":"https:\/\/blogdoeloiltoncajuhy.com.br\/site\/wp-json\/wp\/v2\/types\/post"}],"author":[{"embeddable":true,"href":"https:\/\/blogdoeloiltoncajuhy.com.br\/site\/wp-json\/wp\/v2\/users\/2"}],"replies":[{"embeddable":true,"href":"https:\/\/blogdoeloiltoncajuhy.com.br\/site\/wp-json\/wp\/v2\/comments?post=14209"}],"version-history":[{"count":1,"href":"https:\/\/blogdoeloiltoncajuhy.com.br\/site\/wp-json\/wp\/v2\/posts\/14209\/revisions"}],"predecessor-version":[{"id":14211,"href":"https:\/\/blogdoeloiltoncajuhy.com.br\/site\/wp-json\/wp\/v2\/posts\/14209\/revisions\/14211"}],"wp:featuredmedia":[{"embeddable":true,"href":"https:\/\/blogdoeloiltoncajuhy.com.br\/site\/wp-json\/wp\/v2\/media\/14210"}],"wp:attachment":[{"href":"https:\/\/blogdoeloiltoncajuhy.com.br\/site\/wp-json\/wp\/v2\/media?parent=14209"}],"wp:term":[{"taxonomy":"category","embeddable":true,"href":"https:\/\/blogdoeloiltoncajuhy.com.br\/site\/wp-json\/wp\/v2\/categories?post=14209"},{"taxonomy":"post_tag","embeddable":true,"href":"https:\/\/blogdoeloiltoncajuhy.com.br\/site\/wp-json\/wp\/v2\/tags?post=14209"}],"curies":[{"name":"wp","href":"https:\/\/api.w.org\/{rel}","templated":true}]}}