{"id":14195,"date":"2016-12-21T10:10:27","date_gmt":"2016-12-21T13:10:27","guid":{"rendered":"http:\/\/blogdoeloiltoncajuhy.com.br\/site\/?p=14195"},"modified":"2016-12-21T10:10:27","modified_gmt":"2016-12-21T13:10:27","slug":"bonfim-6o-bpm-realiza-parada-geral-de-fim-de-ano","status":"publish","type":"post","link":"https:\/\/blogdoeloiltoncajuhy.com.br\/site\/bonfim-6o-bpm-realiza-parada-geral-de-fim-de-ano\/","title":{"rendered":"BONFIM: 6\u00ba BPM realiza Parada Geral de fim de ano"},"content":{"rendered":"<p><a href=\"https:\/\/i0.wp.com\/blogdoeloiltoncajuhy.com.br\/site\/wp-content\/uploads\/2016\/12\/PM_parada-geral.jpg\"><img data-recalc-dims=\"1\" fetchpriority=\"high\" decoding=\"async\" class=\"aligncenter size-full wp-image-14196\" src=\"https:\/\/i0.wp.com\/blogdoeloiltoncajuhy.com.br\/site\/wp-content\/uploads\/2016\/12\/PM_parada-geral.jpg?resize=506%2C380\" alt=\"\" width=\"506\" height=\"380\" srcset=\"https:\/\/i0.wp.com\/blogdoeloiltoncajuhy.com.br\/site\/wp-content\/uploads\/2016\/12\/PM_parada-geral.jpg?w=506&amp;ssl=1 506w, https:\/\/i0.wp.com\/blogdoeloiltoncajuhy.com.br\/site\/wp-content\/uploads\/2016\/12\/PM_parada-geral.jpg?resize=300%2C225&amp;ssl=1 300w, https:\/\/i0.wp.com\/blogdoeloiltoncajuhy.com.br\/site\/wp-content\/uploads\/2016\/12\/PM_parada-geral.jpg?resize=250%2C188&amp;ssl=1 250w\" sizes=\"(max-width: 506px) 100vw, 506px\" \/><\/a>Nesta ter\u00e7a-feira (20), \u00e0s 8 horas, no audit\u00f3rio do Col\u00e9gio Estadual Senhor do Bonfim, o Sexto Batalh\u00e3o de Policia Militar (6\u00ba BPM), realizou a Parada Geral (reuni\u00e3o de tropa) alusiva ao natal e final de ano, com as presen\u00e7as do Comandante do Batalh\u00e3o, Ten Cel PM Jos\u00e9 Carlos Soares Mariano, demais oficiais e pra\u00e7as, do Pastor Josemario Jo\u00e3o da Silva (Igreja Batista Nova Si\u00e3o), dos representantes da Aspra e do Col\u00e9gio Sacramentinas.<\/p>\n<p>Participaram da Parada Geral, policiais de todas as 06 Companhias, das Coordenadorias e Se\u00e7\u00f5es do Batalh\u00e3o.<\/p>\n<p>A programa\u00e7\u00e3o contou com um momento c\u00edvico-militar, participa\u00e7\u00e3o musical do Projeto Filarm\u00f4nica do 6\u00ba BPM e homenagem aos policiais promovidos em 2016. Visando a confraterniza\u00e7\u00e3o e o estreitamento de amizades, o Batalh\u00e3o ofereceu um caf\u00e9 da manh\u00e3 \u00e0 tropa, antes do in\u00edcio da Parada.<\/p>\n<p>Nesta ocasi\u00e3o, o Comandante do Batalh\u00e3o, Ten Cel PM Soares, elogiou a tropa, que tem desenvolvido a miss\u00e3o policial com excel\u00eancia e dedica\u00e7\u00e3o, demonstrando compromisso com a causa da seguran\u00e7a p\u00fablica, assim como, consignando companheirismo e lealdade.<\/p>\n<p>O Comandante fez um balan\u00e7o das a\u00e7\u00f5es do Batalh\u00e3o, mostrando-se contente com os resultados, contudo, ressaltou que ainda h\u00e1 quest\u00f5es a serem melhoradas. Na oportunidade, o Ten Cel PM Soares, destacou os projetos sociais desenvolvidos em 2016 e outros a serem implementados em 2017, dentre eles, o Projeto Filarm\u00f4nica do 6\u00ba BPM, Proativo, Proerd, Programa de R\u00e1dio PM &amp; Comunidade na Sintonia do Bem, Cinema Comunit\u00e1rio, M\u00fasica nos Bairros, Comando Itinerante pelos Bairros e Projeto Pacto pela Sa\u00fade, sendo que os quatro \u00faltimos, ser\u00e3o desenvolvidos a partir de janeiro de 2017.<\/p>\n<p>Ele\u00a0finalizou a sua fala agradecendo a seus colaboradores (oficiais e pra\u00e7as) pelo empenho profissional, desejando a todos um feliz natal e um ano novo pr\u00f3spero e repleto de realiza\u00e7\u00f5es.<\/p>\n<p><em>*Pol\u00edcia Militar da Bahia \/\u00a06\u00ba Batalh\u00e3o de Pol\u00edcia Militar\u00a0Se\u00e7\u00e3o de Comunica\u00e7\u00e3o Social<\/em><\/p>\n","protected":false},"excerpt":{"rendered":"<p>Nesta ter\u00e7a-feira (20), \u00e0s 8 horas, no audit\u00f3rio do Col\u00e9gio Estadual Senhor do Bonfim, o Sexto Batalh\u00e3o de Policia Militar (6\u00ba BPM), realizou a Parada Geral (reuni\u00e3o de tropa) alusiva ao natal e final de ano, com as presen\u00e7as do Comandante do Batalh\u00e3o, Ten Cel PM Jos\u00e9 Carlos Soares Mariano, demais oficiais e pra\u00e7as, do [&hellip;]<\/p>\n","protected":false},"author":2,"featured_media":14196,"comment_status":"open","ping_status":"open","sticky":false,"template":"","format":"standard","meta":{"_acf_changed":false,"_monsterinsights_skip_tracking":false,"_monsterinsights_sitenote_active":false,"_monsterinsights_sitenote_note":"","_monsterinsights_sitenote_category":0,"_jetpack_memberships_contains_paid_content":false,"footnotes":"","jetpack_publicize_message":"","jetpack_publicize_feature_enabled":true,"jetpack_social_post_already_shared":true,"jetpack_social_options":{"image_generator_settings":{"template":"highway","default_image_id":0,"font":"","enabled":false},"version":2}},"categories":[5,1,4],"tags":[],"class_list":["post-14195","post","type-post","status-publish","format-standard","has-post-thumbnail","hentry","category-cotidiano","category-noticias","category-local"],"acf":[],"jetpack_publicize_connections":[],"jetpack_featured_media_url":"https:\/\/i0.wp.com\/blogdoeloiltoncajuhy.com.br\/site\/wp-content\/uploads\/2016\/12\/PM_parada-geral.jpg?fit=506%2C380&ssl=1","jetpack_sharing_enabled":true,"publishpress_future_workflow_manual_trigger":{"enabledWorkflows":[]},"_links":{"self":[{"href":"https:\/\/blogdoeloiltoncajuhy.com.br\/site\/wp-json\/wp\/v2\/posts\/14195","targetHints":{"allow":["GET"]}}],"collection":[{"href":"https:\/\/blogdoeloiltoncajuhy.com.br\/site\/wp-json\/wp\/v2\/posts"}],"about":[{"href":"https:\/\/blogdoeloiltoncajuhy.com.br\/site\/wp-json\/wp\/v2\/types\/post"}],"author":[{"embeddable":true,"href":"https:\/\/blogdoeloiltoncajuhy.com.br\/site\/wp-json\/wp\/v2\/users\/2"}],"replies":[{"embeddable":true,"href":"https:\/\/blogdoeloiltoncajuhy.com.br\/site\/wp-json\/wp\/v2\/comments?post=14195"}],"version-history":[{"count":1,"href":"https:\/\/blogdoeloiltoncajuhy.com.br\/site\/wp-json\/wp\/v2\/posts\/14195\/revisions"}],"predecessor-version":[{"id":14197,"href":"https:\/\/blogdoeloiltoncajuhy.com.br\/site\/wp-json\/wp\/v2\/posts\/14195\/revisions\/14197"}],"wp:featuredmedia":[{"embeddable":true,"href":"https:\/\/blogdoeloiltoncajuhy.com.br\/site\/wp-json\/wp\/v2\/media\/14196"}],"wp:attachment":[{"href":"https:\/\/blogdoeloiltoncajuhy.com.br\/site\/wp-json\/wp\/v2\/media?parent=14195"}],"wp:term":[{"taxonomy":"category","embeddable":true,"href":"https:\/\/blogdoeloiltoncajuhy.com.br\/site\/wp-json\/wp\/v2\/categories?post=14195"},{"taxonomy":"post_tag","embeddable":true,"href":"https:\/\/blogdoeloiltoncajuhy.com.br\/site\/wp-json\/wp\/v2\/tags?post=14195"}],"curies":[{"name":"wp","href":"https:\/\/api.w.org\/{rel}","templated":true}]}}