{"id":14189,"date":"2016-12-20T21:45:54","date_gmt":"2016-12-21T00:45:54","guid":{"rendered":"http:\/\/blogdoeloiltoncajuhy.com.br\/site\/?p=14189"},"modified":"2016-12-20T21:45:54","modified_gmt":"2016-12-21T00:45:54","slug":"comece-a-quarta-feira-meditando-bem-aventurada-aquela-que-acreditou-porque-sera-cumprido-o-que-o-senhor-lhe-prometeu-lc-139-45","status":"publish","type":"post","link":"https:\/\/blogdoeloiltoncajuhy.com.br\/site\/comece-a-quarta-feira-meditando-bem-aventurada-aquela-que-acreditou-porque-sera-cumprido-o-que-o-senhor-lhe-prometeu-lc-139-45\/","title":{"rendered":"COMECE A QUARTA-FEIRA MEDITANDO: \u201cBem-aventurada aquela que acreditou, porque ser\u00e1 cumprido o que o Senhor lhe prometeu\u201d &#8211; Lc 1,39-45"},"content":{"rendered":"<p><a href=\"https:\/\/i0.wp.com\/blogdoeloiltoncajuhy.com.br\/site\/wp-content\/uploads\/2016\/09\/liturgia_set_16-2.jpg\"><img data-recalc-dims=\"1\" fetchpriority=\"high\" decoding=\"async\" class=\"wp-image-12279 size-medium alignleft\" src=\"https:\/\/i0.wp.com\/blogdoeloiltoncajuhy.com.br\/site\/wp-content\/uploads\/2016\/09\/liturgia_set_16-2.jpg?resize=300%2C169\" width=\"300\" height=\"169\" srcset=\"https:\/\/i0.wp.com\/blogdoeloiltoncajuhy.com.br\/site\/wp-content\/uploads\/2016\/09\/liturgia_set_16-2.jpg?resize=300%2C169&amp;ssl=1 300w, https:\/\/i0.wp.com\/blogdoeloiltoncajuhy.com.br\/site\/wp-content\/uploads\/2016\/09\/liturgia_set_16-2.jpg?resize=250%2C141&amp;ssl=1 250w, https:\/\/i0.wp.com\/blogdoeloiltoncajuhy.com.br\/site\/wp-content\/uploads\/2016\/09\/liturgia_set_16-2.jpg?w=320&amp;ssl=1 320w\" sizes=\"(max-width: 300px) 100vw, 300px\" \/><\/a>Naqueles dias, Maria partiu para a regi\u00e3o montanhosa, dirigindo-se, apressadamente, a uma cidade da Judeia.<\/p>\n<p>Entrou na casa de Zacarias e cumprimentou Isabel. Quando Isabel ouviu a sauda\u00e7\u00e3o de Maria, a crian\u00e7a pulou no seu ventre e Isabel ficou cheia do Esp\u00edrito Santo.<\/p>\n<p>Com um grande grito, exclamou: \u201cBendita \u00e9s tu entre as mulheres e bendito \u00e9 o fruto do teu ventre!\u201d Como posso merecer que a m\u00e3e do meu Senhor me venha visitar? Logo que a tua sauda\u00e7\u00e3o chegou aos meus ouvidos, a crian\u00e7a pulou de alegria no meu ventre.<\/p>\n<p>\u201cBem-aventurada aquela que acreditou, porque ser\u00e1 cumprido o que o Senhor lhe prometeu\u201d.<\/p>\n<p><em><strong>*<a href=\"http:\/\/liturgia.cancaonova.com\/liturgia\/preparacao-proxima-do-natal-quarta-feira-21122016\/\">Can\u00e7\u00e3o Nova<\/a><\/strong><\/em><\/p>\n","protected":false},"excerpt":{"rendered":"<p>Naqueles dias, Maria partiu para a regi\u00e3o montanhosa, dirigindo-se, apressadamente, a uma cidade da Judeia. Entrou na casa de Zacarias e cumprimentou Isabel. Quando Isabel ouviu a sauda\u00e7\u00e3o de Maria, a crian\u00e7a pulou no seu ventre e Isabel ficou cheia do Esp\u00edrito Santo. Com um grande grito, exclamou: \u201cBendita \u00e9s tu entre as mulheres e [&hellip;]<\/p>\n","protected":false},"author":2,"featured_media":0,"comment_status":"open","ping_status":"open","sticky":false,"template":"","format":"standard","meta":{"_acf_changed":false,"_monsterinsights_skip_tracking":false,"_monsterinsights_sitenote_active":false,"_monsterinsights_sitenote_note":"","_monsterinsights_sitenote_category":0,"_jetpack_memberships_contains_paid_content":false,"footnotes":"","jetpack_publicize_message":"","jetpack_publicize_feature_enabled":true,"jetpack_social_post_already_shared":true,"jetpack_social_options":{"image_generator_settings":{"template":"highway","default_image_id":0,"font":"","enabled":false},"version":2}},"categories":[1,9],"tags":[],"class_list":["post-14189","post","type-post","status-publish","format-standard","hentry","category-noticias","category-reflexao"],"acf":[],"jetpack_publicize_connections":[],"jetpack_featured_media_url":"","jetpack_sharing_enabled":true,"publishpress_future_workflow_manual_trigger":{"enabledWorkflows":[]},"_links":{"self":[{"href":"https:\/\/blogdoeloiltoncajuhy.com.br\/site\/wp-json\/wp\/v2\/posts\/14189","targetHints":{"allow":["GET"]}}],"collection":[{"href":"https:\/\/blogdoeloiltoncajuhy.com.br\/site\/wp-json\/wp\/v2\/posts"}],"about":[{"href":"https:\/\/blogdoeloiltoncajuhy.com.br\/site\/wp-json\/wp\/v2\/types\/post"}],"author":[{"embeddable":true,"href":"https:\/\/blogdoeloiltoncajuhy.com.br\/site\/wp-json\/wp\/v2\/users\/2"}],"replies":[{"embeddable":true,"href":"https:\/\/blogdoeloiltoncajuhy.com.br\/site\/wp-json\/wp\/v2\/comments?post=14189"}],"version-history":[{"count":1,"href":"https:\/\/blogdoeloiltoncajuhy.com.br\/site\/wp-json\/wp\/v2\/posts\/14189\/revisions"}],"predecessor-version":[{"id":14190,"href":"https:\/\/blogdoeloiltoncajuhy.com.br\/site\/wp-json\/wp\/v2\/posts\/14189\/revisions\/14190"}],"wp:attachment":[{"href":"https:\/\/blogdoeloiltoncajuhy.com.br\/site\/wp-json\/wp\/v2\/media?parent=14189"}],"wp:term":[{"taxonomy":"category","embeddable":true,"href":"https:\/\/blogdoeloiltoncajuhy.com.br\/site\/wp-json\/wp\/v2\/categories?post=14189"},{"taxonomy":"post_tag","embeddable":true,"href":"https:\/\/blogdoeloiltoncajuhy.com.br\/site\/wp-json\/wp\/v2\/tags?post=14189"}],"curies":[{"name":"wp","href":"https:\/\/api.w.org\/{rel}","templated":true}]}}