{"id":14186,"date":"2016-12-20T21:39:56","date_gmt":"2016-12-21T00:39:56","guid":{"rendered":"http:\/\/blogdoeloiltoncajuhy.com.br\/site\/?p=14186"},"modified":"2016-12-20T21:39:56","modified_gmt":"2016-12-21T00:39:56","slug":"bonfim-mensagem-da-associacao-de-moradores-do-residencial-cidade-nova-iii","status":"publish","type":"post","link":"https:\/\/blogdoeloiltoncajuhy.com.br\/site\/bonfim-mensagem-da-associacao-de-moradores-do-residencial-cidade-nova-iii\/","title":{"rendered":"BONFIM: Mensagem da Associa\u00e7\u00e3o de Moradores do Residencial Cidade Nova III"},"content":{"rendered":"<p><a href=\"https:\/\/i0.wp.com\/blogdoeloiltoncajuhy.com.br\/site\/wp-content\/uploads\/2016\/12\/CART%C3%83O-DE-NATAL-ASSOCIA%C3%87%C3%83O-e1482280778144.jpg\"><img data-recalc-dims=\"1\" fetchpriority=\"high\" decoding=\"async\" class=\"aligncenter size-full wp-image-14187\" src=\"https:\/\/i0.wp.com\/blogdoeloiltoncajuhy.com.br\/site\/wp-content\/uploads\/2016\/12\/CART%C3%83O-DE-NATAL-ASSOCIA%C3%87%C3%83O-e1482280778144.jpg?resize=600%2C398\" alt=\"\" width=\"600\" height=\"398\" \/><\/a>A Associa\u00e7\u00e3o dos Moradores do Residencial Cidade Nova III em Senhor do Bonfim, atrav\u00e9s de sua Presidente Lucineide Costa, vem desejar aos seus associados, moradores do bairro e popula\u00e7\u00e3o bonfinense em geral um <strong>Feliz Natal<\/strong> e <strong>Pr\u00f3spero Ano Novo<\/strong>.<\/p>\n","protected":false},"excerpt":{"rendered":"<p>A Associa\u00e7\u00e3o dos Moradores do Residencial Cidade Nova III em Senhor do Bonfim, atrav\u00e9s de sua Presidente Lucineide Costa, vem desejar aos seus associados, moradores do bairro e popula\u00e7\u00e3o bonfinense em geral um Feliz Natal e Pr\u00f3spero Ano Novo.<\/p>\n","protected":false},"author":2,"featured_media":14187,"comment_status":"open","ping_status":"open","sticky":false,"template":"","format":"standard","meta":{"_acf_changed":false,"_monsterinsights_skip_tracking":false,"_monsterinsights_sitenote_active":false,"_monsterinsights_sitenote_note":"","_monsterinsights_sitenote_category":0,"_jetpack_memberships_contains_paid_content":false,"footnotes":"","jetpack_publicize_message":"","jetpack_publicize_feature_enabled":true,"jetpack_social_post_already_shared":true,"jetpack_social_options":{"image_generator_settings":{"template":"highway","default_image_id":0,"font":"","enabled":false},"version":2}},"categories":[1,4],"tags":[],"class_list":["post-14186","post","type-post","status-publish","format-standard","has-post-thumbnail","hentry","category-noticias","category-local"],"acf":[],"jetpack_publicize_connections":[],"jetpack_featured_media_url":"https:\/\/i0.wp.com\/blogdoeloiltoncajuhy.com.br\/site\/wp-content\/uploads\/2016\/12\/CART%C3%83O-DE-NATAL-ASSOCIA%C3%87%C3%83O-e1482280778144.jpg?fit=600%2C398&ssl=1","jetpack_sharing_enabled":true,"publishpress_future_workflow_manual_trigger":{"enabledWorkflows":[]},"_links":{"self":[{"href":"https:\/\/blogdoeloiltoncajuhy.com.br\/site\/wp-json\/wp\/v2\/posts\/14186","targetHints":{"allow":["GET"]}}],"collection":[{"href":"https:\/\/blogdoeloiltoncajuhy.com.br\/site\/wp-json\/wp\/v2\/posts"}],"about":[{"href":"https:\/\/blogdoeloiltoncajuhy.com.br\/site\/wp-json\/wp\/v2\/types\/post"}],"author":[{"embeddable":true,"href":"https:\/\/blogdoeloiltoncajuhy.com.br\/site\/wp-json\/wp\/v2\/users\/2"}],"replies":[{"embeddable":true,"href":"https:\/\/blogdoeloiltoncajuhy.com.br\/site\/wp-json\/wp\/v2\/comments?post=14186"}],"version-history":[{"count":1,"href":"https:\/\/blogdoeloiltoncajuhy.com.br\/site\/wp-json\/wp\/v2\/posts\/14186\/revisions"}],"predecessor-version":[{"id":14188,"href":"https:\/\/blogdoeloiltoncajuhy.com.br\/site\/wp-json\/wp\/v2\/posts\/14186\/revisions\/14188"}],"wp:featuredmedia":[{"embeddable":true,"href":"https:\/\/blogdoeloiltoncajuhy.com.br\/site\/wp-json\/wp\/v2\/media\/14187"}],"wp:attachment":[{"href":"https:\/\/blogdoeloiltoncajuhy.com.br\/site\/wp-json\/wp\/v2\/media?parent=14186"}],"wp:term":[{"taxonomy":"category","embeddable":true,"href":"https:\/\/blogdoeloiltoncajuhy.com.br\/site\/wp-json\/wp\/v2\/categories?post=14186"},{"taxonomy":"post_tag","embeddable":true,"href":"https:\/\/blogdoeloiltoncajuhy.com.br\/site\/wp-json\/wp\/v2\/tags?post=14186"}],"curies":[{"name":"wp","href":"https:\/\/api.w.org\/{rel}","templated":true}]}}