{"id":14183,"date":"2016-12-20T21:31:07","date_gmt":"2016-12-21T00:31:07","guid":{"rendered":"http:\/\/blogdoeloiltoncajuhy.com.br\/site\/?p=14183"},"modified":"2016-12-20T21:31:07","modified_gmt":"2016-12-21T00:31:07","slug":"bahia-faz-novo-acordo-para-ficar-com-o-fazendao-e-a-cidade-tricolor","status":"publish","type":"post","link":"https:\/\/blogdoeloiltoncajuhy.com.br\/site\/bahia-faz-novo-acordo-para-ficar-com-o-fazendao-e-a-cidade-tricolor\/","title":{"rendered":"Bahia faz novo acordo para ficar com o Fazend\u00e3o e a Cidade Tricolor"},"content":{"rendered":"<figure id=\"attachment_14184\" aria-describedby=\"caption-attachment-14184\" style=\"width: 550px\" class=\"wp-caption aligncenter\"><a href=\"https:\/\/i0.wp.com\/blogdoeloiltoncajuhy.com.br\/site\/wp-content\/uploads\/2016\/12\/cidade-tricolor.jpg\"><img data-recalc-dims=\"1\" fetchpriority=\"high\" decoding=\"async\" class=\"wp-image-14184 size-full\" src=\"https:\/\/i0.wp.com\/blogdoeloiltoncajuhy.com.br\/site\/wp-content\/uploads\/2016\/12\/cidade-tricolor-e1482280205459.jpg?resize=550%2C367\" width=\"550\" height=\"367\" \/><\/a><figcaption id=\"caption-attachment-14184\" class=\"wp-caption-text\">\u2018Inaugurada\u2019 em 2013, Cidade Tricolor est\u00e1 sem uso desde ent\u00e3o (Foto: Felipe Oliveira \/ EC Bahia)<\/figcaption><\/figure>\n<p>Como anda a negocia\u00e7\u00e3o do Fazend\u00e3o e a Cidade Tricolor? A pergunta aparece em todas as entrevistas de dirigentes do Bahia, mas na \u00faltima coletiva o presidente Marcelo Sant\u2019Ana colocou um algo a mais: \u201cQuem sabe n\u00e3o teremos um presente de natal? Ou dois, n\u00e9?\u201d, brincou.<\/p>\n<p>\u00c9 fato. O Bahia j\u00e1 chegou a um acordo com a OAS, construtora da Cidade Tricolor, com a operadora financeira Planner e tr\u00eas bancos \u2013 n\u00e3o revelados \u2013 que fizeram parte do neg\u00f3cio. Resta apenas assinar, o que pode acontecer ainda em 2016.<\/p>\n<p>Trata-se de um ajuste do acordo assinado entre o clube e as demais partes em 2014, na gest\u00e3o de Fernando Schmidt, e que n\u00e3o p\u00f4de ser cumprido por dificuldades financeiras do Bahia e da construtora. S\u00f3 os valores mudaram.<\/p>\n<p>Como no acordo anterior, o Bahia voltar\u00e1 a ter o Fazend\u00e3o \u2013 sob posse da OAS como permuta para a constru\u00e7\u00e3o do novo centro de treinamentos \u2013 e comprar\u00e1 a Cidade Tricolor. O pagamento seguir\u00e1 sendo feito parte em dinheiro e parte em Transcons \u2013 moeda do setor imobili\u00e1rio conseguido junto \u00e0 Prefeitura de Salvador por conta da desapropria\u00e7\u00e3o da sede de praia do clube, em 2013.<\/p>\n<p>A diferen\u00e7a \u00e9 que, segundo apurado por A TARDE, o Bahia agora pagar\u00e1 pouco mais de R$ 7 milh\u00f5es, de uma s\u00f3 vez, no ato da homologa\u00e7\u00e3o na Justi\u00e7a. No acordo anterior, seriam R$ 10 milh\u00f5es pagos de maneira parcelada em dez anos, valor que seria acrescido por corre\u00e7\u00e3o e juros, al\u00e9m de impostos e taxas judiciais.<\/p>\n<p>De acordo com o or\u00e7amento para 2017 apresentado ontem para o Conselho Deliberativo, o valor a ser pago em dinheiro no neg\u00f3cio ser\u00e1 de R$ 11,3 milh\u00f5es. Os R$ 4,3 milh\u00f5es a mais seriam referentes a impostos e taxas judiciais.<\/p>\n<p>Ainda de acordo com o or\u00e7amento, o valor em Transcons ser\u00e1 de 21,7 milh\u00f5es. Como a moeda imobili\u00e1ria tem deprecia\u00e7\u00e3o de aproximadamente 50%, o valor equivalente em reais seria de R$ 10,8 milh\u00f5es. No acordo anterior, o Bahia desembolsaria o equivalente a R$ 13,6 milh\u00f5es na moeda. Pela desapropria\u00e7\u00e3o, o clube ganhou da Prefeitura R$ 28 milh\u00f5es em Transcons.<\/p>\n<p>O acordo inicial, fechado em 2012, na gest\u00e3o de Marcelo Guimar\u00e3es Filho, previa como pagamento pela Cidade Tricolor a entrega do Fazend\u00e3o \u00e0 construtora, mais R$ 12 milh\u00f5es em dinheiro, o que nunca chegou a ser cumprido.<\/p>\n<p><strong>\u201cPequenas arestas\u201d<\/strong><\/p>\n<p>Ningu\u00e9m da diretoria tricolor fala sobre os valores do novo acordo: \u201cS\u00f3 fica certo quando estiver no papel\u201d, comenta o gerente jur\u00eddico Vitor Ferraz. \u201cMas j\u00e1 temos uma base de acordo, que envolveu muitos detalhes. N\u00e3o \u00e9 s\u00f3 a nossa rela\u00e7\u00e3o com a OAS, tem a rela\u00e7\u00e3o dela com a Planner e com os tr\u00eas bancos. Tudo isso j\u00e1 foi resolvido, restam apenas pequenas arestas\u201d, completou.<\/p>\n<p>Pedro Henriques, vice-presidente, prefere manter a cautela: \u201c\u00c9 a expectativa (assinar ainda em 2016), mas n\u00e3o podemos garantir. A Justi\u00e7a entra em recesso nesta semana, ent\u00e3o pode at\u00e9 ser que extrajudicialmente a gente entre em acordo, mas s\u00f3 seria homologado pela Justi\u00e7a ap\u00f3s o recesso\u201d.\u00a0O A TARDE tentou contato com a OAS, mas n\u00e3o obteve resposta at\u00e9 a publica\u00e7\u00e3o desta reportagem.<\/p>\n<p><em>*A Tarde<\/em><\/p>\n","protected":false},"excerpt":{"rendered":"<p>Como anda a negocia\u00e7\u00e3o do Fazend\u00e3o e a Cidade Tricolor? A pergunta aparece em todas as entrevistas de dirigentes do Bahia, mas na \u00faltima coletiva o presidente Marcelo Sant\u2019Ana colocou um algo a mais: \u201cQuem sabe n\u00e3o teremos um presente de natal? Ou dois, n\u00e9?\u201d, brincou. \u00c9 fato. O Bahia j\u00e1 chegou a um acordo [&hellip;]<\/p>\n","protected":false},"author":2,"featured_media":14184,"comment_status":"open","ping_status":"open","sticky":false,"template":"","format":"standard","meta":{"_acf_changed":false,"_monsterinsights_skip_tracking":false,"_monsterinsights_sitenote_active":false,"_monsterinsights_sitenote_note":"","_monsterinsights_sitenote_category":0,"_jetpack_memberships_contains_paid_content":false,"footnotes":"","jetpack_publicize_message":"","jetpack_publicize_feature_enabled":true,"jetpack_social_post_already_shared":true,"jetpack_social_options":{"image_generator_settings":{"template":"highway","default_image_id":0,"font":"","enabled":false},"version":2}},"categories":[6,1],"tags":[],"class_list":["post-14183","post","type-post","status-publish","format-standard","has-post-thumbnail","hentry","category-esportes","category-noticias"],"acf":[],"jetpack_publicize_connections":[],"jetpack_featured_media_url":"https:\/\/i0.wp.com\/blogdoeloiltoncajuhy.com.br\/site\/wp-content\/uploads\/2016\/12\/cidade-tricolor-e1482280205459.jpg?fit=550%2C367&ssl=1","jetpack_sharing_enabled":true,"publishpress_future_workflow_manual_trigger":{"enabledWorkflows":[]},"_links":{"self":[{"href":"https:\/\/blogdoeloiltoncajuhy.com.br\/site\/wp-json\/wp\/v2\/posts\/14183","targetHints":{"allow":["GET"]}}],"collection":[{"href":"https:\/\/blogdoeloiltoncajuhy.com.br\/site\/wp-json\/wp\/v2\/posts"}],"about":[{"href":"https:\/\/blogdoeloiltoncajuhy.com.br\/site\/wp-json\/wp\/v2\/types\/post"}],"author":[{"embeddable":true,"href":"https:\/\/blogdoeloiltoncajuhy.com.br\/site\/wp-json\/wp\/v2\/users\/2"}],"replies":[{"embeddable":true,"href":"https:\/\/blogdoeloiltoncajuhy.com.br\/site\/wp-json\/wp\/v2\/comments?post=14183"}],"version-history":[{"count":1,"href":"https:\/\/blogdoeloiltoncajuhy.com.br\/site\/wp-json\/wp\/v2\/posts\/14183\/revisions"}],"predecessor-version":[{"id":14185,"href":"https:\/\/blogdoeloiltoncajuhy.com.br\/site\/wp-json\/wp\/v2\/posts\/14183\/revisions\/14185"}],"wp:featuredmedia":[{"embeddable":true,"href":"https:\/\/blogdoeloiltoncajuhy.com.br\/site\/wp-json\/wp\/v2\/media\/14184"}],"wp:attachment":[{"href":"https:\/\/blogdoeloiltoncajuhy.com.br\/site\/wp-json\/wp\/v2\/media?parent=14183"}],"wp:term":[{"taxonomy":"category","embeddable":true,"href":"https:\/\/blogdoeloiltoncajuhy.com.br\/site\/wp-json\/wp\/v2\/categories?post=14183"},{"taxonomy":"post_tag","embeddable":true,"href":"https:\/\/blogdoeloiltoncajuhy.com.br\/site\/wp-json\/wp\/v2\/tags?post=14183"}],"curies":[{"name":"wp","href":"https:\/\/api.w.org\/{rel}","templated":true}]}}