{"id":14180,"date":"2016-12-20T12:40:37","date_gmt":"2016-12-20T15:40:37","guid":{"rendered":"http:\/\/blogdoeloiltoncajuhy.com.br\/site\/?p=14180"},"modified":"2016-12-20T12:40:37","modified_gmt":"2016-12-20T15:40:37","slug":"bonfim-radio-caraiba-lanca-campanha-em-prol-do-cantor-miguel-araujo","status":"publish","type":"post","link":"https:\/\/blogdoeloiltoncajuhy.com.br\/site\/bonfim-radio-caraiba-lanca-campanha-em-prol-do-cantor-miguel-araujo\/","title":{"rendered":"BONFIM: R\u00e1dio Cara\u00edba lan\u00e7a campanha em prol do Cantor Miguel Ara\u00fajo"},"content":{"rendered":"<p><a href=\"https:\/\/i0.wp.com\/blogdoeloiltoncajuhy.com.br\/site\/wp-content\/uploads\/2016\/11\/miguel-ara%C3%BAjo-e1479755134572.jpg\"><img data-recalc-dims=\"1\" fetchpriority=\"high\" decoding=\"async\" class=\"wp-image-13570 size-medium alignright\" src=\"https:\/\/i0.wp.com\/blogdoeloiltoncajuhy.com.br\/site\/wp-content\/uploads\/2016\/11\/miguel-ara%C3%BAjo.jpg?resize=300%2C300\" width=\"300\" height=\"300\" \/><\/a>A R\u00e1dio Cara\u00edba de Senhor do Bonfim lan\u00e7ou oficialmente na manh\u00e3 de hoje (20), a Campanha <strong>Amigo do Peito<\/strong>, com o objetivo de arrecadar recursos financeiros em prol do Cantor e Compositor Miguel Ara\u00fajo, que ser\u00e1 submetido a uma interven\u00e7\u00e3o cir\u00fargica em Salvador\u00a0para implanta\u00e7\u00e3o de uma\u00a0ponte de safena.<\/p>\n<p>Miguel est\u00e1 internado em um hospital da cidade de Morro do Chap\u00e9u, onde aguarda regula\u00e7\u00e3o para uma unidade de sa\u00fade da capital. Seu estado de sa\u00fade \u00e9 bom. Nossa reportagem conversou com o cantor ao meio dia de hoje (20).<\/p>\n<p>Ele disse que os m\u00e9dicos informaram que a regula\u00e7\u00e3o deve sair nas pr\u00f3ximas horas. Hoje, a equipe m\u00e9dica j\u00e1 deu in\u00edcio \u00e0 realiza\u00e7\u00e3o de s\u00e9rie de exames necess\u00e1rios para a transfer\u00eancia de Miguel Ara\u00fajo.<\/p>\n<p><strong>CONFIRA NA IMAGEM ABAIXO OS DETALHES DA CAMPANHA LAN\u00c7ADA PELA R\u00c1DIO CARA\u00cdBA:<\/strong><\/p>\n<p><a href=\"https:\/\/i0.wp.com\/blogdoeloiltoncajuhy.com.br\/site\/wp-content\/uploads\/2016\/12\/campanha-miguel-e1482248314924.jpg\"><img data-recalc-dims=\"1\" decoding=\"async\" class=\"aligncenter size-full wp-image-14181\" src=\"https:\/\/i0.wp.com\/blogdoeloiltoncajuhy.com.br\/site\/wp-content\/uploads\/2016\/12\/campanha-miguel-e1482248314924.jpg?resize=598%2C600\" alt=\"\" width=\"598\" height=\"600\" \/><\/a><\/p>\n<p>A comiss\u00e3o formada para realizar a campanha, informa que outra etapa ser\u00e1 lan\u00e7ada depois que a cirurgia for realizada, que ser\u00e1 o lan\u00e7amento de CD&#8217;s com os maiores sucessos do cantor.<\/p>\n<p><em>*BLOG DO ELOILTON CAJUHY<\/em><\/p>\n","protected":false},"excerpt":{"rendered":"<p>A R\u00e1dio Cara\u00edba de Senhor do Bonfim lan\u00e7ou oficialmente na manh\u00e3 de hoje (20), a Campanha Amigo do Peito, com o objetivo de arrecadar recursos financeiros em prol do Cantor e Compositor Miguel Ara\u00fajo, que ser\u00e1 submetido a uma interven\u00e7\u00e3o cir\u00fargica em Salvador\u00a0para implanta\u00e7\u00e3o de uma\u00a0ponte de safena. Miguel est\u00e1 internado em um hospital da [&hellip;]<\/p>\n","protected":false},"author":2,"featured_media":14181,"comment_status":"open","ping_status":"open","sticky":false,"template":"","format":"standard","meta":{"_acf_changed":false,"_monsterinsights_skip_tracking":false,"_monsterinsights_sitenote_active":false,"_monsterinsights_sitenote_note":"","_monsterinsights_sitenote_category":0,"_jetpack_memberships_contains_paid_content":false,"footnotes":"","jetpack_publicize_message":"","jetpack_publicize_feature_enabled":true,"jetpack_social_post_already_shared":true,"jetpack_social_options":{"image_generator_settings":{"template":"highway","default_image_id":0,"font":"","enabled":false},"version":2}},"categories":[8,1,4],"tags":[],"class_list":["post-14180","post","type-post","status-publish","format-standard","has-post-thumbnail","hentry","category-cultura","category-noticias","category-local"],"acf":[],"jetpack_publicize_connections":[],"jetpack_featured_media_url":"https:\/\/i0.wp.com\/blogdoeloiltoncajuhy.com.br\/site\/wp-content\/uploads\/2016\/12\/campanha-miguel-e1482248314924.jpg?fit=598%2C600&ssl=1","jetpack_sharing_enabled":true,"publishpress_future_workflow_manual_trigger":{"enabledWorkflows":[]},"_links":{"self":[{"href":"https:\/\/blogdoeloiltoncajuhy.com.br\/site\/wp-json\/wp\/v2\/posts\/14180","targetHints":{"allow":["GET"]}}],"collection":[{"href":"https:\/\/blogdoeloiltoncajuhy.com.br\/site\/wp-json\/wp\/v2\/posts"}],"about":[{"href":"https:\/\/blogdoeloiltoncajuhy.com.br\/site\/wp-json\/wp\/v2\/types\/post"}],"author":[{"embeddable":true,"href":"https:\/\/blogdoeloiltoncajuhy.com.br\/site\/wp-json\/wp\/v2\/users\/2"}],"replies":[{"embeddable":true,"href":"https:\/\/blogdoeloiltoncajuhy.com.br\/site\/wp-json\/wp\/v2\/comments?post=14180"}],"version-history":[{"count":1,"href":"https:\/\/blogdoeloiltoncajuhy.com.br\/site\/wp-json\/wp\/v2\/posts\/14180\/revisions"}],"predecessor-version":[{"id":14182,"href":"https:\/\/blogdoeloiltoncajuhy.com.br\/site\/wp-json\/wp\/v2\/posts\/14180\/revisions\/14182"}],"wp:featuredmedia":[{"embeddable":true,"href":"https:\/\/blogdoeloiltoncajuhy.com.br\/site\/wp-json\/wp\/v2\/media\/14181"}],"wp:attachment":[{"href":"https:\/\/blogdoeloiltoncajuhy.com.br\/site\/wp-json\/wp\/v2\/media?parent=14180"}],"wp:term":[{"taxonomy":"category","embeddable":true,"href":"https:\/\/blogdoeloiltoncajuhy.com.br\/site\/wp-json\/wp\/v2\/categories?post=14180"},{"taxonomy":"post_tag","embeddable":true,"href":"https:\/\/blogdoeloiltoncajuhy.com.br\/site\/wp-json\/wp\/v2\/tags?post=14180"}],"curies":[{"name":"wp","href":"https:\/\/api.w.org\/{rel}","templated":true}]}}