{"id":14175,"date":"2016-12-20T09:43:24","date_gmt":"2016-12-20T12:43:24","guid":{"rendered":"http:\/\/blogdoeloiltoncajuhy.com.br\/site\/?p=14175"},"modified":"2016-12-20T09:43:24","modified_gmt":"2016-12-20T12:43:24","slug":"educacao-pgr-defende-inconstitucionalidade-da-mp-do-ensino-medio","status":"publish","type":"post","link":"https:\/\/blogdoeloiltoncajuhy.com.br\/site\/educacao-pgr-defende-inconstitucionalidade-da-mp-do-ensino-medio\/","title":{"rendered":"EDUCA\u00c7\u00c3O: PGR defende inconstitucionalidade da MP do Ensino M\u00e9dio"},"content":{"rendered":"<figure id=\"attachment_10589\" aria-describedby=\"caption-attachment-10589\" style=\"width: 277px\" class=\"wp-caption alignleft\"><a href=\"https:\/\/i0.wp.com\/blogdoeloiltoncajuhy.com.br\/site\/wp-content\/uploads\/2016\/06\/predio_stf_-_valter_campanto_-_agencia_brasil_1.jpg\"><img data-recalc-dims=\"1\" decoding=\"async\" class=\"wp-image-10589 size-full\" src=\"https:\/\/i0.wp.com\/blogdoeloiltoncajuhy.com.br\/site\/wp-content\/uploads\/2016\/06\/predio_stf_-_valter_campanto_-_agencia_brasil_1.jpg?resize=277%2C160\" width=\"277\" height=\"160\" srcset=\"https:\/\/i0.wp.com\/blogdoeloiltoncajuhy.com.br\/site\/wp-content\/uploads\/2016\/06\/predio_stf_-_valter_campanto_-_agencia_brasil_1.jpg?w=277&amp;ssl=1 277w, https:\/\/i0.wp.com\/blogdoeloiltoncajuhy.com.br\/site\/wp-content\/uploads\/2016\/06\/predio_stf_-_valter_campanto_-_agencia_brasil_1.jpg?resize=250%2C144&amp;ssl=1 250w\" sizes=\"(max-width: 277px) 100vw, 277px\" \/><\/a><figcaption id=\"caption-attachment-10589\" class=\"wp-caption-text\">Pr\u00e9dio STF (Foto: Valter Campanto \/ Ag\u00eancia Brasil)<\/figcaption><\/figure>\n<p>O procurador-geral da Rep\u00fablica, Rodrigo Janot, posicionou-se contra a Medida Provis\u00f3ria do Ensino M\u00e9dio (MP 746\/2016). Em parecer enviado ontem\u00a0(19) ao Supremo Tribunal Federal (STF), Janot defende que a MP n\u00e3o apresenta os requisitos de relev\u00e2ncia e urg\u00eancia para edi\u00e7\u00e3o de medidas provis\u00f3rias, al\u00e9m de ferir diversos princ\u00edpios constitucionais.<\/p>\n<p>\u201cO desfazimento dos efeitos da concretiza\u00e7\u00e3o da reforma do ensino m\u00e9dio desenhada pela MP 746\/2016 conduziria a grave situa\u00e7\u00e3o de inseguran\u00e7a jur\u00eddica e a severos preju\u00edzos pedag\u00f3gicos e pessoais para toda a comunidade\u201d, diz Janot.<\/p>\n<p>A manifesta\u00e7\u00e3o faz parte da an\u00e1lise da A\u00e7\u00e3o Direta de Inconstitucionalidade (ADI) 5.599, proposta pelo PSOL. Segundo o partido, a norma viola os pressupostos exigidos pela Constitui\u00e7\u00e3o para edi\u00e7\u00e3o de medidas provis\u00f3rias. O partido sustenta que seria cristalina a aus\u00eancia do requisito constitucional da urg\u00eancia, al\u00e9m de desrespeitar o acesso amplo \u00e0 educa\u00e7\u00e3o e dificultar a redu\u00e7\u00e3o de desigualdades, ao promover verdadeiro retrocesso social.<\/p>\n<p>Segundo Janot, medida provis\u00f3ria, por seu pr\u00f3prio rito abreviado, n\u00e3o \u00e9 instrumento adequado para reformas estruturais em pol\u00edticas p\u00fablicas, \u201cmenos ainda em esfera crucial para o desenvolvimento do pa\u00eds, como \u00e9 a educa\u00e7\u00e3o\u201d. \u201cDemonstra\u00e7\u00e3o concreta de faltar urg\u00eancia para edi\u00e7\u00e3o precipitada da norma est\u00e1 no fato de que, se aprovada pelo Congresso Nacional ainda em 2016, a reforma s\u00f3 ser\u00e1 adotada nas escolas em 2018\u201d, argumenta.<\/p>\n<p>Janot destacou no parecer que a discuss\u00e3o da Base Nacional Comum Curricular (BNCC) \u00e9 complexa e vem sendo feita de maneira participativa h\u00e1 anos e \u201cn\u00e3o se pode admitir que projeto dessa magnitude e relev\u00e2ncia seja precipitado\u201d. De acordo com procurador, o pr\u00f3prio Minist\u00e9rio da Educa\u00e7\u00e3o (MEC) demonstra em seu site a complexidade do projeto e a necessidade de participa\u00e7\u00e3o democr\u00e1tica e amadurecimento.<\/p>\n<p>\u201cN\u00e3o parece aceit\u00e1vel nem compat\u00edvel com os princ\u00edpios constitucionais da finalidade, da efici\u00eancia e at\u00e9 da razoabilidade que tal mat\u00e9ria, de forma abrupta, passe a ser objeto de normas contidas em medida provis\u00f3ria, que atropelam do dia para a noite esse esfor\u00e7o t\u00e9cnico e gerencial do pr\u00f3prio MEC, em di\u00e1logo com numerosos especialistas e com a comunidade, ao longo de anos\u201d, diz.<\/p>\n<p>Para Janot, mudan\u00e7as a serem implantadas em sistema que envolve 28 redes p\u00fablicas de ensino (Uni\u00e3o, estados e Distrito Federal) e ampla rede privada precisam de amadurecimento, estabilidade e seguran\u00e7a jur\u00eddica, que o instrumento da medida provis\u00f3ria n\u00e3o pode conferir, por estar sujeito a altera\u00e7\u00f5es em curto espa\u00e7o de tempo pelo Congresso Nacional.<\/p>\n<p>Entre as irregularidades apontadas no parecer est\u00e1 a supress\u00e3o indevida do ensino de artes e educa\u00e7\u00e3o f\u00edsica. Segundo o procurador-geral, artes e cultura s\u00e3o dimens\u00f5es fundamentais para o pleno desenvolvimento humano, na medida em que aprimoram capacidades importantes como empatia, cr\u00edtica, pensamento criativo e sensibilidade. O parecer ainda aborda aspectos como a flexibiliza\u00e7\u00e3o na admiss\u00e3o de profissionais de educa\u00e7\u00e3o, a supress\u00e3o do ensino noturno e os itiner\u00e1rios formativos espec\u00edficos.<\/p>\n<p>Procurado, o Minist\u00e9rio da Educa\u00e7\u00e3o ainda n\u00e3o se manifestou sobre o assunto.<\/p>\n<p><em>*Ag\u00eancia Brasil<\/em><\/p>\n","protected":false},"excerpt":{"rendered":"<p>O procurador-geral da Rep\u00fablica, Rodrigo Janot, posicionou-se contra a Medida Provis\u00f3ria do Ensino M\u00e9dio (MP 746\/2016). Em parecer enviado ontem\u00a0(19) ao Supremo Tribunal Federal (STF), Janot defende que a MP n\u00e3o apresenta os requisitos de relev\u00e2ncia e urg\u00eancia para edi\u00e7\u00e3o de medidas provis\u00f3rias, al\u00e9m de ferir diversos princ\u00edpios constitucionais. \u201cO desfazimento dos efeitos da concretiza\u00e7\u00e3o [&hellip;]<\/p>\n","protected":false},"author":2,"featured_media":0,"comment_status":"open","ping_status":"open","sticky":false,"template":"","format":"standard","meta":{"_acf_changed":false,"_monsterinsights_skip_tracking":false,"_monsterinsights_sitenote_active":false,"_monsterinsights_sitenote_note":"","_monsterinsights_sitenote_category":0,"_jetpack_memberships_contains_paid_content":false,"footnotes":"","jetpack_publicize_message":"","jetpack_publicize_feature_enabled":true,"jetpack_social_post_already_shared":true,"jetpack_social_options":{"image_generator_settings":{"template":"highway","default_image_id":0,"font":"","enabled":false},"version":2}},"categories":[14,1],"tags":[],"class_list":["post-14175","post","type-post","status-publish","format-standard","hentry","category-educacao","category-noticias"],"acf":[],"jetpack_publicize_connections":[],"jetpack_featured_media_url":"","jetpack_sharing_enabled":true,"publishpress_future_workflow_manual_trigger":{"enabledWorkflows":[]},"_links":{"self":[{"href":"https:\/\/blogdoeloiltoncajuhy.com.br\/site\/wp-json\/wp\/v2\/posts\/14175","targetHints":{"allow":["GET"]}}],"collection":[{"href":"https:\/\/blogdoeloiltoncajuhy.com.br\/site\/wp-json\/wp\/v2\/posts"}],"about":[{"href":"https:\/\/blogdoeloiltoncajuhy.com.br\/site\/wp-json\/wp\/v2\/types\/post"}],"author":[{"embeddable":true,"href":"https:\/\/blogdoeloiltoncajuhy.com.br\/site\/wp-json\/wp\/v2\/users\/2"}],"replies":[{"embeddable":true,"href":"https:\/\/blogdoeloiltoncajuhy.com.br\/site\/wp-json\/wp\/v2\/comments?post=14175"}],"version-history":[{"count":1,"href":"https:\/\/blogdoeloiltoncajuhy.com.br\/site\/wp-json\/wp\/v2\/posts\/14175\/revisions"}],"predecessor-version":[{"id":14176,"href":"https:\/\/blogdoeloiltoncajuhy.com.br\/site\/wp-json\/wp\/v2\/posts\/14175\/revisions\/14176"}],"wp:attachment":[{"href":"https:\/\/blogdoeloiltoncajuhy.com.br\/site\/wp-json\/wp\/v2\/media?parent=14175"}],"wp:term":[{"taxonomy":"category","embeddable":true,"href":"https:\/\/blogdoeloiltoncajuhy.com.br\/site\/wp-json\/wp\/v2\/categories?post=14175"},{"taxonomy":"post_tag","embeddable":true,"href":"https:\/\/blogdoeloiltoncajuhy.com.br\/site\/wp-json\/wp\/v2\/tags?post=14175"}],"curies":[{"name":"wp","href":"https:\/\/api.w.org\/{rel}","templated":true}]}}