{"id":14170,"date":"2016-12-19T21:53:44","date_gmt":"2016-12-20T00:53:44","guid":{"rendered":"http:\/\/blogdoeloiltoncajuhy.com.br\/site\/?p=14170"},"modified":"2016-12-19T21:53:44","modified_gmt":"2016-12-20T00:53:44","slug":"cultura-alcione-e-internada-no-hospital-sirio-libanes-em-sao-paulo","status":"publish","type":"post","link":"https:\/\/blogdoeloiltoncajuhy.com.br\/site\/cultura-alcione-e-internada-no-hospital-sirio-libanes-em-sao-paulo\/","title":{"rendered":"CULTURA: Alcione \u00e9 internada no hospital S\u00edrio-Liban\u00eas, em S\u00e3o Paulo"},"content":{"rendered":"<p style=\"text-align: center;\"><em><strong>A cantora, de 69 anos, se sentiu mal ap\u00f3s o fim de um show<\/strong><\/em><\/p>\n<figure id=\"attachment_14171\" aria-describedby=\"caption-attachment-14171\" style=\"width: 411px\" class=\"wp-caption aligncenter\"><a href=\"https:\/\/i0.wp.com\/blogdoeloiltoncajuhy.com.br\/site\/wp-content\/uploads\/2016\/12\/alcione_7-e1482195164241.jpg\"><img data-recalc-dims=\"1\" fetchpriority=\"high\" decoding=\"async\" class=\"wp-image-14171 size-full\" src=\"https:\/\/i0.wp.com\/blogdoeloiltoncajuhy.com.br\/site\/wp-content\/uploads\/2016\/12\/alcione_7-e1482195164241.jpg?resize=411%2C550\" width=\"411\" height=\"550\" \/><\/a><figcaption id=\"caption-attachment-14171\" class=\"wp-caption-text\">Alcione est\u00e1 internada no hospital S\u00edrio-Liban\u00eas, em observa\u00e7\u00e3o, sem previs\u00e3o de alta (Foto: Marcos Hermes)<\/figcaption><\/figure>\n<p style=\"text-align: left;\">Alcione foi internada na noite deste domingo (18) no hospital S\u00edrio-Liban\u00eas, em S\u00e3o Paulo, ap\u00f3s sentir-se mal ao fim de um show no Sesc Itaquera, na capital paulista. Segundo a assessoria da artista, ainda n\u00e3o se sabe ao certo a causa do mal-estar.<\/p>\n<p style=\"text-align: left;\">\u201cAlcione est\u00e1 fazendo uma s\u00e9rie de exames para saber o que aconteceu. O que soubemos, at\u00e9 agora, \u00e9 que ela est\u00e1 com a taxa glic\u00eamica bem elevada\u201d, diz Eul\u00e1lia Figueiredo, assessora de imprensa da cantora, contando ainda que a Marron \u00e9 portadora de bronquite, teve uma crise na semana passada e, por isso, tem cuidados especiais com a sa\u00fade.<\/p>\n<p style=\"text-align: left;\">\u201cEla vem de uma rotina bem puxada de shows, muito cansada. Ainda n\u00e3o h\u00e1 previs\u00e3o de alta, estamos esperando os resultados dos exames e ela segue em observa\u00e7\u00e3o\u201d, esclarece Eul\u00e1lia. Por causa da interna\u00e7\u00e3o, Alcione n\u00e3o participar\u00e1 do show marcado para a noite desta segunda-feira (19) de seu projeto Boteco da Marrom, no Clube Gin\u00e1stico Portugu\u00eas, no Rio de Janeiro.<\/p>\n<p style=\"text-align: left;\">O cantor Diogo Nogueira, que seria o convidado especial de Marrom, vai se encarregar sozinho do show, na companhia da bateria da Mangueira. \u201cO show que ela tem marcado para quinta-feira (22), no Buraco da Lacraia, tamb\u00e9m no Rio, deve ser igualmente cancelado\u201d, finaliza Eul\u00e1lia.<\/p>\n<p style=\"text-align: left;\">Em recente entrevista \u00e0 coluna, Alcione comentou que est\u00e1 fechando o ano ainda baqueada pelas trag\u00e9dias que deram o tom de 2016. \u201cA morte do Domingos Montagner me deixou muito mal. O time Chapecoense foi uma porrada e tanto. Tenho rezado muito, sabe? Espero que em 2017 o pa\u00eds se endireite e que a gente tenha menos tristezas\u201d, disse ela.<\/p>\n<p style=\"text-align: left;\"><em>*Bruno Astuto\/\u00c9poca<\/em><\/p>\n","protected":false},"excerpt":{"rendered":"<p>A cantora, de 69 anos, se sentiu mal ap\u00f3s o fim de um show Alcione foi internada na noite deste domingo (18) no hospital S\u00edrio-Liban\u00eas, em S\u00e3o Paulo, ap\u00f3s sentir-se mal ao fim de um show no Sesc Itaquera, na capital paulista. Segundo a assessoria da artista, ainda n\u00e3o se sabe ao certo a causa [&hellip;]<\/p>\n","protected":false},"author":2,"featured_media":14171,"comment_status":"open","ping_status":"open","sticky":false,"template":"","format":"standard","meta":{"_acf_changed":false,"_monsterinsights_skip_tracking":false,"_monsterinsights_sitenote_active":false,"_monsterinsights_sitenote_note":"","_monsterinsights_sitenote_category":0,"_jetpack_memberships_contains_paid_content":false,"footnotes":"","jetpack_publicize_message":"","jetpack_publicize_feature_enabled":true,"jetpack_social_post_already_shared":true,"jetpack_social_options":{"image_generator_settings":{"template":"highway","default_image_id":0,"font":"","enabled":false},"version":2}},"categories":[8,1],"tags":[],"class_list":["post-14170","post","type-post","status-publish","format-standard","has-post-thumbnail","hentry","category-cultura","category-noticias"],"acf":[],"jetpack_publicize_connections":[],"jetpack_featured_media_url":"https:\/\/i0.wp.com\/blogdoeloiltoncajuhy.com.br\/site\/wp-content\/uploads\/2016\/12\/alcione_7-e1482195164241.jpg?fit=411%2C550&ssl=1","jetpack_sharing_enabled":true,"publishpress_future_workflow_manual_trigger":{"enabledWorkflows":[]},"_links":{"self":[{"href":"https:\/\/blogdoeloiltoncajuhy.com.br\/site\/wp-json\/wp\/v2\/posts\/14170","targetHints":{"allow":["GET"]}}],"collection":[{"href":"https:\/\/blogdoeloiltoncajuhy.com.br\/site\/wp-json\/wp\/v2\/posts"}],"about":[{"href":"https:\/\/blogdoeloiltoncajuhy.com.br\/site\/wp-json\/wp\/v2\/types\/post"}],"author":[{"embeddable":true,"href":"https:\/\/blogdoeloiltoncajuhy.com.br\/site\/wp-json\/wp\/v2\/users\/2"}],"replies":[{"embeddable":true,"href":"https:\/\/blogdoeloiltoncajuhy.com.br\/site\/wp-json\/wp\/v2\/comments?post=14170"}],"version-history":[{"count":1,"href":"https:\/\/blogdoeloiltoncajuhy.com.br\/site\/wp-json\/wp\/v2\/posts\/14170\/revisions"}],"predecessor-version":[{"id":14172,"href":"https:\/\/blogdoeloiltoncajuhy.com.br\/site\/wp-json\/wp\/v2\/posts\/14170\/revisions\/14172"}],"wp:featuredmedia":[{"embeddable":true,"href":"https:\/\/blogdoeloiltoncajuhy.com.br\/site\/wp-json\/wp\/v2\/media\/14171"}],"wp:attachment":[{"href":"https:\/\/blogdoeloiltoncajuhy.com.br\/site\/wp-json\/wp\/v2\/media?parent=14170"}],"wp:term":[{"taxonomy":"category","embeddable":true,"href":"https:\/\/blogdoeloiltoncajuhy.com.br\/site\/wp-json\/wp\/v2\/categories?post=14170"},{"taxonomy":"post_tag","embeddable":true,"href":"https:\/\/blogdoeloiltoncajuhy.com.br\/site\/wp-json\/wp\/v2\/tags?post=14170"}],"curies":[{"name":"wp","href":"https:\/\/api.w.org\/{rel}","templated":true}]}}