{"id":14161,"date":"2016-12-19T19:25:05","date_gmt":"2016-12-19T22:25:05","guid":{"rendered":"http:\/\/blogdoeloiltoncajuhy.com.br\/site\/?p=14161"},"modified":"2016-12-19T19:25:05","modified_gmt":"2016-12-19T22:25:05","slug":"festa-do-piseiro-em-igara-encerra-ciclo-de-comemoracoes-pela-vitoria-de-brasileiro-e-ze-antonio","status":"publish","type":"post","link":"https:\/\/blogdoeloiltoncajuhy.com.br\/site\/festa-do-piseiro-em-igara-encerra-ciclo-de-comemoracoes-pela-vitoria-de-brasileiro-e-ze-antonio\/","title":{"rendered":"Festa do Piseiro em Igara encerra ciclo de comemora\u00e7\u00f5es pela vitoria de Brasileiro e Z\u00e9 Ant\u00f4nio"},"content":{"rendered":"<p><a href=\"https:\/\/i0.wp.com\/blogdoeloiltoncajuhy.com.br\/site\/wp-content\/uploads\/2016\/12\/piseiro-igara_2-e1482186197636.jpg\"><img data-recalc-dims=\"1\" fetchpriority=\"high\" decoding=\"async\" class=\"aligncenter size-full wp-image-14163\" src=\"https:\/\/i0.wp.com\/blogdoeloiltoncajuhy.com.br\/site\/wp-content\/uploads\/2016\/12\/piseiro-igara_2-e1482186197636.jpg?resize=560%2C373\" alt=\"\" width=\"560\" height=\"373\" \/><\/a>Na noite de domingo, 18, encerrou-se o ciclo de comemora\u00e7\u00f5es nos distritos com mais uma festa do Piseiro 13. Desta vez, a comemora\u00e7\u00e3o aconteceu no distrito de Igara e contou com grande publico que cantou e dan\u00e7ou ao som das bandas: <strong>Rdance<\/strong>, <strong>Paix\u00e3o Di Vaqueiro<\/strong> e <strong>Revela\u00e7\u00e3o do Forr\u00f3<\/strong>.<\/p>\n<p>Durante o evento, o prefeito eleito Carlos Brasileiro, acompanhado por seu vice Z\u00e9 Ant\u00f4nio e pelos vereadores eleitos Mimo e Pebinha, e representantes do distrito, foram recebidos com muito carinho pela popula\u00e7\u00e3o que a todo momento queria tirar fotos, apertar a m\u00e3o de seus representantes ou apenas bater papo, parabenizar pela vitoria e desejar boa sorte para o desafio que se inicia no dia 1\u00ba de janeiro com o inicio do mandato.<\/p>\n<p><a href=\"https:\/\/i0.wp.com\/blogdoeloiltoncajuhy.com.br\/site\/wp-content\/uploads\/2016\/12\/piseiro-igara_1-e1482186242846.jpg\"><img data-recalc-dims=\"1\" decoding=\"async\" class=\"aligncenter size-full wp-image-14162\" src=\"https:\/\/i0.wp.com\/blogdoeloiltoncajuhy.com.br\/site\/wp-content\/uploads\/2016\/12\/piseiro-igara_1-e1482186242846.jpg?resize=560%2C373\" alt=\"\" width=\"560\" height=\"373\" \/><\/a>Em seu pronunciamento, Brasileiro agradeceu pela vota\u00e7\u00e3o expressiva obtida no ultimo pleito e disse que ele e sua equipe n\u00e3o medir\u00e3o esfor\u00e7os para fazer o munic\u00edpio sair da estagna\u00e7\u00e3o em que se encontra e trazer de volta o desenvolvimento e, junto, o orgulho de ser bonfinense.<\/p>\n<p>\u201c<em>A partir de 1\u00ba de janeiro serei prefeito de todos os bonfinenses. Esperem de mim e da minha equipe muito trabalho e dedica\u00e7\u00e3o. N\u00e3o mediremos esfor\u00e7os para recuperar nossa querida Senhor do Bonfim com maior urg\u00eancia nas \u00e1reas de sa\u00fade e infra estrutura. Teremos um grande desafio pela frente, mas, com equipe capacitada, faremos nossa cidade sair do atraso em que se encontra. O distrito de Igara ter\u00e1 muita representatividade com dois vereadores eleitos e um secretario de governo e com certeza esse distrito voltar\u00e1 a ter um carinho por parte da administra\u00e7\u00e3o publica como aconteceu nos \u00faltimos 20 anos<\/em>\u201d, finalizou.<\/p>\n<p>Prestigiaram o evento tamb\u00e9m: O chefe de gabinete &#8211; Helder Amorim, a secretaria de educa\u00e7\u00e3o \u2013 Cristiane Maia, alem dos vereadores R\u00ea do Sindicato e Herm\u00f3genes Almeida.<\/p>\n<p><em><a href=\"https:\/\/i0.wp.com\/blogdoeloiltoncajuhy.com.br\/site\/wp-content\/uploads\/2016\/12\/piseiro-igara_4-e1482186269554.jpg\"><img data-recalc-dims=\"1\" decoding=\"async\" class=\"aligncenter size-full wp-image-14165\" src=\"https:\/\/i0.wp.com\/blogdoeloiltoncajuhy.com.br\/site\/wp-content\/uploads\/2016\/12\/piseiro-igara_4-e1482186269554.jpg?resize=560%2C373\" alt=\"\" width=\"560\" height=\"373\" \/><\/a><a href=\"https:\/\/i0.wp.com\/blogdoeloiltoncajuhy.com.br\/site\/wp-content\/uploads\/2016\/12\/piseiro-igara_5.jpg\"><img data-recalc-dims=\"1\" loading=\"lazy\" decoding=\"async\" class=\"aligncenter size-full wp-image-14166\" src=\"https:\/\/i0.wp.com\/blogdoeloiltoncajuhy.com.br\/site\/wp-content\/uploads\/2016\/12\/piseiro-igara_5.jpg?resize=800%2C533\" alt=\"\" width=\"800\" height=\"533\" srcset=\"https:\/\/i0.wp.com\/blogdoeloiltoncajuhy.com.br\/site\/wp-content\/uploads\/2016\/12\/piseiro-igara_5.jpg?w=960&amp;ssl=1 960w, https:\/\/i0.wp.com\/blogdoeloiltoncajuhy.com.br\/site\/wp-content\/uploads\/2016\/12\/piseiro-igara_5.jpg?resize=300%2C200&amp;ssl=1 300w, https:\/\/i0.wp.com\/blogdoeloiltoncajuhy.com.br\/site\/wp-content\/uploads\/2016\/12\/piseiro-igara_5.jpg?resize=768%2C512&amp;ssl=1 768w, https:\/\/i0.wp.com\/blogdoeloiltoncajuhy.com.br\/site\/wp-content\/uploads\/2016\/12\/piseiro-igara_5.jpg?resize=250%2C167&amp;ssl=1 250w\" sizes=\"(max-width: 800px) 100vw, 800px\" \/><\/a><a href=\"https:\/\/i0.wp.com\/blogdoeloiltoncajuhy.com.br\/site\/wp-content\/uploads\/2016\/12\/piseiro-igara_3.jpg\"><img data-recalc-dims=\"1\" loading=\"lazy\" decoding=\"async\" class=\"aligncenter size-full wp-image-14164\" src=\"https:\/\/i0.wp.com\/blogdoeloiltoncajuhy.com.br\/site\/wp-content\/uploads\/2016\/12\/piseiro-igara_3.jpg?resize=800%2C533\" alt=\"\" width=\"800\" height=\"533\" srcset=\"https:\/\/i0.wp.com\/blogdoeloiltoncajuhy.com.br\/site\/wp-content\/uploads\/2016\/12\/piseiro-igara_3.jpg?w=960&amp;ssl=1 960w, https:\/\/i0.wp.com\/blogdoeloiltoncajuhy.com.br\/site\/wp-content\/uploads\/2016\/12\/piseiro-igara_3.jpg?resize=300%2C200&amp;ssl=1 300w, https:\/\/i0.wp.com\/blogdoeloiltoncajuhy.com.br\/site\/wp-content\/uploads\/2016\/12\/piseiro-igara_3.jpg?resize=768%2C512&amp;ssl=1 768w, https:\/\/i0.wp.com\/blogdoeloiltoncajuhy.com.br\/site\/wp-content\/uploads\/2016\/12\/piseiro-igara_3.jpg?resize=250%2C167&amp;ssl=1 250w\" sizes=\"(max-width: 800px) 100vw, 800px\" \/><\/a>*Ascom Brasileiro<\/em><\/p>\n","protected":false},"excerpt":{"rendered":"<p>Na noite de domingo, 18, encerrou-se o ciclo de comemora\u00e7\u00f5es nos distritos com mais uma festa do Piseiro 13. Desta vez, a comemora\u00e7\u00e3o aconteceu no distrito de Igara e contou com grande publico que cantou e dan\u00e7ou ao som das bandas: Rdance, Paix\u00e3o Di Vaqueiro e Revela\u00e7\u00e3o do Forr\u00f3. Durante o evento, o prefeito eleito [&hellip;]<\/p>\n","protected":false},"author":2,"featured_media":14166,"comment_status":"open","ping_status":"open","sticky":false,"template":"","format":"standard","meta":{"_acf_changed":false,"_monsterinsights_skip_tracking":false,"_monsterinsights_sitenote_active":false,"_monsterinsights_sitenote_note":"","_monsterinsights_sitenote_category":0,"_jetpack_memberships_contains_paid_content":false,"footnotes":"","jetpack_publicize_message":"","jetpack_publicize_feature_enabled":true,"jetpack_social_post_already_shared":true,"jetpack_social_options":{"image_generator_settings":{"template":"highway","default_image_id":0,"font":"","enabled":false},"version":2}},"categories":[1,3,4],"tags":[],"class_list":["post-14161","post","type-post","status-publish","format-standard","has-post-thumbnail","hentry","category-noticias","category-politica","category-local"],"acf":[],"jetpack_publicize_connections":[],"jetpack_featured_media_url":"https:\/\/i0.wp.com\/blogdoeloiltoncajuhy.com.br\/site\/wp-content\/uploads\/2016\/12\/piseiro-igara_5.jpg?fit=960%2C640&ssl=1","jetpack_sharing_enabled":true,"publishpress_future_workflow_manual_trigger":{"enabledWorkflows":[]},"_links":{"self":[{"href":"https:\/\/blogdoeloiltoncajuhy.com.br\/site\/wp-json\/wp\/v2\/posts\/14161","targetHints":{"allow":["GET"]}}],"collection":[{"href":"https:\/\/blogdoeloiltoncajuhy.com.br\/site\/wp-json\/wp\/v2\/posts"}],"about":[{"href":"https:\/\/blogdoeloiltoncajuhy.com.br\/site\/wp-json\/wp\/v2\/types\/post"}],"author":[{"embeddable":true,"href":"https:\/\/blogdoeloiltoncajuhy.com.br\/site\/wp-json\/wp\/v2\/users\/2"}],"replies":[{"embeddable":true,"href":"https:\/\/blogdoeloiltoncajuhy.com.br\/site\/wp-json\/wp\/v2\/comments?post=14161"}],"version-history":[{"count":1,"href":"https:\/\/blogdoeloiltoncajuhy.com.br\/site\/wp-json\/wp\/v2\/posts\/14161\/revisions"}],"predecessor-version":[{"id":14167,"href":"https:\/\/blogdoeloiltoncajuhy.com.br\/site\/wp-json\/wp\/v2\/posts\/14161\/revisions\/14167"}],"wp:featuredmedia":[{"embeddable":true,"href":"https:\/\/blogdoeloiltoncajuhy.com.br\/site\/wp-json\/wp\/v2\/media\/14166"}],"wp:attachment":[{"href":"https:\/\/blogdoeloiltoncajuhy.com.br\/site\/wp-json\/wp\/v2\/media?parent=14161"}],"wp:term":[{"taxonomy":"category","embeddable":true,"href":"https:\/\/blogdoeloiltoncajuhy.com.br\/site\/wp-json\/wp\/v2\/categories?post=14161"},{"taxonomy":"post_tag","embeddable":true,"href":"https:\/\/blogdoeloiltoncajuhy.com.br\/site\/wp-json\/wp\/v2\/tags?post=14161"}],"curies":[{"name":"wp","href":"https:\/\/api.w.org\/{rel}","templated":true}]}}