{"id":14159,"date":"2016-12-19T12:20:35","date_gmt":"2016-12-19T15:20:35","guid":{"rendered":"http:\/\/blogdoeloiltoncajuhy.com.br\/site\/?p=14159"},"modified":"2016-12-19T12:20:35","modified_gmt":"2016-12-19T15:20:35","slug":"ocorrencias-registradas-no-fim-de-semana-pelo-6o-bpm-de-bonfim","status":"publish","type":"post","link":"https:\/\/blogdoeloiltoncajuhy.com.br\/site\/ocorrencias-registradas-no-fim-de-semana-pelo-6o-bpm-de-bonfim\/","title":{"rendered":"Ocorr\u00eancias registradas no fim de semana pelo 6\u00ba BPM de Bonfim"},"content":{"rendered":"<p><strong><a href=\"https:\/\/i0.wp.com\/blogdoeloiltoncajuhy.com.br\/site\/wp-content\/uploads\/2016\/11\/pm-ba-e1479471871272.jpg\"><img data-recalc-dims=\"1\" fetchpriority=\"high\" decoding=\"async\" class=\"aligncenter size-full wp-image-13501\" src=\"https:\/\/i0.wp.com\/blogdoeloiltoncajuhy.com.br\/site\/wp-content\/uploads\/2016\/11\/pm-ba-e1479471871272.jpg?resize=500%2C281\" alt=\"\" width=\"500\" height=\"281\" \/><\/a>6\u00ba BPM PRENDE HOMEM POR FURTO<\/strong><\/p>\n<p>Policiais da 1\u00aa Companhia\/Sr. do Bonfim, na noite de sexta-feira, conduziram um homem \u00e0 Delegacia por furto.<\/p>\n<p>Por volta das 19h20, policiais da 1\u00aa Companhia, conduziram \u00e0 Delegacia um homem, de 28 anos, que segundo funcion\u00e1rios da Farm\u00e1cia Pague Menos (Pra\u00e7a Nova do Congresso) teria furtado produtos da referida farm\u00e1cia, quando a guarni\u00e7\u00e3o chegou ao local, encontrou o homem, de posse dos produtos, imobilizado por pessoas que se encontravam no interior da farm\u00e1cia no momento do fato.<\/p>\n<p>Os policiais conduziram o acusado e o gerente da farm\u00e1cia \u00e0 Delegacia de Pol\u00edcia Civil, onde foi lavrado um Termo de Pris\u00e3o em Flagrante Delito.<\/p>\n<p><strong>17\/12\/16 &#8211; S\u00e1bado &#8211;\u00a0CORPO DE HOMEM FOI ENCONTRADO NO INTERIOR DE RESID\u00caNCIA<\/strong><\/p>\n<p>Policiais da Companhia da 5\u00aa Companhia\/Filad\u00e9lfia, Pelot\u00e3o de Ponto Novo, na tarde de s\u00e1bado, atenderam uma ocorr\u00eancia em virtude de um corpo de um homem ter sido encontrado no interior de uma resid\u00eancia.<\/p>\n<p>Por volta das 15h30, policiais da 5\u00aa Companhia, atenderam uma ocorr\u00eancia, no centro da cidade de Ponto Novo, haja vista, familiares terem encontrado o corpo de um homem, de 65 anos, no interior de uma resid\u00eancia, o corpo j\u00e1 estava em estado de decomposi\u00e7\u00e3o.<\/p>\n<p>Os policiais acionaram o Departamento de Pol\u00edcia T\u00e9cnica &#8211; DPT para a ado\u00e7\u00e3o das devidas provid\u00eancias.<\/p>\n<p><strong>6\u00ba BPM CONDUZ HOMEM \u00c0 DELEGACIA POR LES\u00c3O CORPORAL<\/strong><\/p>\n<p>Policiais da 1\u00aa Companhia\/Sr. do Bonfim, na noite de s\u00e1bado, conduziram \u00e0 Delegacia um homem pela autoria de les\u00e3o corporal.<\/p>\n<p>Por volta das 22h30, policiais da 1\u00aa Companhia, conduziram \u00e0 Delegacia um homem, de 20 anos, por ter lesionado na cabe\u00e7a, com golpes de fac\u00e3o, um homem, de 32 anos, o fato aconteceu no bairro Bonfim III. A v\u00edtima foi atendida e conduzida pelo SAMU para o Hospital Regional Dom Antonio Monteiro &#8211; HRDAM. Ap\u00f3s realizar diligencias, os policiais da 1\u00aa Companhia, conseguiram localizar o autor da les\u00e3o corporal.<\/p>\n<p>Os policiais apresentaram o acusado na Delegacia de Policia Civil para ado\u00e7\u00e3o das medidas cab\u00edveis.<\/p>\n<p><strong>18\/12\/16 &#8211; Domingo &#8211;\u00a06\u00ba BPM PRENDE HOMEM POR TENTATIVA DE HOMIC\u00cdDIO<\/strong><\/p>\n<p>Policiais da Companhia de Emprego T\u00e1tico Operacional &#8211; CETO, na manh\u00e3 deste domingo, prenderam um homem por amea\u00e7a e tentativa de homic\u00eddio.<\/p>\n<p>Por volta das 9h15, policiais da CETO, prenderam um homem, de 21 anos, por ter amea\u00e7ado e tentado contra a vida de um idoso, de 64 anos e uma mulher, de 56 anos, utilizando-se de pedras para agredir o casal e outras pessoas que estavam no local. O casal foi socorrido para o Hospital Regional Dom Antonio Monteiro &#8211; HRDAM, segundo o medico plantonista, o idoso teve afundamento craniano. O fato aconteceu no bairro da P\u00eara.<\/p>\n<p>Os policiais apresentaram o acusado na Delegacia de Pol\u00edcia Civil onde foi lavrado um Termo de Pris\u00e3o em Flagrante Delito, pela pratica de tentativa de homic\u00eddio qualificado.<\/p>\n<p><strong>6\u00ba BPM APREENDE DOIS MENORES PORTANDO ARMA DE FOGO<\/strong><\/p>\n<p>Policiais da 5\u00aa Companhia\/Filad\u00e9lfia, 2\u00ba Pelot\u00e3o de Ponto Novo, na noite de ontem, apreenderam dois menores que estavam portando armas de fogo.<\/p>\n<p>Por volta das 20h20, policiais da 5\u00aa Companhia, quando realizavam uma ronda na cidade de Ponto Novo, abordaram dois menores que encontravam-se em atitude suspeita, os menores tinha 14 e 16 anos, com o menor de 14 anos, foi encontrado uma arma de fogo, tipo garruncha, e com o menor de 16 anos, um simulacro de arma de fogo (arma de brinquedo), sendo que o menor de 16 anos, ao ver a viatura, tentou se desfazer do artefato jogando-o sobre o telhado de uma casa.<\/p>\n<p>Os policiais apresentaram os menores e as armas na Delegacia de pol\u00edcia Civil para a ado\u00e7\u00e3o das medidas cab\u00edveis.<\/p>\n<p><strong>6\u00ba BPM CONDUZ HOMEM \u00c0 DELEGACIA POR AGRESS\u00c3O F\u00cdSICA<\/strong><\/p>\n<p>Policiais da 1\u00aa Companhia\/Sr. do Bonfim, na noite de ontem, conduziram \u00e0 Delegacia um homem por ter agredido fisicamente uma mulher.<\/p>\n<p>Por volta das 20h55, policiais da 1\u00aa Companhia, atenderam uma ocorr\u00eancia na Pra\u00e7a do Com\u00e9rcio, no distrito de Igara, envolvendo um homem, de 24 anos, e uma mulher de 44 anos, o homem agrediu fisicamente a mulher a socos e pontap\u00e9s, segundo informa\u00e7\u00e3o de populares, o casal teria um envolvimento amoroso.<\/p>\n<p>Os policiais conduziram o casal para a Delegacia de pol\u00edcia Civil para a ado\u00e7\u00e3o das medidas pertinentes.<\/p>\n<p><em>*Pol\u00edcia Militar da Bahia \/\u00a06\u00ba Batalh\u00e3o de Pol\u00edcia Militar \/\u00a0Se\u00e7\u00e3o de Comunica\u00e7\u00e3o Social<\/em><\/p>\n","protected":false},"excerpt":{"rendered":"<p>6\u00ba BPM PRENDE HOMEM POR FURTO Policiais da 1\u00aa Companhia\/Sr. do Bonfim, na noite de sexta-feira, conduziram um homem \u00e0 Delegacia por furto. Por volta das 19h20, policiais da 1\u00aa Companhia, conduziram \u00e0 Delegacia um homem, de 28 anos, que segundo funcion\u00e1rios da Farm\u00e1cia Pague Menos (Pra\u00e7a Nova do Congresso) teria furtado produtos da referida [&hellip;]<\/p>\n","protected":false},"author":2,"featured_media":0,"comment_status":"open","ping_status":"open","sticky":false,"template":"","format":"standard","meta":{"_acf_changed":false,"_monsterinsights_skip_tracking":false,"_monsterinsights_sitenote_active":false,"_monsterinsights_sitenote_note":"","_monsterinsights_sitenote_category":0,"_jetpack_memberships_contains_paid_content":false,"footnotes":"","jetpack_publicize_message":"","jetpack_publicize_feature_enabled":true,"jetpack_social_post_already_shared":true,"jetpack_social_options":{"image_generator_settings":{"template":"highway","default_image_id":0,"font":"","enabled":false},"version":2}},"categories":[5,1,11,4],"tags":[],"class_list":["post-14159","post","type-post","status-publish","format-standard","hentry","category-cotidiano","category-noticias","category-regional","category-local"],"acf":[],"jetpack_publicize_connections":[],"jetpack_featured_media_url":"","jetpack_sharing_enabled":true,"publishpress_future_workflow_manual_trigger":{"enabledWorkflows":[]},"_links":{"self":[{"href":"https:\/\/blogdoeloiltoncajuhy.com.br\/site\/wp-json\/wp\/v2\/posts\/14159","targetHints":{"allow":["GET"]}}],"collection":[{"href":"https:\/\/blogdoeloiltoncajuhy.com.br\/site\/wp-json\/wp\/v2\/posts"}],"about":[{"href":"https:\/\/blogdoeloiltoncajuhy.com.br\/site\/wp-json\/wp\/v2\/types\/post"}],"author":[{"embeddable":true,"href":"https:\/\/blogdoeloiltoncajuhy.com.br\/site\/wp-json\/wp\/v2\/users\/2"}],"replies":[{"embeddable":true,"href":"https:\/\/blogdoeloiltoncajuhy.com.br\/site\/wp-json\/wp\/v2\/comments?post=14159"}],"version-history":[{"count":1,"href":"https:\/\/blogdoeloiltoncajuhy.com.br\/site\/wp-json\/wp\/v2\/posts\/14159\/revisions"}],"predecessor-version":[{"id":14160,"href":"https:\/\/blogdoeloiltoncajuhy.com.br\/site\/wp-json\/wp\/v2\/posts\/14159\/revisions\/14160"}],"wp:attachment":[{"href":"https:\/\/blogdoeloiltoncajuhy.com.br\/site\/wp-json\/wp\/v2\/media?parent=14159"}],"wp:term":[{"taxonomy":"category","embeddable":true,"href":"https:\/\/blogdoeloiltoncajuhy.com.br\/site\/wp-json\/wp\/v2\/categories?post=14159"},{"taxonomy":"post_tag","embeddable":true,"href":"https:\/\/blogdoeloiltoncajuhy.com.br\/site\/wp-json\/wp\/v2\/tags?post=14159"}],"curies":[{"name":"wp","href":"https:\/\/api.w.org\/{rel}","templated":true}]}}