{"id":14152,"date":"2016-12-18T23:20:20","date_gmt":"2016-12-19T02:20:20","guid":{"rendered":"http:\/\/blogdoeloiltoncajuhy.com.br\/site\/?p=14152"},"modified":"2016-12-18T23:20:20","modified_gmt":"2016-12-19T02:20:20","slug":"filha-de-bonfinense-ganha-r-500-mil-em-reality-de-moda-da-redetv","status":"publish","type":"post","link":"https:\/\/blogdoeloiltoncajuhy.com.br\/site\/filha-de-bonfinense-ganha-r-500-mil-em-reality-de-moda-da-redetv\/","title":{"rendered":"Filha de bonfinense ganha R$ 500 mil em reality de moda da RedeTV!"},"content":{"rendered":"<p><a href=\"https:\/\/i0.wp.com\/blogdoeloiltoncajuhy.com.br\/site\/wp-content\/uploads\/2016\/12\/estella-1-e1482113893295.jpg\"><img data-recalc-dims=\"1\" fetchpriority=\"high\" decoding=\"async\" class=\"aligncenter wp-image-14153 size-full\" src=\"https:\/\/i0.wp.com\/blogdoeloiltoncajuhy.com.br\/site\/wp-content\/uploads\/2016\/12\/estella-1-e1482113923130.jpg?resize=500%2C500\" width=\"500\" height=\"500\" \/><\/a>Nascida na B\u00e9lgica, mas morando em Salvador, Estella Withofs, 19 anos, foi a vencedora do reality de moda &#8220;Atroveran Mega Model&#8221;, realizado atrav\u00e9s do programa Conex\u00e3o Models da RedeTV!. A final do concurso aconteceu neste domingo (18) e foi transmitido pelo canal.\u00a0Estella ganhou um pr\u00eamio de 500 mil reais e mais um contrato de dois anos com o Atroveran.<\/p>\n<p><a href=\"https:\/\/i0.wp.com\/blogdoeloiltoncajuhy.com.br\/site\/wp-content\/uploads\/2016\/12\/estella-2.jpg\"><img data-recalc-dims=\"1\" decoding=\"async\" class=\"aligncenter wp-image-14154 size-medium\" src=\"https:\/\/i0.wp.com\/blogdoeloiltoncajuhy.com.br\/site\/wp-content\/uploads\/2016\/12\/estella-2.jpg?resize=200%2C300\" width=\"200\" height=\"300\" srcset=\"https:\/\/i0.wp.com\/blogdoeloiltoncajuhy.com.br\/site\/wp-content\/uploads\/2016\/12\/estella-2.jpg?resize=200%2C300&amp;ssl=1 200w, https:\/\/i0.wp.com\/blogdoeloiltoncajuhy.com.br\/site\/wp-content\/uploads\/2016\/12\/estella-2.jpg?resize=167%2C250&amp;ssl=1 167w, https:\/\/i0.wp.com\/blogdoeloiltoncajuhy.com.br\/site\/wp-content\/uploads\/2016\/12\/estella-2.jpg?w=480&amp;ssl=1 480w\" sizes=\"(max-width: 200px) 100vw, 200px\" \/><\/a>Ela \u00e9 filha de Vera L\u00facia Correia de Oliveira, natural de Senhor do Bonfim, e que mora em Salvador h\u00e1 v\u00e1rios anos. Entre seus familiares em nossa cidade, est\u00e3o D. Eurides do Bairro do Mercado (tia), e Ge\u00f3rgia Oliveira (prima), Administradora do Centro Social Urbano Mariano Ventura.<\/p>\n<p>Depois de passar pela seletiva de Salvador, Estella Withofs deixou para tr\u00e1s 23 candidatas que disputaram o concurso.<\/p>\n<p><em><a href=\"https:\/\/i0.wp.com\/blogdoeloiltoncajuhy.com.br\/site\/wp-content\/uploads\/2016\/12\/estella-3.jpg\"><img data-recalc-dims=\"1\" decoding=\"async\" class=\"aligncenter wp-image-14155 size-medium\" src=\"https:\/\/i0.wp.com\/blogdoeloiltoncajuhy.com.br\/site\/wp-content\/uploads\/2016\/12\/estella-3.jpg?resize=240%2C300\" width=\"240\" height=\"300\" srcset=\"https:\/\/i0.wp.com\/blogdoeloiltoncajuhy.com.br\/site\/wp-content\/uploads\/2016\/12\/estella-3.jpg?resize=240%2C300&amp;ssl=1 240w, https:\/\/i0.wp.com\/blogdoeloiltoncajuhy.com.br\/site\/wp-content\/uploads\/2016\/12\/estella-3.jpg?resize=200%2C250&amp;ssl=1 200w, https:\/\/i0.wp.com\/blogdoeloiltoncajuhy.com.br\/site\/wp-content\/uploads\/2016\/12\/estella-3.jpg?w=480&amp;ssl=1 480w\" sizes=\"(max-width: 240px) 100vw, 240px\" \/><\/a>*BLOG DO ELOILTON CAJUHY<\/em><\/p>\n<p><em>**Fotos: RedeTV!<\/em><\/p>\n","protected":false},"excerpt":{"rendered":"<p>Nascida na B\u00e9lgica, mas morando em Salvador, Estella Withofs, 19 anos, foi a vencedora do reality de moda &#8220;Atroveran Mega Model&#8221;, realizado atrav\u00e9s do programa Conex\u00e3o Models da RedeTV!. A final do concurso aconteceu neste domingo (18) e foi transmitido pelo canal.\u00a0Estella ganhou um pr\u00eamio de 500 mil reais e mais um contrato de dois [&hellip;]<\/p>\n","protected":false},"author":2,"featured_media":14155,"comment_status":"open","ping_status":"open","sticky":false,"template":"","format":"standard","meta":{"_acf_changed":false,"_monsterinsights_skip_tracking":false,"_monsterinsights_sitenote_active":false,"_monsterinsights_sitenote_note":"","_monsterinsights_sitenote_category":0,"_jetpack_memberships_contains_paid_content":false,"footnotes":"","jetpack_publicize_message":"","jetpack_publicize_feature_enabled":true,"jetpack_social_post_already_shared":true,"jetpack_social_options":{"image_generator_settings":{"template":"highway","default_image_id":0,"font":"","enabled":false},"version":2}},"categories":[5,1],"tags":[],"class_list":["post-14152","post","type-post","status-publish","format-standard","has-post-thumbnail","hentry","category-cotidiano","category-noticias"],"acf":[],"jetpack_publicize_connections":[],"jetpack_featured_media_url":"https:\/\/i0.wp.com\/blogdoeloiltoncajuhy.com.br\/site\/wp-content\/uploads\/2016\/12\/estella-3.jpg?fit=480%2C600&ssl=1","jetpack_sharing_enabled":true,"publishpress_future_workflow_manual_trigger":{"enabledWorkflows":[]},"_links":{"self":[{"href":"https:\/\/blogdoeloiltoncajuhy.com.br\/site\/wp-json\/wp\/v2\/posts\/14152","targetHints":{"allow":["GET"]}}],"collection":[{"href":"https:\/\/blogdoeloiltoncajuhy.com.br\/site\/wp-json\/wp\/v2\/posts"}],"about":[{"href":"https:\/\/blogdoeloiltoncajuhy.com.br\/site\/wp-json\/wp\/v2\/types\/post"}],"author":[{"embeddable":true,"href":"https:\/\/blogdoeloiltoncajuhy.com.br\/site\/wp-json\/wp\/v2\/users\/2"}],"replies":[{"embeddable":true,"href":"https:\/\/blogdoeloiltoncajuhy.com.br\/site\/wp-json\/wp\/v2\/comments?post=14152"}],"version-history":[{"count":1,"href":"https:\/\/blogdoeloiltoncajuhy.com.br\/site\/wp-json\/wp\/v2\/posts\/14152\/revisions"}],"predecessor-version":[{"id":14156,"href":"https:\/\/blogdoeloiltoncajuhy.com.br\/site\/wp-json\/wp\/v2\/posts\/14152\/revisions\/14156"}],"wp:featuredmedia":[{"embeddable":true,"href":"https:\/\/blogdoeloiltoncajuhy.com.br\/site\/wp-json\/wp\/v2\/media\/14155"}],"wp:attachment":[{"href":"https:\/\/blogdoeloiltoncajuhy.com.br\/site\/wp-json\/wp\/v2\/media?parent=14152"}],"wp:term":[{"taxonomy":"category","embeddable":true,"href":"https:\/\/blogdoeloiltoncajuhy.com.br\/site\/wp-json\/wp\/v2\/categories?post=14152"},{"taxonomy":"post_tag","embeddable":true,"href":"https:\/\/blogdoeloiltoncajuhy.com.br\/site\/wp-json\/wp\/v2\/tags?post=14152"}],"curies":[{"name":"wp","href":"https:\/\/api.w.org\/{rel}","templated":true}]}}