{"id":14144,"date":"2016-12-18T19:57:03","date_gmt":"2016-12-18T22:57:03","guid":{"rendered":"http:\/\/blogdoeloiltoncajuhy.com.br\/site\/?p=14144"},"modified":"2016-12-18T19:57:03","modified_gmt":"2016-12-18T22:57:03","slug":"de-presidio-de-seguranca-maxima-lider-de-faccao-ordena-duplo-homicidio","status":"publish","type":"post","link":"https:\/\/blogdoeloiltoncajuhy.com.br\/site\/de-presidio-de-seguranca-maxima-lider-de-faccao-ordena-duplo-homicidio\/","title":{"rendered":"De pres\u00eddio de seguran\u00e7a m\u00e1xima, l\u00edder de fac\u00e7\u00e3o ordena duplo homic\u00eddio"},"content":{"rendered":"<p style=\"text-align: center;\"><em><strong>Homem estava preso em penitenci\u00e1ria de Serrinha, na regi\u00e3o do sisal.\u00a0Preso ainda comandou ataque a mulher que teve cabelo raspado<\/strong><\/em><\/p>\n<p><a href=\"https:\/\/i0.wp.com\/blogdoeloiltoncajuhy.com.br\/site\/wp-content\/uploads\/2015\/12\/pol%C3%ADcia.jpg\"><img data-recalc-dims=\"1\" fetchpriority=\"high\" decoding=\"async\" class=\"wp-image-6606 size-medium alignright\" src=\"https:\/\/i0.wp.com\/blogdoeloiltoncajuhy.com.br\/site\/wp-content\/uploads\/2015\/12\/pol%C3%ADcia.jpg?resize=300%2C210\" width=\"300\" height=\"210\" srcset=\"https:\/\/i0.wp.com\/blogdoeloiltoncajuhy.com.br\/site\/wp-content\/uploads\/2015\/12\/pol%C3%ADcia.jpg?resize=300%2C210&amp;ssl=1 300w, https:\/\/i0.wp.com\/blogdoeloiltoncajuhy.com.br\/site\/wp-content\/uploads\/2015\/12\/pol%C3%ADcia.jpg?resize=250%2C175&amp;ssl=1 250w, https:\/\/i0.wp.com\/blogdoeloiltoncajuhy.com.br\/site\/wp-content\/uploads\/2015\/12\/pol%C3%ADcia.jpg?w=385&amp;ssl=1 385w\" sizes=\"(max-width: 300px) 100vw, 300px\" \/><\/a>O l\u00edder de uma fac\u00e7\u00e3o criminosa em Feira de Santana, que est\u00e1 detido no pres\u00eddio de seguran\u00e7a m\u00e1xima de Serrinha, nordeste da Bahia, ordenou da penitenci\u00e1ria a morte de duas pessoas e determinou que uma mulher tivesse a cabe\u00e7a raspada, segundo investiga\u00e7\u00e3o da 1\u00aa Coordenadoria de Pol\u00edcia do Interior (Coorpin\/Feira de Santana).<\/p>\n<p>As duas mortes foram ordenadas um dia <strong><a href=\"http:\/\/g1.globo.com\/bahia\/noticia\/2016\/11\/jovem-morre-e-outro-fica-ferido-em-ataque-tiros-na-entrada-de-shopping.html\" target=\"_blank\">depois que um homem, que era o &#8220;bra\u00e7o direito&#8221; do l\u00edder da fac\u00e7\u00e3o, morreu ap\u00f3s ser baleado na entrada de um shopping da cidade<\/a><\/strong>, segundo o delegado Jo\u00e3o Uzzum, titular da 1\u00aa Coorpin.<\/p>\n<p>Marilton Nunes de Jesus, conhecido como &#8220;Mamai&#8221;, tamb\u00e9m comandou um ataque a uma mulher, que \u00e9 companheira do l\u00edder de uma fac\u00e7\u00e3o rival. Ela teve a cabe\u00e7a raspada, foi amea\u00e7ada de morte e a a\u00e7\u00e3o foi gravada em v\u00eddeo, que foi compartilhado em redes sociais.<\/p>\n<p>Segundo o delegado, o pres\u00eddio de Serrinha \u00e9 o \u00fanico de seguran\u00e7a m\u00e1xima do estado. &#8220;Eles [presos] ficam sozinhos em cela, tem muito rigor. Estamos investigando como ele comandou o crime. Ele recebe visita de pessoas e advogados, ent\u00e3o pode ter sido recado passado para eles para que cometessem os crimes&#8221;, afirma Jo\u00e3o Uzzum.<\/p>\n<p>Ainda conforme a pol\u00edcia, o detento j\u00e1 foi flagrado duas vezes com drogas e amea\u00e7ou de morte funcion\u00e1rios do conjunto penal de Serrinha.\u00a0Por conta da investiga\u00e7\u00e3o, o detento, que iria ser transferido para o pres\u00eddio de Feira de Santana, teve o Regime Disciplinar Diferenciado (RDD) prolongado e continuar\u00e1 detido em Serrinha por mais 360 dias.<\/p>\n<p>Conforme a pol\u00edcia, a fac\u00e7\u00e3o criminosa liderada por &#8220;Mamai&#8221; atua no bairro da Queimadinha, em Feira de Santana.<\/p>\n<p><em>*G1 Bahia<\/em><\/p>\n","protected":false},"excerpt":{"rendered":"<p>Homem estava preso em penitenci\u00e1ria de Serrinha, na regi\u00e3o do sisal.\u00a0Preso ainda comandou ataque a mulher que teve cabelo raspado O l\u00edder de uma fac\u00e7\u00e3o criminosa em Feira de Santana, que est\u00e1 detido no pres\u00eddio de seguran\u00e7a m\u00e1xima de Serrinha, nordeste da Bahia, ordenou da penitenci\u00e1ria a morte de duas pessoas e determinou que uma [&hellip;]<\/p>\n","protected":false},"author":2,"featured_media":0,"comment_status":"open","ping_status":"open","sticky":false,"template":"","format":"standard","meta":{"_acf_changed":false,"_monsterinsights_skip_tracking":false,"_monsterinsights_sitenote_active":false,"_monsterinsights_sitenote_note":"","_monsterinsights_sitenote_category":0,"_jetpack_memberships_contains_paid_content":false,"footnotes":"","jetpack_publicize_message":"","jetpack_publicize_feature_enabled":true,"jetpack_social_post_already_shared":true,"jetpack_social_options":{"image_generator_settings":{"template":"highway","default_image_id":0,"font":"","enabled":false},"version":2}},"categories":[5,1],"tags":[],"class_list":["post-14144","post","type-post","status-publish","format-standard","hentry","category-cotidiano","category-noticias"],"acf":[],"jetpack_publicize_connections":[],"jetpack_featured_media_url":"","jetpack_sharing_enabled":true,"publishpress_future_workflow_manual_trigger":{"enabledWorkflows":[]},"_links":{"self":[{"href":"https:\/\/blogdoeloiltoncajuhy.com.br\/site\/wp-json\/wp\/v2\/posts\/14144","targetHints":{"allow":["GET"]}}],"collection":[{"href":"https:\/\/blogdoeloiltoncajuhy.com.br\/site\/wp-json\/wp\/v2\/posts"}],"about":[{"href":"https:\/\/blogdoeloiltoncajuhy.com.br\/site\/wp-json\/wp\/v2\/types\/post"}],"author":[{"embeddable":true,"href":"https:\/\/blogdoeloiltoncajuhy.com.br\/site\/wp-json\/wp\/v2\/users\/2"}],"replies":[{"embeddable":true,"href":"https:\/\/blogdoeloiltoncajuhy.com.br\/site\/wp-json\/wp\/v2\/comments?post=14144"}],"version-history":[{"count":1,"href":"https:\/\/blogdoeloiltoncajuhy.com.br\/site\/wp-json\/wp\/v2\/posts\/14144\/revisions"}],"predecessor-version":[{"id":14145,"href":"https:\/\/blogdoeloiltoncajuhy.com.br\/site\/wp-json\/wp\/v2\/posts\/14144\/revisions\/14145"}],"wp:attachment":[{"href":"https:\/\/blogdoeloiltoncajuhy.com.br\/site\/wp-json\/wp\/v2\/media?parent=14144"}],"wp:term":[{"taxonomy":"category","embeddable":true,"href":"https:\/\/blogdoeloiltoncajuhy.com.br\/site\/wp-json\/wp\/v2\/categories?post=14144"},{"taxonomy":"post_tag","embeddable":true,"href":"https:\/\/blogdoeloiltoncajuhy.com.br\/site\/wp-json\/wp\/v2\/tags?post=14144"}],"curies":[{"name":"wp","href":"https:\/\/api.w.org\/{rel}","templated":true}]}}