{"id":14141,"date":"2016-12-18T19:32:28","date_gmt":"2016-12-18T22:32:28","guid":{"rendered":"http:\/\/blogdoeloiltoncajuhy.com.br\/site\/?p=14141"},"modified":"2016-12-18T19:32:28","modified_gmt":"2016-12-18T22:32:28","slug":"politica-conselho-de-etica-da-camara-pode-abrandar-punicao-para-jean-wyllys","status":"publish","type":"post","link":"https:\/\/blogdoeloiltoncajuhy.com.br\/site\/politica-conselho-de-etica-da-camara-pode-abrandar-punicao-para-jean-wyllys\/","title":{"rendered":"POL\u00cdTICA: Conselho de \u00c9tica da C\u00e2mara pode abrandar puni\u00e7\u00e3o para Jean Wyllys"},"content":{"rendered":"<p style=\"text-align: center;\"><em><strong>O relator do caso, deputado Ricardo Izar, apresentou parecer pedindo a suspens\u00e3o do mandato de Wyllys por 120 dias. O parlamentar \u00e9 acusado de quebra de decoro parlamentar depois de ter cuspido em dire\u00e7\u00e3o ao deputado Jair Bolsonaro<\/strong><\/em><\/p>\n<figure id=\"attachment_14142\" aria-describedby=\"caption-attachment-14142\" style=\"width: 580px\" class=\"wp-caption aligncenter\"><a href=\"https:\/\/i0.wp.com\/blogdoeloiltoncajuhy.com.br\/site\/wp-content\/uploads\/2016\/12\/Wyllys.jpg\"><img data-recalc-dims=\"1\" fetchpriority=\"high\" decoding=\"async\" class=\"wp-image-14142 size-full\" src=\"https:\/\/i0.wp.com\/blogdoeloiltoncajuhy.com.br\/site\/wp-content\/uploads\/2016\/12\/Wyllys.jpg?resize=580%2C401\" width=\"580\" height=\"401\" srcset=\"https:\/\/i0.wp.com\/blogdoeloiltoncajuhy.com.br\/site\/wp-content\/uploads\/2016\/12\/Wyllys.jpg?w=580&amp;ssl=1 580w, https:\/\/i0.wp.com\/blogdoeloiltoncajuhy.com.br\/site\/wp-content\/uploads\/2016\/12\/Wyllys.jpg?resize=300%2C207&amp;ssl=1 300w, https:\/\/i0.wp.com\/blogdoeloiltoncajuhy.com.br\/site\/wp-content\/uploads\/2016\/12\/Wyllys.jpg?resize=250%2C173&amp;ssl=1 250w\" sizes=\"(max-width: 580px) 100vw, 580px\" \/><\/a><figcaption id=\"caption-attachment-14142\" class=\"wp-caption-text\">Jean Wyllys \u00e9 acusado de quebra de decoro parlamentar (Foto: Ag\u00eancia Brasil)<\/figcaption><\/figure>\n<p>O Conselho de \u00c9tica da C\u00e2mara dos Deputados poder\u00e1 abrandar a puni\u00e7\u00e3o para o deputado Jean Wyllys (Psol-RJ), que responde a um processo por quebra de decoro parlamentar no colegiado. Integrantes do colegiado querem encontrar uma solu\u00e7\u00e3o mais amena para n\u00e3o terem que arquivar o pedido sob a alega\u00e7\u00e3o de que a pena era muito alta para a baixa gravidade do ato.<\/p>\n<p>Na semana passada, o relator do caso, deputado Ricardo Izar (PP-SP), apresentou um parecer pedindo a suspens\u00e3o do seu mandato por 120 dias. Jean Wyllys foi acusado de quebra de decoro parlamentar depois de ter cuspido em dire\u00e7\u00e3o ao deputado Jair Bolsonaro (PSC-RJ) e um grupo de advers\u00e1rios no plen\u00e1rio durante a vota\u00e7\u00e3o da fase de admissibilidade do pedido de impeachment da ex-presidenta Dilma Rousseff, em 17 de abril.<\/p>\n<p>Se a C\u00e2mara mantiver a agenda de trabalhos para esta semana, o conselho se reunir\u00e1 novamente para discutir a quest\u00e3o na pr\u00f3xima ter\u00e7a (20). A tend\u00eancia \u00e9 de que outros deputados apresentem votos em separado sugerindo alguma puni\u00e7\u00e3o mais leve para o colega. De acordo com integrantes do conselho, Izar tamb\u00e9m dever\u00e1 mudar o seu relat\u00f3rio para amenizar a proposta feita por ele anteriormente.<\/p>\n<p>Para alguns deputados, inicialmente havia at\u00e9 a possibilidade de que o relat\u00f3rio de Izar fosse rejeitado e o caso de Wyllys fosse arquivado sem a aplica\u00e7\u00e3o da puni\u00e7\u00e3o, mas uma publica\u00e7\u00e3o feita em sua p\u00e1gina no Facebook alterou os \u00e2nimos dos colegas.<\/p>\n<p>Na postagem, o deputado fluminense afirma que \u201cn\u00e3o est\u00e1 citado na Lava Jato\u201d, que n\u00e3o recebeu dinheiro de empreiteiras como OAS e Odebrecht e que nunca votou contra os trabalhadores, a educa\u00e7\u00e3o e a sa\u00fade p\u00fablicas, os direitos humanos e nunca cometeu nenhum crime.<\/p>\n<p>\u201cEstou deputado pelo voto popular. Porque 144.770 pessoas votaram em mim. Eu respondo a essas pessoas. Se suspenderem meu mandato, est\u00e3o calando toda essa gente. Voc\u00eas n\u00e3o gostam da democracia. Mas toda essa gente gosta. E muita mais. Pode crer\u201d, escreveu.<\/p>\n<p>A publica\u00e7\u00e3o foi encarada como uma provoca\u00e7\u00e3o pelos parlamentares e acabou gerando uma onda favor\u00e1vel \u00e0 aprova\u00e7\u00e3o do relat\u00f3rio que pede a sua puni\u00e7\u00e3o. \u201cMuitos deputados me ligaram depois disso para dizer que tinham mudado de ideia e que iriam votar a favor do meu parecer\u201d, contou Izar ao Congresso em Foco.<\/p>\n<p>Para ele, \u00e9 imposs\u00edvel desconsiderar que Wyllys quebrou o decoro parlamentar uma vez que sua atitude fere as regras da Casa. O deputado, no entanto, n\u00e3o confirmou se a puni\u00e7\u00e3o sugerida por ele poder\u00e1 mudar de fato. \u201cVamos ver na reuni\u00e3o de ter\u00e7a como vai ser\u201d, disse.<\/p>\n<p>Ao se defender no processo, Jean Wyllys alegou que seu gesto foi uma rea\u00e7\u00e3o aos insultos do parlamentar e seus pares. Homossexual assumido, Jean disse que Bolsonaro o chamou de \u201cqueima rosca\u201d e \u201cveadinho\u201d, entre outros termos homof\u00f3bicos. Jean usou seu perfil no Facebook para comentar, como tem feito nos \u00faltimos dias, o andamento do processo que enfrenta no Conselho de \u00c9tica.<\/p>\n<p>\u201cEstou muito feliz, nesse momento em que o Conselho de \u00c9tica discute a possibilidade de me condenar injustamente, por receber o apoio do meu amigo Marcelo Freixo, que foi candidato a prefeito no Rio, com enorme sucesso. Freixo \u00e9 uma pessoa generosa e muito sens\u00edvel\u201d, escreveu o deputado, que postou at\u00e9 um poema sobre o assunto na rede social (veja abaixo).<\/p>\n<p><strong>Adultera\u00e7\u00e3o<\/strong><\/p>\n<p>Em sua acusa\u00e7\u00e3o, Bolsonaro e seus aliados acusaram Jean Wyllys de ter desferido o cuspe de maneira premeditada. Filho de Bolsonaro, o tamb\u00e9m deputado Eduardo Bolsonaro (PSC-SP) veiculou um v\u00eddeo na internet e o exibiu no Conselho de \u00c9tica para constar como prova de que Jean premeditou o ato do cuspe. No entanto, uma per\u00edcia feita pelo Instituto de Criminal\u00edstica da Pol\u00edcia Civil do Distrito Federal constatou adultera\u00e7\u00e3o nas imagens, de forma a invalidar o material como prova.<\/p>\n<p>Nas imagens, Jean Wyllys conversa com o deputado Chico Alencar (Psol-RJ) e uma legenda atribui ao deputado do Rio de Janeiro a seguinte frase: \u201cEu vou cuspir na cara do Bolsonaro, Chico\u201d. O material, que pode ser encontrado em sites como o Youtube, sugere que a grava\u00e7\u00e3o foi feita antes do cuspe. Mas, segundo a per\u00edcia, esse di\u00e1logo decorreu do ato do cuspe e, com base em leitura labial, Jean fez a seguinte declara\u00e7\u00e3o: \u201cEu cuspi na cara do Bolsonaro, Chico\u201d.<\/p>\n<p><em>*Congresso em Foco<\/em><\/p>\n","protected":false},"excerpt":{"rendered":"<p>O relator do caso, deputado Ricardo Izar, apresentou parecer pedindo a suspens\u00e3o do mandato de Wyllys por 120 dias. O parlamentar \u00e9 acusado de quebra de decoro parlamentar depois de ter cuspido em dire\u00e7\u00e3o ao deputado Jair Bolsonaro O Conselho de \u00c9tica da C\u00e2mara dos Deputados poder\u00e1 abrandar a puni\u00e7\u00e3o para o deputado Jean Wyllys [&hellip;]<\/p>\n","protected":false},"author":2,"featured_media":14142,"comment_status":"open","ping_status":"open","sticky":false,"template":"","format":"standard","meta":{"_acf_changed":false,"_monsterinsights_skip_tracking":false,"_monsterinsights_sitenote_active":false,"_monsterinsights_sitenote_note":"","_monsterinsights_sitenote_category":0,"_jetpack_memberships_contains_paid_content":false,"footnotes":"","jetpack_publicize_message":"","jetpack_publicize_feature_enabled":true,"jetpack_social_post_already_shared":true,"jetpack_social_options":{"image_generator_settings":{"template":"highway","default_image_id":0,"font":"","enabled":false},"version":2}},"categories":[1,3],"tags":[],"class_list":["post-14141","post","type-post","status-publish","format-standard","has-post-thumbnail","hentry","category-noticias","category-politica"],"acf":[],"jetpack_publicize_connections":[],"jetpack_featured_media_url":"https:\/\/i0.wp.com\/blogdoeloiltoncajuhy.com.br\/site\/wp-content\/uploads\/2016\/12\/Wyllys.jpg?fit=580%2C401&ssl=1","jetpack_sharing_enabled":true,"publishpress_future_workflow_manual_trigger":{"enabledWorkflows":[]},"_links":{"self":[{"href":"https:\/\/blogdoeloiltoncajuhy.com.br\/site\/wp-json\/wp\/v2\/posts\/14141","targetHints":{"allow":["GET"]}}],"collection":[{"href":"https:\/\/blogdoeloiltoncajuhy.com.br\/site\/wp-json\/wp\/v2\/posts"}],"about":[{"href":"https:\/\/blogdoeloiltoncajuhy.com.br\/site\/wp-json\/wp\/v2\/types\/post"}],"author":[{"embeddable":true,"href":"https:\/\/blogdoeloiltoncajuhy.com.br\/site\/wp-json\/wp\/v2\/users\/2"}],"replies":[{"embeddable":true,"href":"https:\/\/blogdoeloiltoncajuhy.com.br\/site\/wp-json\/wp\/v2\/comments?post=14141"}],"version-history":[{"count":1,"href":"https:\/\/blogdoeloiltoncajuhy.com.br\/site\/wp-json\/wp\/v2\/posts\/14141\/revisions"}],"predecessor-version":[{"id":14143,"href":"https:\/\/blogdoeloiltoncajuhy.com.br\/site\/wp-json\/wp\/v2\/posts\/14141\/revisions\/14143"}],"wp:featuredmedia":[{"embeddable":true,"href":"https:\/\/blogdoeloiltoncajuhy.com.br\/site\/wp-json\/wp\/v2\/media\/14142"}],"wp:attachment":[{"href":"https:\/\/blogdoeloiltoncajuhy.com.br\/site\/wp-json\/wp\/v2\/media?parent=14141"}],"wp:term":[{"taxonomy":"category","embeddable":true,"href":"https:\/\/blogdoeloiltoncajuhy.com.br\/site\/wp-json\/wp\/v2\/categories?post=14141"},{"taxonomy":"post_tag","embeddable":true,"href":"https:\/\/blogdoeloiltoncajuhy.com.br\/site\/wp-json\/wp\/v2\/tags?post=14141"}],"curies":[{"name":"wp","href":"https:\/\/api.w.org\/{rel}","templated":true}]}}