{"id":14133,"date":"2016-12-18T08:44:48","date_gmt":"2016-12-18T11:44:48","guid":{"rendered":"http:\/\/blogdoeloiltoncajuhy.com.br\/site\/?p=14133"},"modified":"2016-12-18T08:44:48","modified_gmt":"2016-12-18T11:44:48","slug":"politica-planalto-teme-delacao-de-cunha-expectativa-e-de-depoimento-mesmo-sem-acordo","status":"publish","type":"post","link":"https:\/\/blogdoeloiltoncajuhy.com.br\/site\/politica-planalto-teme-delacao-de-cunha-expectativa-e-de-depoimento-mesmo-sem-acordo\/","title":{"rendered":"POL\u00cdTICA: Planalto teme dela\u00e7\u00e3o de Cunha; expectativa \u00e9 de depoimento mesmo sem acordo"},"content":{"rendered":"<figure id=\"attachment_14134\" aria-describedby=\"caption-attachment-14134\" style=\"width: 380px\" class=\"wp-caption aligncenter\"><a href=\"https:\/\/i0.wp.com\/blogdoeloiltoncajuhy.com.br\/site\/wp-content\/uploads\/2016\/12\/cunha-dez_16.jpg\"><img data-recalc-dims=\"1\" fetchpriority=\"high\" decoding=\"async\" class=\"wp-image-14134 size-full\" src=\"https:\/\/i0.wp.com\/blogdoeloiltoncajuhy.com.br\/site\/wp-content\/uploads\/2016\/12\/cunha-dez_16.jpg?resize=380%2C280\" width=\"380\" height=\"280\" srcset=\"https:\/\/i0.wp.com\/blogdoeloiltoncajuhy.com.br\/site\/wp-content\/uploads\/2016\/12\/cunha-dez_16.jpg?w=380&amp;ssl=1 380w, https:\/\/i0.wp.com\/blogdoeloiltoncajuhy.com.br\/site\/wp-content\/uploads\/2016\/12\/cunha-dez_16.jpg?resize=300%2C221&amp;ssl=1 300w, https:\/\/i0.wp.com\/blogdoeloiltoncajuhy.com.br\/site\/wp-content\/uploads\/2016\/12\/cunha-dez_16.jpg?resize=250%2C184&amp;ssl=1 250w\" sizes=\"(max-width: 380px) 100vw, 380px\" \/><\/a><figcaption id=\"caption-attachment-14134\" class=\"wp-caption-text\">Foto: Antonio Cruz\/ Ag\u00eancia Brasil<\/figcaption><\/figure>\n<p>Integrantes do governo Michel Temer dizem ter informa\u00e7\u00f5es de que a pior parte das dela\u00e7\u00f5es j\u00e1 foi divulgada. Segundo a coluna Painel, do jornal Folha de S. Paulo, pessoas ligadas \u00e0 Opera\u00e7\u00e3o Lava Jato afirmam, no entanto, que os depoimentos de Marcelo Odebrecht e de seu pai, Em\u00edlio, ainda devem render problemas ao presidente.<\/p>\n<p>Nos bastidores do Planalto, a c\u00fapula tem maior receio da prov\u00e1vel colabora\u00e7\u00e3o do ex-presidente da C\u00e2mara e deputado cassado, Eduardo Cunha (PMDB). A expectativa do peemedebista era de que seus aliados o ajudassem a tirar da pris\u00e3o de forma breve \u2013 preso h\u00e1 dois meses, j\u00e1 est\u00e1 ficando sem paci\u00eancia.<\/p>\n<p>No Planalto, a convic\u00e7\u00e3o \u00e9 de que o ex-parlamentar falar\u00e1 mesmo que a Lava Jato n\u00e3o aceite fechar um acordo de dela\u00e7\u00e3o premiada. No roteiro de seu depoimento, Marcelo Odebrecht chegou a cit\u00e1-lo, afirmando que ele sugeriu a contrata\u00e7\u00e3o da Kroll, empresa de investiga\u00e7\u00e3o corporativa, que poderia monitorar o andamento da opera\u00e7\u00e3o. O empreiteiro garante que n\u00e3o aceitou a sugest\u00e3o.<\/p>\n<p><em>*Bahia Not\u00edcias<\/em><\/p>\n","protected":false},"excerpt":{"rendered":"<p>Integrantes do governo Michel Temer dizem ter informa\u00e7\u00f5es de que a pior parte das dela\u00e7\u00f5es j\u00e1 foi divulgada. Segundo a coluna Painel, do jornal Folha de S. Paulo, pessoas ligadas \u00e0 Opera\u00e7\u00e3o Lava Jato afirmam, no entanto, que os depoimentos de Marcelo Odebrecht e de seu pai, Em\u00edlio, ainda devem render problemas ao presidente. Nos [&hellip;]<\/p>\n","protected":false},"author":2,"featured_media":14134,"comment_status":"open","ping_status":"open","sticky":false,"template":"","format":"standard","meta":{"_acf_changed":false,"_monsterinsights_skip_tracking":false,"_monsterinsights_sitenote_active":false,"_monsterinsights_sitenote_note":"","_monsterinsights_sitenote_category":0,"_jetpack_memberships_contains_paid_content":false,"footnotes":"","jetpack_publicize_message":"","jetpack_publicize_feature_enabled":true,"jetpack_social_post_already_shared":true,"jetpack_social_options":{"image_generator_settings":{"template":"highway","default_image_id":0,"font":"","enabled":false},"version":2}},"categories":[1,3],"tags":[],"class_list":["post-14133","post","type-post","status-publish","format-standard","has-post-thumbnail","hentry","category-noticias","category-politica"],"acf":[],"jetpack_publicize_connections":[],"jetpack_featured_media_url":"https:\/\/i0.wp.com\/blogdoeloiltoncajuhy.com.br\/site\/wp-content\/uploads\/2016\/12\/cunha-dez_16.jpg?fit=380%2C280&ssl=1","jetpack_sharing_enabled":true,"publishpress_future_workflow_manual_trigger":{"enabledWorkflows":[]},"_links":{"self":[{"href":"https:\/\/blogdoeloiltoncajuhy.com.br\/site\/wp-json\/wp\/v2\/posts\/14133","targetHints":{"allow":["GET"]}}],"collection":[{"href":"https:\/\/blogdoeloiltoncajuhy.com.br\/site\/wp-json\/wp\/v2\/posts"}],"about":[{"href":"https:\/\/blogdoeloiltoncajuhy.com.br\/site\/wp-json\/wp\/v2\/types\/post"}],"author":[{"embeddable":true,"href":"https:\/\/blogdoeloiltoncajuhy.com.br\/site\/wp-json\/wp\/v2\/users\/2"}],"replies":[{"embeddable":true,"href":"https:\/\/blogdoeloiltoncajuhy.com.br\/site\/wp-json\/wp\/v2\/comments?post=14133"}],"version-history":[{"count":1,"href":"https:\/\/blogdoeloiltoncajuhy.com.br\/site\/wp-json\/wp\/v2\/posts\/14133\/revisions"}],"predecessor-version":[{"id":14135,"href":"https:\/\/blogdoeloiltoncajuhy.com.br\/site\/wp-json\/wp\/v2\/posts\/14133\/revisions\/14135"}],"wp:featuredmedia":[{"embeddable":true,"href":"https:\/\/blogdoeloiltoncajuhy.com.br\/site\/wp-json\/wp\/v2\/media\/14134"}],"wp:attachment":[{"href":"https:\/\/blogdoeloiltoncajuhy.com.br\/site\/wp-json\/wp\/v2\/media?parent=14133"}],"wp:term":[{"taxonomy":"category","embeddable":true,"href":"https:\/\/blogdoeloiltoncajuhy.com.br\/site\/wp-json\/wp\/v2\/categories?post=14133"},{"taxonomy":"post_tag","embeddable":true,"href":"https:\/\/blogdoeloiltoncajuhy.com.br\/site\/wp-json\/wp\/v2\/tags?post=14133"}],"curies":[{"name":"wp","href":"https:\/\/api.w.org\/{rel}","templated":true}]}}