{"id":14124,"date":"2016-12-17T15:47:24","date_gmt":"2016-12-17T18:47:24","guid":{"rendered":"http:\/\/blogdoeloiltoncajuhy.com.br\/site\/?p=14124"},"modified":"2016-12-17T22:01:04","modified_gmt":"2016-12-18T01:01:04","slug":"politica-carlos-brasileiro-anuncia-equipe-de-governo-completa-confira","status":"publish","type":"post","link":"https:\/\/blogdoeloiltoncajuhy.com.br\/site\/politica-carlos-brasileiro-anuncia-equipe-de-governo-completa-confira\/","title":{"rendered":"POL\u00cdTICA: Carlos Brasileiro anuncia equipe de governo completa. Confira"},"content":{"rendered":"<p><a href=\"https:\/\/i0.wp.com\/blogdoeloiltoncajuhy.com.br\/site\/wp-content\/uploads\/2016\/12\/Brasileiro-diploma%C3%A7%C3%A3o.jpg\"><img data-recalc-dims=\"1\" fetchpriority=\"high\" decoding=\"async\" class=\"aligncenter size-full wp-image-13938\" src=\"https:\/\/i0.wp.com\/blogdoeloiltoncajuhy.com.br\/site\/wp-content\/uploads\/2016\/12\/Brasileiro-diploma%C3%A7%C3%A3o.jpg?resize=800%2C533\" alt=\"\" width=\"800\" height=\"533\" srcset=\"https:\/\/i0.wp.com\/blogdoeloiltoncajuhy.com.br\/site\/wp-content\/uploads\/2016\/12\/Brasileiro-diploma%C3%A7%C3%A3o.jpg?w=960&amp;ssl=1 960w, https:\/\/i0.wp.com\/blogdoeloiltoncajuhy.com.br\/site\/wp-content\/uploads\/2016\/12\/Brasileiro-diploma%C3%A7%C3%A3o.jpg?resize=300%2C200&amp;ssl=1 300w, https:\/\/i0.wp.com\/blogdoeloiltoncajuhy.com.br\/site\/wp-content\/uploads\/2016\/12\/Brasileiro-diploma%C3%A7%C3%A3o.jpg?resize=768%2C512&amp;ssl=1 768w, https:\/\/i0.wp.com\/blogdoeloiltoncajuhy.com.br\/site\/wp-content\/uploads\/2016\/12\/Brasileiro-diploma%C3%A7%C3%A3o.jpg?resize=250%2C167&amp;ssl=1 250w\" sizes=\"(max-width: 800px) 100vw, 800px\" \/><\/a>O Prefeito eleito de Senhor do Bonfim, Carlos Brasileiro, anunciou agora a pouco, em primeira m\u00e3o, para o <strong>BLOG DO ELOILTON CAJUHY<\/strong>, a equipe completa de governo que assumir\u00e1 no pr\u00f3ximo dia 1\u00ba de janeiro de 2017.<\/p>\n<p><strong>Confira a lista:<\/strong><\/p>\n<p><strong>= Chefe Gabinete<\/strong> &#8211; H\u00e9lder Amorim<br \/>\n<strong>= Secretaria de Sa\u00fade<\/strong> &#8211; Angeli Matos<br \/>\n<strong>= Secretaria de Educa\u00e7\u00e3o<\/strong> &#8211; Cristiane Maia<br \/>\n<strong>= Secretaria de A\u00e7\u00e3o Social<\/strong> &#8211; Vera Magalh\u00e3es<br \/>\n<strong>= Secretaria de Finan\u00e7as e Planejamento<\/strong> &#8211; Benito Brasileiro<br \/>\n<strong>= Secretaria de Cultura<\/strong> &#8211; Rodrigo Wanderley (Pez\u00e3o)<br \/>\n<strong>= Secretaria de Desenvolvimento da Agricultura Familiar<\/strong> &#8211; Damiana Duarte<br \/>\n<strong>= Secretaria de Desenvolvimento da Agropecu\u00e1ria<\/strong> \u2013 F\u00e1bio Cedraz<br \/>\n<strong>= Secretaria de Desenvolvimento Econ\u00f4mico, Turismo e Esporte<\/strong> &#8211; Gustavo Miranda<br \/>\n<strong>= Secretaria de Administra\u00e7\u00e3o<\/strong> &#8211; Cl\u00e1udio Nunes<br \/>\n<strong>= Secretaria de Infraestrutura e Meio Ambiente<\/strong> &#8211; Ivan Barbosa<br \/>\n<strong>= Gabinete Vice Prefeito<\/strong> &#8211; Z\u00e9 Ant\u00f4nio<br \/>\n<strong>= Tesoureiro<\/strong> &#8211; Rivaldo Tavares<br \/>\n<strong>= Controlador Interno<\/strong> &#8211; Idelson Benedito<br \/>\n<strong>= Procurador Jur\u00eddico<\/strong> &#8211; Francisco Cardoso<br \/>\n<strong>= Assessor Especial de Comunica\u00e7\u00e3o<\/strong> &#8211; Ricardo Aquino<\/p>\n<p>Brasileiro informou, ainda, que o Gabinete do Vice Prefeito \u00a0ter\u00e1 uma equipe comandada por Z\u00e9 Antonio para acompanhar os grandes projetos do governo.<\/p>\n<p>A posse de Carlos Brasileiro, prefeito, e de Z\u00e9 Antonio, vice, est\u00e1 marcada para as 11h da manh\u00e3 do dia 1\u00ba de janeiro, no Col\u00e9gio Sacramentinas. Antes, \u00e0s 10h, acontecer\u00e1 a posse dos vereadores eleitos, na C\u00e2mara Municipal de Senhor do Bonfim.<\/p>\n<p><em><strong>*BLOG DO ELOILTON CAJUHY<\/strong><\/em><\/p>\n","protected":false},"excerpt":{"rendered":"<p>O Prefeito eleito de Senhor do Bonfim, Carlos Brasileiro, anunciou agora a pouco, em primeira m\u00e3o, para o BLOG DO ELOILTON CAJUHY, a equipe completa de governo que assumir\u00e1 no pr\u00f3ximo dia 1\u00ba de janeiro de 2017. Confira a lista: = Chefe Gabinete &#8211; H\u00e9lder Amorim = Secretaria de Sa\u00fade &#8211; Angeli Matos = Secretaria [&hellip;]<\/p>\n","protected":false},"author":2,"featured_media":0,"comment_status":"open","ping_status":"open","sticky":false,"template":"","format":"standard","meta":{"_acf_changed":false,"_monsterinsights_skip_tracking":false,"_monsterinsights_sitenote_active":false,"_monsterinsights_sitenote_note":"","_monsterinsights_sitenote_category":0,"_jetpack_memberships_contains_paid_content":false,"footnotes":"","jetpack_publicize_message":"","jetpack_publicize_feature_enabled":true,"jetpack_social_post_already_shared":true,"jetpack_social_options":{"image_generator_settings":{"template":"highway","default_image_id":0,"font":"","enabled":false},"version":2}},"categories":[1,3,4],"tags":[],"class_list":["post-14124","post","type-post","status-publish","format-standard","hentry","category-noticias","category-politica","category-local"],"acf":[],"jetpack_publicize_connections":[],"jetpack_featured_media_url":"","jetpack_sharing_enabled":true,"publishpress_future_workflow_manual_trigger":{"enabledWorkflows":[]},"_links":{"self":[{"href":"https:\/\/blogdoeloiltoncajuhy.com.br\/site\/wp-json\/wp\/v2\/posts\/14124","targetHints":{"allow":["GET"]}}],"collection":[{"href":"https:\/\/blogdoeloiltoncajuhy.com.br\/site\/wp-json\/wp\/v2\/posts"}],"about":[{"href":"https:\/\/blogdoeloiltoncajuhy.com.br\/site\/wp-json\/wp\/v2\/types\/post"}],"author":[{"embeddable":true,"href":"https:\/\/blogdoeloiltoncajuhy.com.br\/site\/wp-json\/wp\/v2\/users\/2"}],"replies":[{"embeddable":true,"href":"https:\/\/blogdoeloiltoncajuhy.com.br\/site\/wp-json\/wp\/v2\/comments?post=14124"}],"version-history":[{"count":3,"href":"https:\/\/blogdoeloiltoncajuhy.com.br\/site\/wp-json\/wp\/v2\/posts\/14124\/revisions"}],"predecessor-version":[{"id":14129,"href":"https:\/\/blogdoeloiltoncajuhy.com.br\/site\/wp-json\/wp\/v2\/posts\/14124\/revisions\/14129"}],"wp:attachment":[{"href":"https:\/\/blogdoeloiltoncajuhy.com.br\/site\/wp-json\/wp\/v2\/media?parent=14124"}],"wp:term":[{"taxonomy":"category","embeddable":true,"href":"https:\/\/blogdoeloiltoncajuhy.com.br\/site\/wp-json\/wp\/v2\/categories?post=14124"},{"taxonomy":"post_tag","embeddable":true,"href":"https:\/\/blogdoeloiltoncajuhy.com.br\/site\/wp-json\/wp\/v2\/tags?post=14124"}],"curies":[{"name":"wp","href":"https:\/\/api.w.org\/{rel}","templated":true}]}}