{"id":14114,"date":"2016-12-17T10:18:17","date_gmt":"2016-12-17T13:18:17","guid":{"rendered":"http:\/\/blogdoeloiltoncajuhy.com.br\/site\/?p=14114"},"modified":"2016-12-17T10:18:17","modified_gmt":"2016-12-17T13:18:17","slug":"ultimo-programa-do-jo-tem-agradecimento-a-silvio-santos-e-ironia-com-boni","status":"publish","type":"post","link":"https:\/\/blogdoeloiltoncajuhy.com.br\/site\/ultimo-programa-do-jo-tem-agradecimento-a-silvio-santos-e-ironia-com-boni\/","title":{"rendered":"\u00daltimo &#8220;Programa do J\u00f4&#8221; tem agradecimento a Silvio Santos e ironia com Boni"},"content":{"rendered":"<figure id=\"attachment_14115\" aria-describedby=\"caption-attachment-14115\" style=\"width: 600px\" class=\"wp-caption aligncenter\"><a href=\"https:\/\/i0.wp.com\/blogdoeloiltoncajuhy.com.br\/site\/wp-content\/uploads\/2016\/12\/j%C3%B4-ziraldo-e1481980654160.jpg\"><img data-recalc-dims=\"1\" fetchpriority=\"high\" decoding=\"async\" class=\"wp-image-14115 size-full\" src=\"https:\/\/i0.wp.com\/blogdoeloiltoncajuhy.com.br\/site\/wp-content\/uploads\/2016\/12\/j%C3%B4-ziraldo-e1481980654160.jpg?resize=600%2C337\" width=\"600\" height=\"337\" \/><\/a><figcaption id=\"caption-attachment-14115\" class=\"wp-caption-text\">J\u00f4 entrevistou Ziraldo em seu \u00faltimo &#8220;Programa do J\u00f4&#8221; na Globo (Imagem: Ram\u00f3n Vasconcelos\/Divulga\u00e7\u00e3o\/TV Globo)<\/figcaption><\/figure>\n<p>Foram 14.426 entrevistas desde o primeiro programa no SBT, em 1988. Bastante emocionado, J\u00f4 Soares encerrou o \u00faltimo &#8220;Programa do J\u00f4&#8221; dizendo: &#8220;Daqui a pouco a gente volta&#8221;.<\/p>\n<p>Gravado nesta sexta-feira (16) em S\u00e3o Paulo, o programa foi marcado por emo\u00e7\u00e3o, agradecimentos a Silvio Santos e ironias com Jos\u00e9 Bonif\u00e1cio de Oliveira Sobrinho, o Boni, executivo que comandou a Globo por tr\u00eas d\u00e9cadas.<\/p>\n<p>A grava\u00e7\u00e3o come\u00e7ou \u00e0s 18h30. J\u00f4 foi recebido de p\u00e9 pela plateia, que o aplaudiu longamente e gritou o seu nome. &#8220;Estamos estreando&#8230;&#8221;, disse rindo. &#8220;Hoje, 16 de dezembro de 2016, dia da \u00faltima apresenta\u00e7\u00e3o do &#8216;Programa do J\u00f4'&#8221;, come\u00e7ou.<\/p>\n<p>Todo de branco, com uma gravata borboleta colorida, J\u00f4 fez um longo discurso de agradecimento. Por dez minutos, falou das pessoas que marcaram o programa. &#8220;Quero agradecer particularmente a Silvio Santos, que abriu esta porta para mim. Este programa mudou a minha vida&#8221;, disse.<\/p>\n<p>O apresentador agradeceu tamb\u00e9m &#8220;\u00e0s figuras an\u00f4nimas, cujas entrevistas modificaram a vida deles e tamb\u00e9m a minha&#8221;, falou, emocionado.<\/p>\n<p><strong>Ironia com Boni<\/strong><\/p>\n<p>J\u00f4 mencionou ainda tr\u00eas figuras a quem deu cr\u00e9dito por sua volta \u00e0 Globo, em 2000: a ent\u00e3o diretora-geral Marluce Dias, o diretor Erico Magalh\u00e3es e o diretor de jornalismo na \u00e9poca, Evandro Carlos de Andrade (1931-2001). Este \u00faltimo, contou, &#8220;foi respons\u00e1vel por fazer a aproxima\u00e7\u00e3o&#8221;.<\/p>\n<p>J\u00f4 deixou a Globo rumo ao SBT em 1988 contra a vontade de Boni, ent\u00e3o o chef\u00e3o da emissora. J\u00f4 lembrou a Ziraldo, o convidado do \u00faltimo programa, a rea\u00e7\u00e3o enfurecida do executivo \u00e0 sua sa\u00edda \u2013 Boni proibiu a veicula\u00e7\u00e3o de comerciais com o apresentador na Globo.<\/p>\n<p>J\u00f4 reagiu com um artigo violento no &#8220;Jornal do Brasil&#8221; e um famoso discurso na entrega do Trof\u00e9u Imprensa. Os comercias voltaram a ser veiculados por decis\u00e3o de Roberto Marinho, disse.<\/p>\n<p>Pouco depois de sua sa\u00edda da Globo, contou, foi procurado por Roberto Marinho. Foram jantar. O dono da emissora relatou a J\u00f4 um di\u00e1logo que teve com Boni. &#8220;Eu vou jantar com meu amigo J\u00f4 porque eu n\u00e3o tenho nenhum problema com ele&#8221;. Boni teria se justificado dizendo: &#8220;Mas, doutor Roberto, o senhor estava na It\u00e1lia quando ele saiu&#8221;. Marinho ent\u00e3o ironizou: &#8220;Mas na It\u00e1lia n\u00e3o tem telefone?&#8221;<\/p>\n<p><strong>&#8220;Sem plateia eu n\u00e3o existo&#8221;<\/strong><\/p>\n<p>Em outro momento que manifestou emo\u00e7\u00e3o, J\u00f4 falou da sua banda, que o acompanha h\u00e1 28 anos, de dois roteiristas desde os prim\u00f3rdios, Hilton Marques e Max Nunes (1922-2014), este j\u00e1 falecido. &#8220;Ele pegou a Ponte A\u00e9rea at\u00e9 os 90 anos para vir aqui. Nunca faltou&#8221;.\u00a0Um \u00faltimo agradecimento foi dedicado \u00e0 plateia. &#8220;Sem plateia eu n\u00e3o existo&#8221;.<\/p>\n<p>Ziraldo &#8220;entrevistou&#8221; J\u00f4 durante a conversa. Ouviu o apresentador explicar porque sempre tratou todos os seus convidados de forma informal, como &#8220;voc\u00ea&#8221;. &#8220;Quando fui entrevistar o (ex-ministro Otavio Gouveia de) Bulh\u00f5es, decidi que n\u00e3o fazia sentido chamar ministro de \u2018senhor\u2019 e motorista de \u2018voc\u00ea\u2019, porque, no Brasil, isso \u00e9 uma coisa de classe social. \u00c9 a maneira de me aproximar das pessoas&#8221;, contou. &#8220;\u00c9 uma das coisas que mais me orgulho de ter estabelecido: um tratamento igual para todo mundo. Chamo o ministro do Supremo de voc\u00ea&#8221;.<\/p>\n<p><em>*Do UOL, em S\u00e3o Paulo<\/em><\/p>\n","protected":false},"excerpt":{"rendered":"<p>Foram 14.426 entrevistas desde o primeiro programa no SBT, em 1988. Bastante emocionado, J\u00f4 Soares encerrou o \u00faltimo &#8220;Programa do J\u00f4&#8221; dizendo: &#8220;Daqui a pouco a gente volta&#8221;. Gravado nesta sexta-feira (16) em S\u00e3o Paulo, o programa foi marcado por emo\u00e7\u00e3o, agradecimentos a Silvio Santos e ironias com Jos\u00e9 Bonif\u00e1cio de Oliveira Sobrinho, o Boni, [&hellip;]<\/p>\n","protected":false},"author":2,"featured_media":14115,"comment_status":"open","ping_status":"open","sticky":false,"template":"","format":"standard","meta":{"_acf_changed":false,"_monsterinsights_skip_tracking":false,"_monsterinsights_sitenote_active":false,"_monsterinsights_sitenote_note":"","_monsterinsights_sitenote_category":0,"_jetpack_memberships_contains_paid_content":false,"footnotes":"","jetpack_publicize_message":"","jetpack_publicize_feature_enabled":true,"jetpack_social_post_already_shared":true,"jetpack_social_options":{"image_generator_settings":{"template":"highway","default_image_id":0,"font":"","enabled":false},"version":2}},"categories":[8,1],"tags":[],"class_list":["post-14114","post","type-post","status-publish","format-standard","has-post-thumbnail","hentry","category-cultura","category-noticias"],"acf":[],"jetpack_publicize_connections":[],"jetpack_featured_media_url":"https:\/\/i0.wp.com\/blogdoeloiltoncajuhy.com.br\/site\/wp-content\/uploads\/2016\/12\/j%C3%B4-ziraldo-e1481980654160.jpg?fit=600%2C337&ssl=1","jetpack_sharing_enabled":true,"publishpress_future_workflow_manual_trigger":{"enabledWorkflows":[]},"_links":{"self":[{"href":"https:\/\/blogdoeloiltoncajuhy.com.br\/site\/wp-json\/wp\/v2\/posts\/14114","targetHints":{"allow":["GET"]}}],"collection":[{"href":"https:\/\/blogdoeloiltoncajuhy.com.br\/site\/wp-json\/wp\/v2\/posts"}],"about":[{"href":"https:\/\/blogdoeloiltoncajuhy.com.br\/site\/wp-json\/wp\/v2\/types\/post"}],"author":[{"embeddable":true,"href":"https:\/\/blogdoeloiltoncajuhy.com.br\/site\/wp-json\/wp\/v2\/users\/2"}],"replies":[{"embeddable":true,"href":"https:\/\/blogdoeloiltoncajuhy.com.br\/site\/wp-json\/wp\/v2\/comments?post=14114"}],"version-history":[{"count":1,"href":"https:\/\/blogdoeloiltoncajuhy.com.br\/site\/wp-json\/wp\/v2\/posts\/14114\/revisions"}],"predecessor-version":[{"id":14116,"href":"https:\/\/blogdoeloiltoncajuhy.com.br\/site\/wp-json\/wp\/v2\/posts\/14114\/revisions\/14116"}],"wp:featuredmedia":[{"embeddable":true,"href":"https:\/\/blogdoeloiltoncajuhy.com.br\/site\/wp-json\/wp\/v2\/media\/14115"}],"wp:attachment":[{"href":"https:\/\/blogdoeloiltoncajuhy.com.br\/site\/wp-json\/wp\/v2\/media?parent=14114"}],"wp:term":[{"taxonomy":"category","embeddable":true,"href":"https:\/\/blogdoeloiltoncajuhy.com.br\/site\/wp-json\/wp\/v2\/categories?post=14114"},{"taxonomy":"post_tag","embeddable":true,"href":"https:\/\/blogdoeloiltoncajuhy.com.br\/site\/wp-json\/wp\/v2\/tags?post=14114"}],"curies":[{"name":"wp","href":"https:\/\/api.w.org\/{rel}","templated":true}]}}