{"id":14111,"date":"2016-12-17T10:04:34","date_gmt":"2016-12-17T13:04:34","guid":{"rendered":"http:\/\/blogdoeloiltoncajuhy.com.br\/site\/?p=14111"},"modified":"2016-12-17T10:04:34","modified_gmt":"2016-12-17T13:04:34","slug":"caminhada-pela-vida-e-contra-o-aborto-acontecera-neste-domingo-18-em-bonfim","status":"publish","type":"post","link":"https:\/\/blogdoeloiltoncajuhy.com.br\/site\/caminhada-pela-vida-e-contra-o-aborto-acontecera-neste-domingo-18-em-bonfim\/","title":{"rendered":"Caminhada pela vida e contra o aborto acontecer\u00e1 neste domingo (18) em Bonfim"},"content":{"rendered":"<p><a href=\"https:\/\/i0.wp.com\/blogdoeloiltoncajuhy.com.br\/site\/wp-content\/uploads\/2016\/12\/n%C3%A3o-ao-aborto.jpg\"><img data-recalc-dims=\"1\" fetchpriority=\"high\" decoding=\"async\" class=\"aligncenter size-full wp-image-14112\" src=\"https:\/\/i0.wp.com\/blogdoeloiltoncajuhy.com.br\/site\/wp-content\/uploads\/2016\/12\/n%C3%A3o-ao-aborto.jpg?resize=400%2C267\" alt=\"\" width=\"400\" height=\"267\" srcset=\"https:\/\/i0.wp.com\/blogdoeloiltoncajuhy.com.br\/site\/wp-content\/uploads\/2016\/12\/n%C3%A3o-ao-aborto.jpg?w=400&amp;ssl=1 400w, https:\/\/i0.wp.com\/blogdoeloiltoncajuhy.com.br\/site\/wp-content\/uploads\/2016\/12\/n%C3%A3o-ao-aborto.jpg?resize=300%2C200&amp;ssl=1 300w, https:\/\/i0.wp.com\/blogdoeloiltoncajuhy.com.br\/site\/wp-content\/uploads\/2016\/12\/n%C3%A3o-ao-aborto.jpg?resize=250%2C167&amp;ssl=1 250w\" sizes=\"(max-width: 400px) 100vw, 400px\" \/><\/a>Vai acontecer neste domingo, 18 de dezembro, uma caminhada que defende a aprova\u00e7\u00e3o do Estatuto do Nascituro e diz n\u00e3o \u00e0 legaliza\u00e7\u00e3o do aborto.<\/p>\n<p>A caminhada a favor da vida e contra o aborto ter\u00e1 inicio \u00e0s 7h30 com a celebra\u00e7\u00e3o de uma missa na Catedral Diocesana e depois uma caminhada ecum\u00eanica acontecer\u00e1 pelas ruas de Senhor do Bonfim.<\/p>\n<p><a href=\"https:\/\/i0.wp.com\/blogdoeloiltoncajuhy.com.br\/site\/wp-content\/uploads\/2016\/12\/caminhada-pela-vida.jpg\"><img data-recalc-dims=\"1\" decoding=\"async\" class=\"aligncenter wp-image-14090 size-medium\" src=\"https:\/\/i0.wp.com\/blogdoeloiltoncajuhy.com.br\/site\/wp-content\/uploads\/2016\/12\/caminhada-pela-vida.jpg?resize=231%2C300\" width=\"231\" height=\"300\" srcset=\"https:\/\/i0.wp.com\/blogdoeloiltoncajuhy.com.br\/site\/wp-content\/uploads\/2016\/12\/caminhada-pela-vida.jpg?resize=231%2C300&amp;ssl=1 231w, https:\/\/i0.wp.com\/blogdoeloiltoncajuhy.com.br\/site\/wp-content\/uploads\/2016\/12\/caminhada-pela-vida.jpg?resize=768%2C997&amp;ssl=1 768w, https:\/\/i0.wp.com\/blogdoeloiltoncajuhy.com.br\/site\/wp-content\/uploads\/2016\/12\/caminhada-pela-vida.jpg?resize=789%2C1024&amp;ssl=1 789w, https:\/\/i0.wp.com\/blogdoeloiltoncajuhy.com.br\/site\/wp-content\/uploads\/2016\/12\/caminhada-pela-vida.jpg?resize=193%2C250&amp;ssl=1 193w, https:\/\/i0.wp.com\/blogdoeloiltoncajuhy.com.br\/site\/wp-content\/uploads\/2016\/12\/caminhada-pela-vida.jpg?w=986&amp;ssl=1 986w\" sizes=\"(max-width: 231px) 100vw, 231px\" \/><\/a>A inciativa \u00e9 da Par\u00f3quia de Senhor do Bonfim. Todos os participantes est\u00e3o sendo convidados a usar roupa branca ou vermelha.<\/p>\n<p><em>*Falandotudo.com<\/em><\/p>\n","protected":false},"excerpt":{"rendered":"<p>Vai acontecer neste domingo, 18 de dezembro, uma caminhada que defende a aprova\u00e7\u00e3o do Estatuto do Nascituro e diz n\u00e3o \u00e0 legaliza\u00e7\u00e3o do aborto. A caminhada a favor da vida e contra o aborto ter\u00e1 inicio \u00e0s 7h30 com a celebra\u00e7\u00e3o de uma missa na Catedral Diocesana e depois uma caminhada ecum\u00eanica acontecer\u00e1 pelas ruas [&hellip;]<\/p>\n","protected":false},"author":2,"featured_media":14112,"comment_status":"open","ping_status":"open","sticky":false,"template":"","format":"standard","meta":{"_acf_changed":false,"_monsterinsights_skip_tracking":false,"_monsterinsights_sitenote_active":false,"_monsterinsights_sitenote_note":"","_monsterinsights_sitenote_category":0,"_jetpack_memberships_contains_paid_content":false,"footnotes":"","jetpack_publicize_message":"","jetpack_publicize_feature_enabled":true,"jetpack_social_post_already_shared":true,"jetpack_social_options":{"image_generator_settings":{"template":"highway","default_image_id":0,"font":"","enabled":false},"version":2}},"categories":[1,4],"tags":[],"class_list":["post-14111","post","type-post","status-publish","format-standard","has-post-thumbnail","hentry","category-noticias","category-local"],"acf":[],"jetpack_publicize_connections":[],"jetpack_featured_media_url":"https:\/\/i0.wp.com\/blogdoeloiltoncajuhy.com.br\/site\/wp-content\/uploads\/2016\/12\/n%C3%A3o-ao-aborto.jpg?fit=400%2C267&ssl=1","jetpack_sharing_enabled":true,"publishpress_future_workflow_manual_trigger":{"enabledWorkflows":[]},"_links":{"self":[{"href":"https:\/\/blogdoeloiltoncajuhy.com.br\/site\/wp-json\/wp\/v2\/posts\/14111","targetHints":{"allow":["GET"]}}],"collection":[{"href":"https:\/\/blogdoeloiltoncajuhy.com.br\/site\/wp-json\/wp\/v2\/posts"}],"about":[{"href":"https:\/\/blogdoeloiltoncajuhy.com.br\/site\/wp-json\/wp\/v2\/types\/post"}],"author":[{"embeddable":true,"href":"https:\/\/blogdoeloiltoncajuhy.com.br\/site\/wp-json\/wp\/v2\/users\/2"}],"replies":[{"embeddable":true,"href":"https:\/\/blogdoeloiltoncajuhy.com.br\/site\/wp-json\/wp\/v2\/comments?post=14111"}],"version-history":[{"count":1,"href":"https:\/\/blogdoeloiltoncajuhy.com.br\/site\/wp-json\/wp\/v2\/posts\/14111\/revisions"}],"predecessor-version":[{"id":14113,"href":"https:\/\/blogdoeloiltoncajuhy.com.br\/site\/wp-json\/wp\/v2\/posts\/14111\/revisions\/14113"}],"wp:featuredmedia":[{"embeddable":true,"href":"https:\/\/blogdoeloiltoncajuhy.com.br\/site\/wp-json\/wp\/v2\/media\/14112"}],"wp:attachment":[{"href":"https:\/\/blogdoeloiltoncajuhy.com.br\/site\/wp-json\/wp\/v2\/media?parent=14111"}],"wp:term":[{"taxonomy":"category","embeddable":true,"href":"https:\/\/blogdoeloiltoncajuhy.com.br\/site\/wp-json\/wp\/v2\/categories?post=14111"},{"taxonomy":"post_tag","embeddable":true,"href":"https:\/\/blogdoeloiltoncajuhy.com.br\/site\/wp-json\/wp\/v2\/tags?post=14111"}],"curies":[{"name":"wp","href":"https:\/\/api.w.org\/{rel}","templated":true}]}}