{"id":14102,"date":"2016-12-16T21:15:53","date_gmt":"2016-12-17T00:15:53","guid":{"rendered":"http:\/\/blogdoeloiltoncajuhy.com.br\/site\/?p=14102"},"modified":"2016-12-16T21:15:53","modified_gmt":"2016-12-17T00:15:53","slug":"ex-diretor-do-campus-da-uneb-de-bonfim-recebe-titulo-de-cidadao-baiano-na-al-ba","status":"publish","type":"post","link":"https:\/\/blogdoeloiltoncajuhy.com.br\/site\/ex-diretor-do-campus-da-uneb-de-bonfim-recebe-titulo-de-cidadao-baiano-na-al-ba\/","title":{"rendered":"Ex-diretor do Campus da Uneb de Bonfim recebe t\u00edtulo de Cidad\u00e3o Baiano na AL-BA"},"content":{"rendered":"<figure id=\"attachment_14103\" aria-describedby=\"caption-attachment-14103\" style=\"width: 600px\" class=\"wp-caption aligncenter\"><a href=\"https:\/\/i0.wp.com\/blogdoeloiltoncajuhy.com.br\/site\/wp-content\/uploads\/2016\/12\/prof.bites-cidad%C3%A3o2-e1481933613754.jpg\"><img data-recalc-dims=\"1\" fetchpriority=\"high\" decoding=\"async\" class=\"wp-image-14103 size-full\" src=\"https:\/\/i0.wp.com\/blogdoeloiltoncajuhy.com.br\/site\/wp-content\/uploads\/2016\/12\/prof.bites-cidad%C3%A3o2-e1481933613754.jpg?resize=600%2C400\" width=\"600\" height=\"400\" \/><\/a><figcaption id=\"caption-attachment-14103\" class=\"wp-caption-text\">Foto: Reprodu\u00e7\u00e3o Facebook<\/figcaption><\/figure>\n<p>Nascido em Inhumas (GO), o reitor da Universidade do Estado da Bahia, Jos\u00e9 Bites, foi homenageado nesta sexta-feira (16) com o t\u00edtulo de Cidad\u00e3o Baiano pela Assembleia Legislativa da Bahia (AL-BA).<\/p>\n<p>A condecora\u00e7\u00e3o foi proposta pela deputada estadual Luiza Maia (PT). \u201cO esfor\u00e7o de Bites para a consolida\u00e7\u00e3o de um ensino p\u00fablico superior socialmente referenciado, igualit\u00e1rio, transparente e democr\u00e1tico justificam esta honraria\u201d, aponta a parlamentar.<\/p>\n<p>Na atua\u00e7\u00e3o do reitor, ela destaca a cria\u00e7\u00e3o da Pr\u00f3-Reitoria de A\u00e7\u00f5es Afirmativas, que atende \u00e0s popula\u00e7\u00f5es negras e ind\u00edgenas, \u00e0s mulheres, comunidade LGBT, pessoas com defici\u00eancia e outros p\u00fablicos vulner\u00e1veis.<\/p>\n<p>Bites avalia que o recebimento do t\u00edtulo aumenta a visibilidade da Uneb. \u201cEsta a\u00e7\u00e3o oportuniza mais um importante momento de di\u00e1logo entre esta Casa legislativa, a universidade e a sociedade\u201d.<\/p>\n<p>Durante a sess\u00e3o, Bites tamb\u00e9m fez cr\u00edticas \u00e0 aprova\u00e7\u00e3o da PEC 55, que imp\u00f5e como limite para os gastos pelos pr\u00f3ximos 20 anos, considerando a varia\u00e7\u00e3o da infla\u00e7\u00e3o, e a proposta \u201cEscola sem Partido\u201d, que busca evitar conte\u00fados de cunho ideol\u00f3gico e pol\u00edtico em sala de aula.<\/p>\n<p><em>*Bahia Not\u00edcias<\/em><\/p>\n<figure id=\"attachment_14104\" aria-describedby=\"caption-attachment-14104\" style=\"width: 500px\" class=\"wp-caption aligncenter\"><a href=\"https:\/\/i0.wp.com\/blogdoeloiltoncajuhy.com.br\/site\/wp-content\/uploads\/2016\/12\/prof.bites-cidad%C3%A3o1-e1481933708650.jpg\"><img data-recalc-dims=\"1\" decoding=\"async\" class=\"wp-image-14104 size-full\" src=\"https:\/\/i0.wp.com\/blogdoeloiltoncajuhy.com.br\/site\/wp-content\/uploads\/2016\/12\/prof.bites-cidad%C3%A3o1-e1481933708650.jpg?resize=500%2C167\" width=\"500\" height=\"167\" \/><\/a><figcaption id=\"caption-attachment-14104\" class=\"wp-caption-text\">Foto: Reprodu\u00e7\u00e3o Facebook<\/figcaption><\/figure>\n<p><strong>Professor Jos\u00e9 Bites em Senhor do Bonfim &#8211;\u00a0<\/strong>Bonfinense por ades\u00e3o, o Professor Bites recebeu t\u00edtulo de cidad\u00e3o bonfinense em 1995, pela C\u00e2mara de Vereadores. \u00c9 docente do quadro do Campus VII, graduado em Geologia pela Universidade Federal do Mato Grosso, Mestre em Geologia pela Universidade Federal da Bahia.<\/p>\n<p>Foi Diretor do Departamento de Educa\u00e7\u00e3o-DEDC, Campus VII da UNEB, em nossa cidade, em 3 gest\u00f5es: a primeira no per\u00edodo de 1994-1997, quando era a antiga Faculdade de Educa\u00e7\u00e3o -FESB; a segunda de 2002 a 2004 e a terceira de 2005 a 2007.<\/p>\n<p>Na sua primeira gest\u00e3o, teve como principais atividades:<br \/>\n1. Implanta\u00e7\u00e3o do Centro de Processamento de Dados- CPD (1994)<br \/>\n2. Implanta\u00e7\u00e3o dos colegiados de curso (1995)<br \/>\n3.Comemora\u00e7\u00e3o dos 10 anos da (antiga) Faculdade de Educa\u00e7\u00e3o de senhor do Bonfim-FESB(1996)<br \/>\n4.Constru\u00e7\u00e3o de 06 salas com a ajuda da comunidade (1996)<br \/>\n5. Semin\u00e1rios<br \/>\n5.1 \u201cBonfim, canudos e a hist\u00f3ria\u201d, parceria: Radio Cara\u00edba, Prefeitura Municipal<br \/>\n5.2 \u201cSemi-\u00e1rido: an\u00e1lise e Interven\u00e7\u00e3o, parceria: CPT, INTERBA, UNEB<br \/>\n5.3 Encontro de Est\u00e1gio supervisionado da UNEB<br \/>\n6.Projeto de Implanta\u00e7\u00e3o do Curso de Ci\u00eancias\/Habilita\u00e7\u00e3o Biologia<br \/>\n8.Projeto de Historia de Cidades. Parceria com o CEEC<br \/>\n9. Curso de P\u00f3s-gradua\u00e7\u00e3o: Especializa\u00e7\u00e3o em Metodologia do Ensino, pesquisa e Extens\u00e3o em Educa\u00e7\u00e3o. Parceria: FAEEBA\/FESB<br \/>\n10. Projeto Mem\u00f3ria da Educa\u00e7\u00e3o na Bahia-(prof. Jaci Menezes, Beatriz Costa e Gloria da Paz).<\/p>\n<p><em>*BLOG DO ELOILTON CAJUHY &#8211; Com informa\u00e7\u00f5es colhidas do Facebook do Professor Bites<\/em><\/p>\n","protected":false},"excerpt":{"rendered":"<p>Nascido em Inhumas (GO), o reitor da Universidade do Estado da Bahia, Jos\u00e9 Bites, foi homenageado nesta sexta-feira (16) com o t\u00edtulo de Cidad\u00e3o Baiano pela Assembleia Legislativa da Bahia (AL-BA). A condecora\u00e7\u00e3o foi proposta pela deputada estadual Luiza Maia (PT). \u201cO esfor\u00e7o de Bites para a consolida\u00e7\u00e3o de um ensino p\u00fablico superior socialmente referenciado, [&hellip;]<\/p>\n","protected":false},"author":2,"featured_media":14104,"comment_status":"open","ping_status":"open","sticky":false,"template":"","format":"standard","meta":{"_acf_changed":false,"_monsterinsights_skip_tracking":false,"_monsterinsights_sitenote_active":false,"_monsterinsights_sitenote_note":"","_monsterinsights_sitenote_category":0,"_jetpack_memberships_contains_paid_content":false,"footnotes":"","jetpack_publicize_message":"","jetpack_publicize_feature_enabled":true,"jetpack_social_post_already_shared":true,"jetpack_social_options":{"image_generator_settings":{"template":"highway","default_image_id":0,"font":"","enabled":false},"version":2}},"categories":[14,1,4],"tags":[],"class_list":["post-14102","post","type-post","status-publish","format-standard","has-post-thumbnail","hentry","category-educacao","category-noticias","category-local"],"acf":[],"jetpack_publicize_connections":[],"jetpack_featured_media_url":"https:\/\/i0.wp.com\/blogdoeloiltoncajuhy.com.br\/site\/wp-content\/uploads\/2016\/12\/prof.bites-cidad%C3%A3o1-e1481933708650.jpg?fit=500%2C167&ssl=1","jetpack_sharing_enabled":true,"publishpress_future_workflow_manual_trigger":{"enabledWorkflows":[]},"_links":{"self":[{"href":"https:\/\/blogdoeloiltoncajuhy.com.br\/site\/wp-json\/wp\/v2\/posts\/14102","targetHints":{"allow":["GET"]}}],"collection":[{"href":"https:\/\/blogdoeloiltoncajuhy.com.br\/site\/wp-json\/wp\/v2\/posts"}],"about":[{"href":"https:\/\/blogdoeloiltoncajuhy.com.br\/site\/wp-json\/wp\/v2\/types\/post"}],"author":[{"embeddable":true,"href":"https:\/\/blogdoeloiltoncajuhy.com.br\/site\/wp-json\/wp\/v2\/users\/2"}],"replies":[{"embeddable":true,"href":"https:\/\/blogdoeloiltoncajuhy.com.br\/site\/wp-json\/wp\/v2\/comments?post=14102"}],"version-history":[{"count":1,"href":"https:\/\/blogdoeloiltoncajuhy.com.br\/site\/wp-json\/wp\/v2\/posts\/14102\/revisions"}],"predecessor-version":[{"id":14105,"href":"https:\/\/blogdoeloiltoncajuhy.com.br\/site\/wp-json\/wp\/v2\/posts\/14102\/revisions\/14105"}],"wp:featuredmedia":[{"embeddable":true,"href":"https:\/\/blogdoeloiltoncajuhy.com.br\/site\/wp-json\/wp\/v2\/media\/14104"}],"wp:attachment":[{"href":"https:\/\/blogdoeloiltoncajuhy.com.br\/site\/wp-json\/wp\/v2\/media?parent=14102"}],"wp:term":[{"taxonomy":"category","embeddable":true,"href":"https:\/\/blogdoeloiltoncajuhy.com.br\/site\/wp-json\/wp\/v2\/categories?post=14102"},{"taxonomy":"post_tag","embeddable":true,"href":"https:\/\/blogdoeloiltoncajuhy.com.br\/site\/wp-json\/wp\/v2\/tags?post=14102"}],"curies":[{"name":"wp","href":"https:\/\/api.w.org\/{rel}","templated":true}]}}