{"id":14100,"date":"2016-12-16T20:50:19","date_gmt":"2016-12-16T23:50:19","guid":{"rendered":"http:\/\/blogdoeloiltoncajuhy.com.br\/site\/?p=14100"},"modified":"2016-12-16T20:50:19","modified_gmt":"2016-12-16T23:50:19","slug":"festa-do-piseiro-13-chega-a-igara","status":"publish","type":"post","link":"https:\/\/blogdoeloiltoncajuhy.com.br\/site\/festa-do-piseiro-13-chega-a-igara\/","title":{"rendered":"Festa do Piseiro 13 chega a Igara"},"content":{"rendered":"<figure id=\"attachment_12573\" aria-describedby=\"caption-attachment-12573\" style=\"width: 268px\" class=\"wp-caption alignleft\"><a href=\"https:\/\/i0.wp.com\/blogdoeloiltoncajuhy.com.br\/site\/wp-content\/uploads\/2016\/10\/Brasileiro-out2.jpg\"><img data-recalc-dims=\"1\" fetchpriority=\"high\" decoding=\"async\" class=\"wp-image-12573 size-medium\" src=\"https:\/\/i0.wp.com\/blogdoeloiltoncajuhy.com.br\/site\/wp-content\/uploads\/2016\/10\/Brasileiro-out2.jpg?resize=268%2C300\" width=\"268\" height=\"300\" srcset=\"https:\/\/i0.wp.com\/blogdoeloiltoncajuhy.com.br\/site\/wp-content\/uploads\/2016\/10\/Brasileiro-out2.jpg?resize=268%2C300&amp;ssl=1 268w, https:\/\/i0.wp.com\/blogdoeloiltoncajuhy.com.br\/site\/wp-content\/uploads\/2016\/10\/Brasileiro-out2.jpg?resize=224%2C250&amp;ssl=1 224w, https:\/\/i0.wp.com\/blogdoeloiltoncajuhy.com.br\/site\/wp-content\/uploads\/2016\/10\/Brasileiro-out2.jpg?w=517&amp;ssl=1 517w\" sizes=\"(max-width: 268px) 100vw, 268px\" \/><\/a><figcaption id=\"caption-attachment-12573\" class=\"wp-caption-text\">Foto: Ascom Brasileiro\/Arquivo de campanha<\/figcaption><\/figure>\n<p>Depois de Tijua\u00e7u, Quic\u00e9, Miss\u00e3o do Sahy e Carrapichel, a Festa do Piseiro 13, para comemorar a vit\u00f3ria de Carlos Brasileiro prefeito e Z\u00e9 Antonio vice, nas elei\u00e7\u00f5es de outubro \u00faltimo, agora ser\u00e1 a vez do Distrito de Igara.<\/p>\n<p>O evento vai acontecer no pr\u00f3ximo domingo (18), com\u00a0inicio \u00e0s 17h.<\/p>\n<p><strong>Confira a programa\u00e7\u00e3o:<\/strong><\/p>\n<p>= 17h &#8211; <strong>Banda Rdance;<\/strong><br \/>\n= 20h &#8211; <strong>Banda Paix\u00e3o Di Vaqueiro,<\/strong> e<br \/>\n= 22h &#8211; <strong>Banda Revela\u00e7\u00e3o do Forr\u00f3.<\/strong><\/p>\n<p>Estar\u00e3o prestigiando o evento, o prefeito eleito Carlos Brasileiro e seu vice, Z\u00e9 Antonio, al\u00e9m de vereadores eleitos e correligion\u00e1rios.<\/p>\n<p>Carlos Brasileiro e Z\u00e9 Antonio tomar\u00e3o posse no pr\u00f3ximo dia 1\u00ba de janeiro de 2017, em solenidade que ir\u00e1 acontecer no Col\u00e9gio das Sacramentinas, \u00e0s 11h da manh\u00e3.<\/p>\n<p><em>*BLOG DO ELOILTON CAJUHY<\/em><\/p>\n","protected":false},"excerpt":{"rendered":"<p>Depois de Tijua\u00e7u, Quic\u00e9, Miss\u00e3o do Sahy e Carrapichel, a Festa do Piseiro 13, para comemorar a vit\u00f3ria de Carlos Brasileiro prefeito e Z\u00e9 Antonio vice, nas elei\u00e7\u00f5es de outubro \u00faltimo, agora ser\u00e1 a vez do Distrito de Igara. O evento vai acontecer no pr\u00f3ximo domingo (18), com\u00a0inicio \u00e0s 17h. Confira a programa\u00e7\u00e3o: = 17h [&hellip;]<\/p>\n","protected":false},"author":2,"featured_media":0,"comment_status":"open","ping_status":"open","sticky":false,"template":"","format":"standard","meta":{"_acf_changed":false,"_monsterinsights_skip_tracking":false,"_monsterinsights_sitenote_active":false,"_monsterinsights_sitenote_note":"","_monsterinsights_sitenote_category":0,"_jetpack_memberships_contains_paid_content":false,"footnotes":"","jetpack_publicize_message":"","jetpack_publicize_feature_enabled":true,"jetpack_social_post_already_shared":true,"jetpack_social_options":{"image_generator_settings":{"template":"highway","default_image_id":0,"font":"","enabled":false},"version":2}},"categories":[1,3,4],"tags":[],"class_list":["post-14100","post","type-post","status-publish","format-standard","hentry","category-noticias","category-politica","category-local"],"acf":[],"jetpack_publicize_connections":[],"jetpack_featured_media_url":"","jetpack_sharing_enabled":true,"publishpress_future_workflow_manual_trigger":{"enabledWorkflows":[]},"_links":{"self":[{"href":"https:\/\/blogdoeloiltoncajuhy.com.br\/site\/wp-json\/wp\/v2\/posts\/14100","targetHints":{"allow":["GET"]}}],"collection":[{"href":"https:\/\/blogdoeloiltoncajuhy.com.br\/site\/wp-json\/wp\/v2\/posts"}],"about":[{"href":"https:\/\/blogdoeloiltoncajuhy.com.br\/site\/wp-json\/wp\/v2\/types\/post"}],"author":[{"embeddable":true,"href":"https:\/\/blogdoeloiltoncajuhy.com.br\/site\/wp-json\/wp\/v2\/users\/2"}],"replies":[{"embeddable":true,"href":"https:\/\/blogdoeloiltoncajuhy.com.br\/site\/wp-json\/wp\/v2\/comments?post=14100"}],"version-history":[{"count":1,"href":"https:\/\/blogdoeloiltoncajuhy.com.br\/site\/wp-json\/wp\/v2\/posts\/14100\/revisions"}],"predecessor-version":[{"id":14101,"href":"https:\/\/blogdoeloiltoncajuhy.com.br\/site\/wp-json\/wp\/v2\/posts\/14100\/revisions\/14101"}],"wp:attachment":[{"href":"https:\/\/blogdoeloiltoncajuhy.com.br\/site\/wp-json\/wp\/v2\/media?parent=14100"}],"wp:term":[{"taxonomy":"category","embeddable":true,"href":"https:\/\/blogdoeloiltoncajuhy.com.br\/site\/wp-json\/wp\/v2\/categories?post=14100"},{"taxonomy":"post_tag","embeddable":true,"href":"https:\/\/blogdoeloiltoncajuhy.com.br\/site\/wp-json\/wp\/v2\/tags?post=14100"}],"curies":[{"name":"wp","href":"https:\/\/api.w.org\/{rel}","templated":true}]}}