{"id":14093,"date":"2016-12-16T10:15:23","date_gmt":"2016-12-16T13:15:23","guid":{"rendered":"http:\/\/blogdoeloiltoncajuhy.com.br\/site\/?p=14093"},"modified":"2016-12-16T10:15:23","modified_gmt":"2016-12-16T13:15:23","slug":"opiniao-homenagem-ao-fotografo-cinco-mil-alegria-irreverente-da-esquerda-regional","status":"publish","type":"post","link":"https:\/\/blogdoeloiltoncajuhy.com.br\/site\/opiniao-homenagem-ao-fotografo-cinco-mil-alegria-irreverente-da-esquerda-regional\/","title":{"rendered":"OPINI\u00c3O: Homenagem ao Fot\u00f3grafo \u201cCinco Mil\u201d \u2013 Alegria irreverente da esquerda regional"},"content":{"rendered":"<p style=\"text-align: right;\"><em><strong>*Por Antonio Brito<\/strong><\/em><\/p>\n<figure id=\"attachment_14094\" aria-describedby=\"caption-attachment-14094\" style=\"width: 200px\" class=\"wp-caption alignright\"><a href=\"https:\/\/i0.wp.com\/blogdoeloiltoncajuhy.com.br\/site\/wp-content\/uploads\/2016\/12\/5-mil-4.jpg\"><img data-recalc-dims=\"1\" fetchpriority=\"high\" decoding=\"async\" class=\"wp-image-14094 size-medium\" src=\"https:\/\/i0.wp.com\/blogdoeloiltoncajuhy.com.br\/site\/wp-content\/uploads\/2016\/12\/5-mil-4.jpg?resize=200%2C300\" width=\"200\" height=\"300\" srcset=\"https:\/\/i0.wp.com\/blogdoeloiltoncajuhy.com.br\/site\/wp-content\/uploads\/2016\/12\/5-mil-4.jpg?resize=200%2C300&amp;ssl=1 200w, https:\/\/i0.wp.com\/blogdoeloiltoncajuhy.com.br\/site\/wp-content\/uploads\/2016\/12\/5-mil-4.jpg?resize=167%2C250&amp;ssl=1 167w, https:\/\/i0.wp.com\/blogdoeloiltoncajuhy.com.br\/site\/wp-content\/uploads\/2016\/12\/5-mil-4.jpg?w=640&amp;ssl=1 640w\" sizes=\"(max-width: 200px) 100vw, 200px\" \/><\/a><figcaption id=\"caption-attachment-14094\" class=\"wp-caption-text\">Foto: Facebook<\/figcaption><\/figure>\n<p style=\"text-align: left;\">A morte de Cinco Mil, neste 14 de dezembro, em Salvador, aos 62 anos, \u00e9 precoce e sentida em diversos c\u00edrculos culturais, sociais e pol\u00edticos regionais. Nascido em Jacobina\/BA, Uilson de Oliveira Bahia, seu verdadeiro nome, teve longa passagem de vida ligada a Senhor do Bonfim e munic\u00edpios vizinhos.<\/p>\n<p style=\"text-align: left;\">Trabalhou na Minera\u00e7\u00e3o Cara\u00edba de onde foi demitido devido a sua intr\u00e9pida participa\u00e7\u00e3o na vida sindical. Autor de diversas proezas e atitude corajosas, dissonantes \u00e0 m\u00e9dia dos homens comuns. Nunca se deixou influenciar demoradamente por patr\u00f5es, partidos e grupos pol\u00edticos. E nunca negou. \u201cTenho minhas loucuras. Mas, sou socialista fiel a minha ideologia\u201d.<\/p>\n<p style=\"text-align: left;\">Nos anos de 1980, o General Figueiredo j\u00e1 deixara de ser o \u00faltimo dos presidentes do regime militar. \u00c9 quando Cinco Mil resolve viajar de Salvador a Manaus, enrolado numa bandeira do PC do B&#8230; Os temores deixados pelos recentes \u2018anos de chumbo\u2019 pairavam no ar, mas o destemido Cinco Mil segue engalfinhado em \u00f4nibus e navios. E nos conta: \u201cNa ida, a maioria do povo se afastava de mim&#8230; A\u00ed eu fiz outra igual em Manaus, vermelhona, ainda maior e voltei pra Bahia vestido na bicha\u201d.\u00a0Qual o sentido, Cinco Mil? \u201cTirar o medo do povo, homi! Fazer a direita baixar a crista\u201d.<\/p>\n<p style=\"text-align: left;\"><strong>AFRODESCENDENTE<\/strong> na pele, alto a 1,90m, forte e extrovertido, seus 130 quilos desencorajavam eventuais advers\u00e1rios. Displicentemente desaforado, n\u00e3o consta dele ter ido a sopapos com quem quer que seja. E assim sua irrever\u00eancia se manteve de p\u00e9 por toda a vida. Queimado nas empresas que sabiam de sua franca op\u00e7\u00e3o pelo sindicalismo de esquerda, n\u00e3o hesitou em virar fot\u00f3grafo.\u00a0Manejava m\u00e1quinas equipadas com teleobjetivas, de boas marcas, do seu tamanho.<\/p>\n<p style=\"text-align: left;\">Trabalhou em gest\u00f5es petistas de Juazeiro e de Senhor do Bonfim, adquirindo confian\u00e7a e retornando fidelidade aos prefeitos Josef Bandeira e Paulo Machado, respectivamente. Pela qualidade, recebeu cr\u00e9dito fotogr\u00e1fico em diversos jornais de grande circula\u00e7\u00e3o.<\/p>\n<p style=\"text-align: left;\">Nos \u00faltimos anos tornou-se militante da Refunda\u00e7\u00e3o Comunista, organiza\u00e7\u00e3o marxista \u00e0 qual indisciplinou-se por v\u00e1rias vezes, em todas elas justificou-se em autocr\u00edtica. \u201cSe a RC me afastar, eu vou ser dela sempre, n\u00e3o sei \u00e9 apoiar certos pol\u00edticos, mesmo eles sendo de partido tolerado pela RC\u201d. E assim Cinco Mil continuou nosso companheiro.<\/p>\n<p style=\"text-align: left;\"><strong>H\u00c1 CERCA DE 20 ANOS<\/strong> descobriu ser diab\u00e9tico, perdeu 30 quilos e ficou com 100. Para a campanha eleitoral de 2008 ele confeccionou um chap\u00e9u encimado por um imenso machado e com ele na cabe\u00e7a desfilava diariamente em Senhor do Bonfim. \u201cPor que isso, Cinco Mil? \u201c\u00d3ia, eu acredito na honestidade do Professor [Paulo Machado]!&#8230; E tem marketing melhor pra campanha dele?\u201d \u2013 desafiou. A suposta \u201cpresepada\u201d foi destaque e fez o maior sucesso.<\/p>\n<p style=\"text-align: left;\">Pontual em seus compromissos e sem rodeio nas prefer\u00eancias. Morava no distrito de Tijua\u00e7u. \u201cEu gosto de ser quilombola, de ta com os nego do Lagarto\u201d, dizia com solenidade quase infantil. Fazia de tudo pela sua fam\u00edlia e recebia dela o maior respeitado. Era \u201cUilson\u201d na mansid\u00e3o de voz de dona Yolanda, sua esposa. E \u201cpaizinho\u201d na voz de suas filhas cultivada na cria\u00e7\u00e3o. N\u00e3o fumava e n\u00e3o bebia. Na rua era o \u201cCinco Mil\u201d, na cordialidade ou no grito debochado pro cara grand\u00e3o, conhecido por todos, e nenhum capaz de o tirar o seu humor descontra\u00eddo natural. Mantinha-se pela aposentadoria, sem perder jamais a posse de uma incr\u00edvel personalidade, estupendamente desligada e ao mesmo tempo envolvente.<\/p>\n<p style=\"text-align: left;\"><strong>PERDE SENHOR DO BONFIM<\/strong> um de suas figuras marcantes. Ele era evid\u00eancia em qualquer situa\u00e7\u00e3o. A apar\u00eancia de brutamontes saltava \u00e0 vista. A independ\u00eancia de atitudes ficava escondida no seu interior, pronta por\u00e9m a desatar e surpreender. Aceitava ser chamado de \u201cburro\u201d, \u201ctrouxa\u201d&#8230; Numa humildade peculiar confirmava \u201c\u00d3i, isso num nego n\u00e3o, sou fraco de cabe\u00e7a\u201d. Puro engano. Era um revide invulgar o uso da toler\u00e2ncia inteligente. Era essa sua verdadeira arma. Excelente marketeiro popular, com esse ardil ele se fez notar, posicionando-se a seu bel-prazer, contra as injusti\u00e7as sociais.<\/p>\n<p style=\"text-align: left;\">Cinco Mil \u00e9 um exemplo de como lutadores sociais brotam de parcelas imensas de um povo explorado e tomam posi\u00e7\u00e3o contra a tirania do sistema capitalista. Ele contribuiu com os que v\u00eaem a necessidade crescente de construir-se uma ordem social \u00e9tica, capaz de emancipar a humanidade. Ao valoroso companheiro firmamos profundo pesar pelo desaparecimento, legando-lhe o nome \u00e0 honrosa galeria do nosso reconhecimento. Boas lembran\u00e7as tamb\u00e9m animam nossas for\u00e7as.<\/p>\n<p style=\"text-align: left;\"><strong>VEJA BEM, CINCO MIL:<\/strong> lembramos de como voc\u00ea se preocupava com Cuba: \u201cQuando \u00e9 qui acaba o bloqueio, de num dex\u00e1 a ilha negoci\u00e1 cum o mundo? \u00c9 medo, n\u00e9? J\u00e1 pensou, Cuba dispar\u00e1, kkkk, d\u00e1 exemplo, disment\u00ed os americano, n\u00e9? Diga a\u00ed, quero ouvi\u201d. Ora, Cinco Mil, voc\u00ea j\u00e1 perguntava dando a resposta, v\u00e9i!&#8230; Essa sua certeza, at\u00e9 os coxinhas t\u00eam. Logo continue na sua, em paz, como Fidel, Che&#8230; Voc\u00ea fez hist\u00f3ria, homi, merece a carinhosa sauda\u00e7\u00e3o: Hasta siempre, camarada!<\/p>\n<p style=\"text-align: left;\"><em><strong>*Antonio Brito \u00e9 jornalista bonfinense<\/strong><\/em><\/p>\n","protected":false},"excerpt":{"rendered":"<p>*Por Antonio Brito A morte de Cinco Mil, neste 14 de dezembro, em Salvador, aos 62 anos, \u00e9 precoce e sentida em diversos c\u00edrculos culturais, sociais e pol\u00edticos regionais. Nascido em Jacobina\/BA, Uilson de Oliveira Bahia, seu verdadeiro nome, teve longa passagem de vida ligada a Senhor do Bonfim e munic\u00edpios vizinhos. Trabalhou na Minera\u00e7\u00e3o [&hellip;]<\/p>\n","protected":false},"author":2,"featured_media":14094,"comment_status":"open","ping_status":"open","sticky":false,"template":"","format":"standard","meta":{"_acf_changed":false,"_monsterinsights_skip_tracking":false,"_monsterinsights_sitenote_active":false,"_monsterinsights_sitenote_note":"","_monsterinsights_sitenote_category":0,"_jetpack_memberships_contains_paid_content":false,"footnotes":"","jetpack_publicize_message":"","jetpack_publicize_feature_enabled":true,"jetpack_social_post_already_shared":true,"jetpack_social_options":{"image_generator_settings":{"template":"highway","default_image_id":0,"font":"","enabled":false},"version":2}},"categories":[5,1,4],"tags":[],"class_list":["post-14093","post","type-post","status-publish","format-standard","has-post-thumbnail","hentry","category-cotidiano","category-noticias","category-local"],"acf":[],"jetpack_publicize_connections":[],"jetpack_featured_media_url":"https:\/\/i0.wp.com\/blogdoeloiltoncajuhy.com.br\/site\/wp-content\/uploads\/2016\/12\/5-mil-4.jpg?fit=640%2C960&ssl=1","jetpack_sharing_enabled":true,"publishpress_future_workflow_manual_trigger":{"enabledWorkflows":[]},"_links":{"self":[{"href":"https:\/\/blogdoeloiltoncajuhy.com.br\/site\/wp-json\/wp\/v2\/posts\/14093","targetHints":{"allow":["GET"]}}],"collection":[{"href":"https:\/\/blogdoeloiltoncajuhy.com.br\/site\/wp-json\/wp\/v2\/posts"}],"about":[{"href":"https:\/\/blogdoeloiltoncajuhy.com.br\/site\/wp-json\/wp\/v2\/types\/post"}],"author":[{"embeddable":true,"href":"https:\/\/blogdoeloiltoncajuhy.com.br\/site\/wp-json\/wp\/v2\/users\/2"}],"replies":[{"embeddable":true,"href":"https:\/\/blogdoeloiltoncajuhy.com.br\/site\/wp-json\/wp\/v2\/comments?post=14093"}],"version-history":[{"count":1,"href":"https:\/\/blogdoeloiltoncajuhy.com.br\/site\/wp-json\/wp\/v2\/posts\/14093\/revisions"}],"predecessor-version":[{"id":14095,"href":"https:\/\/blogdoeloiltoncajuhy.com.br\/site\/wp-json\/wp\/v2\/posts\/14093\/revisions\/14095"}],"wp:featuredmedia":[{"embeddable":true,"href":"https:\/\/blogdoeloiltoncajuhy.com.br\/site\/wp-json\/wp\/v2\/media\/14094"}],"wp:attachment":[{"href":"https:\/\/blogdoeloiltoncajuhy.com.br\/site\/wp-json\/wp\/v2\/media?parent=14093"}],"wp:term":[{"taxonomy":"category","embeddable":true,"href":"https:\/\/blogdoeloiltoncajuhy.com.br\/site\/wp-json\/wp\/v2\/categories?post=14093"},{"taxonomy":"post_tag","embeddable":true,"href":"https:\/\/blogdoeloiltoncajuhy.com.br\/site\/wp-json\/wp\/v2\/tags?post=14093"}],"curies":[{"name":"wp","href":"https:\/\/api.w.org\/{rel}","templated":true}]}}