{"id":14084,"date":"2016-12-16T09:39:00","date_gmt":"2016-12-16T12:39:00","guid":{"rendered":"http:\/\/blogdoeloiltoncajuhy.com.br\/site\/?p=14084"},"modified":"2016-12-16T09:39:00","modified_gmt":"2016-12-16T12:39:00","slug":"recuperado-trecho-da-ba-375-em-caldeirao-grande","status":"publish","type":"post","link":"https:\/\/blogdoeloiltoncajuhy.com.br\/site\/recuperado-trecho-da-ba-375-em-caldeirao-grande\/","title":{"rendered":"Recuperado trecho da BA-375 em Caldeir\u00e3o Grande"},"content":{"rendered":"<figure id=\"attachment_14085\" aria-describedby=\"caption-attachment-14085\" style=\"width: 731px\" class=\"wp-caption aligncenter\"><a href=\"https:\/\/i0.wp.com\/blogdoeloiltoncajuhy.com.br\/site\/wp-content\/uploads\/2016\/12\/ba-caldeir%C3%A3o-grande.jpeg\"><img data-recalc-dims=\"1\" fetchpriority=\"high\" decoding=\"async\" class=\"wp-image-14085 size-full\" src=\"https:\/\/i0.wp.com\/blogdoeloiltoncajuhy.com.br\/site\/wp-content\/uploads\/2016\/12\/ba-caldeir%C3%A3o-grande.jpeg?resize=731%2C487\" width=\"731\" height=\"487\" srcset=\"https:\/\/i0.wp.com\/blogdoeloiltoncajuhy.com.br\/site\/wp-content\/uploads\/2016\/12\/ba-caldeir%C3%A3o-grande.jpeg?w=731&amp;ssl=1 731w, https:\/\/i0.wp.com\/blogdoeloiltoncajuhy.com.br\/site\/wp-content\/uploads\/2016\/12\/ba-caldeir%C3%A3o-grande.jpeg?resize=300%2C200&amp;ssl=1 300w, https:\/\/i0.wp.com\/blogdoeloiltoncajuhy.com.br\/site\/wp-content\/uploads\/2016\/12\/ba-caldeir%C3%A3o-grande.jpeg?resize=250%2C167&amp;ssl=1 250w\" sizes=\"(max-width: 731px) 100vw, 731px\" \/><\/a><figcaption id=\"caption-attachment-14085\" class=\"wp-caption-text\">(Foto: Manu Dias\/GOVBA)<\/figcaption><\/figure>\n<p>O Governo do Estado recuperou 40 quil\u00f4metros da Rodovia BA-375, no trecho entre Sa\u00fade e Caldeir\u00e3o Grande, no entroncamento da BR-407. A entrega da obra, que beneficia 117 mil habitantes, foi realizada nesta quinta-feira (15), pelo governador Rui Costa. \u201cNa Bahia, \u00e9 mais caro fazer estradas, levar \u00e1gua, garantir o policiamento. Ent\u00e3o, a gente tem a exata dimens\u00e3o do esfor\u00e7o que a Bahia est\u00e1 fazendo para entregar, entre outras coisas, essa estrada, que custou quase R$ 15,5 milh\u00f5es&#8221;.<\/p>\n<p>Rony Lima de Oliveira trabalha na fazenda do pai no munic\u00edpio de Sa\u00fade, e vai todos os dias a Caldeir\u00e3o Grande, a servi\u00e7o ou para levar o filho pequeno. Segundo ele, as despesas diminu\u00edram com gasolina e manuten\u00e7\u00e3o do carro, ap\u00f3s a recupera\u00e7\u00e3o da estrada. \u201cE a obra reduziu tamb\u00e9m o tempo de viagem. Da sede de Caldeir\u00e3o Grande at\u00e9 Sa\u00fade eu levava at\u00e9 40 minutos, agora fa\u00e7o em menos de dez. Era um tempo que a gente perdia e agora pode fazer outras coisas\u201d.<\/p>\n<p><em>*Secom-BA<\/em><\/p>\n","protected":false},"excerpt":{"rendered":"<p>O Governo do Estado recuperou 40 quil\u00f4metros da Rodovia BA-375, no trecho entre Sa\u00fade e Caldeir\u00e3o Grande, no entroncamento da BR-407. A entrega da obra, que beneficia 117 mil habitantes, foi realizada nesta quinta-feira (15), pelo governador Rui Costa. \u201cNa Bahia, \u00e9 mais caro fazer estradas, levar \u00e1gua, garantir o policiamento. Ent\u00e3o, a gente tem [&hellip;]<\/p>\n","protected":false},"author":2,"featured_media":14085,"comment_status":"open","ping_status":"open","sticky":false,"template":"","format":"standard","meta":{"_acf_changed":false,"_monsterinsights_skip_tracking":false,"_monsterinsights_sitenote_active":false,"_monsterinsights_sitenote_note":"","_monsterinsights_sitenote_category":0,"_jetpack_memberships_contains_paid_content":false,"footnotes":"","jetpack_publicize_message":"","jetpack_publicize_feature_enabled":true,"jetpack_social_post_already_shared":true,"jetpack_social_options":{"image_generator_settings":{"template":"highway","default_image_id":0,"font":"","enabled":false},"version":2}},"categories":[5,1,3],"tags":[],"class_list":["post-14084","post","type-post","status-publish","format-standard","has-post-thumbnail","hentry","category-cotidiano","category-noticias","category-politica"],"acf":[],"jetpack_publicize_connections":[],"jetpack_featured_media_url":"https:\/\/i0.wp.com\/blogdoeloiltoncajuhy.com.br\/site\/wp-content\/uploads\/2016\/12\/ba-caldeir%C3%A3o-grande.jpeg?fit=731%2C487&ssl=1","jetpack_sharing_enabled":true,"publishpress_future_workflow_manual_trigger":{"enabledWorkflows":[]},"_links":{"self":[{"href":"https:\/\/blogdoeloiltoncajuhy.com.br\/site\/wp-json\/wp\/v2\/posts\/14084","targetHints":{"allow":["GET"]}}],"collection":[{"href":"https:\/\/blogdoeloiltoncajuhy.com.br\/site\/wp-json\/wp\/v2\/posts"}],"about":[{"href":"https:\/\/blogdoeloiltoncajuhy.com.br\/site\/wp-json\/wp\/v2\/types\/post"}],"author":[{"embeddable":true,"href":"https:\/\/blogdoeloiltoncajuhy.com.br\/site\/wp-json\/wp\/v2\/users\/2"}],"replies":[{"embeddable":true,"href":"https:\/\/blogdoeloiltoncajuhy.com.br\/site\/wp-json\/wp\/v2\/comments?post=14084"}],"version-history":[{"count":1,"href":"https:\/\/blogdoeloiltoncajuhy.com.br\/site\/wp-json\/wp\/v2\/posts\/14084\/revisions"}],"predecessor-version":[{"id":14086,"href":"https:\/\/blogdoeloiltoncajuhy.com.br\/site\/wp-json\/wp\/v2\/posts\/14084\/revisions\/14086"}],"wp:featuredmedia":[{"embeddable":true,"href":"https:\/\/blogdoeloiltoncajuhy.com.br\/site\/wp-json\/wp\/v2\/media\/14085"}],"wp:attachment":[{"href":"https:\/\/blogdoeloiltoncajuhy.com.br\/site\/wp-json\/wp\/v2\/media?parent=14084"}],"wp:term":[{"taxonomy":"category","embeddable":true,"href":"https:\/\/blogdoeloiltoncajuhy.com.br\/site\/wp-json\/wp\/v2\/categories?post=14084"},{"taxonomy":"post_tag","embeddable":true,"href":"https:\/\/blogdoeloiltoncajuhy.com.br\/site\/wp-json\/wp\/v2\/tags?post=14084"}],"curies":[{"name":"wp","href":"https:\/\/api.w.org\/{rel}","templated":true}]}}