{"id":14081,"date":"2016-12-16T09:30:42","date_gmt":"2016-12-16T12:30:42","guid":{"rendered":"http:\/\/blogdoeloiltoncajuhy.com.br\/site\/?p=14081"},"modified":"2016-12-16T09:30:42","modified_gmt":"2016-12-16T12:30:42","slug":"malafaia-e-alvo-de-conducao-coercitiva-em-operacao-da-policia-federal","status":"publish","type":"post","link":"https:\/\/blogdoeloiltoncajuhy.com.br\/site\/malafaia-e-alvo-de-conducao-coercitiva-em-operacao-da-policia-federal\/","title":{"rendered":"Malafaia \u00e9 alvo de condu\u00e7\u00e3o coercitiva em opera\u00e7\u00e3o da Pol\u00edcia Federal"},"content":{"rendered":"<figure id=\"attachment_14082\" aria-describedby=\"caption-attachment-14082\" style=\"width: 380px\" class=\"wp-caption aligncenter\"><a href=\"https:\/\/i0.wp.com\/blogdoeloiltoncajuhy.com.br\/site\/wp-content\/uploads\/2016\/12\/silas-malafaia.jpg\"><img data-recalc-dims=\"1\" fetchpriority=\"high\" decoding=\"async\" class=\"wp-image-14082 size-full\" src=\"https:\/\/i0.wp.com\/blogdoeloiltoncajuhy.com.br\/site\/wp-content\/uploads\/2016\/12\/silas-malafaia.jpg?resize=380%2C280\" width=\"380\" height=\"280\" srcset=\"https:\/\/i0.wp.com\/blogdoeloiltoncajuhy.com.br\/site\/wp-content\/uploads\/2016\/12\/silas-malafaia.jpg?w=380&amp;ssl=1 380w, https:\/\/i0.wp.com\/blogdoeloiltoncajuhy.com.br\/site\/wp-content\/uploads\/2016\/12\/silas-malafaia.jpg?resize=300%2C221&amp;ssl=1 300w, https:\/\/i0.wp.com\/blogdoeloiltoncajuhy.com.br\/site\/wp-content\/uploads\/2016\/12\/silas-malafaia.jpg?resize=250%2C184&amp;ssl=1 250w\" sizes=\"(max-width: 380px) 100vw, 380px\" \/><\/a><figcaption id=\"caption-attachment-14082\" class=\"wp-caption-text\">Foto: Lula Marques \/ Ag\u00eancia PT<\/figcaption><\/figure>\n<p>O pastor Silas Malafaia \u00e9 um dos alvos da Opera\u00e7\u00e3o Tim\u00f3teo, deflagrada nesta sexta-feira (16) pela Pol\u00edcia Federal. A investiga\u00e7\u00e3o mira uma organiza\u00e7\u00e3o criminosa suspeita de corrup\u00e7\u00e3o em cobran\u00e7as judiciais de royalties da explora\u00e7\u00e3o mineral. De acordo com a Folha, Malafaia foi alvo de condu\u00e7\u00e3o coercitiva, por supostamente ter participado da lavagem de dinheiro e ter recebido valores do principal escrit\u00f3rio de advocacia respons\u00e1vel pelo esquema e emprestar contas da sua institui\u00e7\u00e3o para ajudar a ocultar dinheiro. Malafaia \u00e9 pastor da Assembleia de Deus.<\/p>\n<p><em>*Bahia Not\u00edcias<\/em><\/p>\n","protected":false},"excerpt":{"rendered":"<p>O pastor Silas Malafaia \u00e9 um dos alvos da Opera\u00e7\u00e3o Tim\u00f3teo, deflagrada nesta sexta-feira (16) pela Pol\u00edcia Federal. A investiga\u00e7\u00e3o mira uma organiza\u00e7\u00e3o criminosa suspeita de corrup\u00e7\u00e3o em cobran\u00e7as judiciais de royalties da explora\u00e7\u00e3o mineral. De acordo com a Folha, Malafaia foi alvo de condu\u00e7\u00e3o coercitiva, por supostamente ter participado da lavagem de dinheiro e [&hellip;]<\/p>\n","protected":false},"author":2,"featured_media":14082,"comment_status":"open","ping_status":"open","sticky":false,"template":"","format":"standard","meta":{"_acf_changed":false,"_monsterinsights_skip_tracking":false,"_monsterinsights_sitenote_active":false,"_monsterinsights_sitenote_note":"","_monsterinsights_sitenote_category":0,"_jetpack_memberships_contains_paid_content":false,"footnotes":"","jetpack_publicize_message":"","jetpack_publicize_feature_enabled":true,"jetpack_social_post_already_shared":true,"jetpack_social_options":{"image_generator_settings":{"template":"highway","default_image_id":0,"font":"","enabled":false},"version":2}},"categories":[1,3],"tags":[],"class_list":["post-14081","post","type-post","status-publish","format-standard","has-post-thumbnail","hentry","category-noticias","category-politica"],"acf":[],"jetpack_publicize_connections":[],"jetpack_featured_media_url":"https:\/\/i0.wp.com\/blogdoeloiltoncajuhy.com.br\/site\/wp-content\/uploads\/2016\/12\/silas-malafaia.jpg?fit=380%2C280&ssl=1","jetpack_sharing_enabled":true,"publishpress_future_workflow_manual_trigger":{"enabledWorkflows":[]},"_links":{"self":[{"href":"https:\/\/blogdoeloiltoncajuhy.com.br\/site\/wp-json\/wp\/v2\/posts\/14081","targetHints":{"allow":["GET"]}}],"collection":[{"href":"https:\/\/blogdoeloiltoncajuhy.com.br\/site\/wp-json\/wp\/v2\/posts"}],"about":[{"href":"https:\/\/blogdoeloiltoncajuhy.com.br\/site\/wp-json\/wp\/v2\/types\/post"}],"author":[{"embeddable":true,"href":"https:\/\/blogdoeloiltoncajuhy.com.br\/site\/wp-json\/wp\/v2\/users\/2"}],"replies":[{"embeddable":true,"href":"https:\/\/blogdoeloiltoncajuhy.com.br\/site\/wp-json\/wp\/v2\/comments?post=14081"}],"version-history":[{"count":1,"href":"https:\/\/blogdoeloiltoncajuhy.com.br\/site\/wp-json\/wp\/v2\/posts\/14081\/revisions"}],"predecessor-version":[{"id":14083,"href":"https:\/\/blogdoeloiltoncajuhy.com.br\/site\/wp-json\/wp\/v2\/posts\/14081\/revisions\/14083"}],"wp:featuredmedia":[{"embeddable":true,"href":"https:\/\/blogdoeloiltoncajuhy.com.br\/site\/wp-json\/wp\/v2\/media\/14082"}],"wp:attachment":[{"href":"https:\/\/blogdoeloiltoncajuhy.com.br\/site\/wp-json\/wp\/v2\/media?parent=14081"}],"wp:term":[{"taxonomy":"category","embeddable":true,"href":"https:\/\/blogdoeloiltoncajuhy.com.br\/site\/wp-json\/wp\/v2\/categories?post=14081"},{"taxonomy":"post_tag","embeddable":true,"href":"https:\/\/blogdoeloiltoncajuhy.com.br\/site\/wp-json\/wp\/v2\/tags?post=14081"}],"curies":[{"name":"wp","href":"https:\/\/api.w.org\/{rel}","templated":true}]}}