{"id":14076,"date":"2016-12-15T22:12:01","date_gmt":"2016-12-16T01:12:01","guid":{"rendered":"http:\/\/blogdoeloiltoncajuhy.com.br\/site\/?p=14076"},"modified":"2016-12-15T22:34:46","modified_gmt":"2016-12-16T01:34:46","slug":"policia-rodoviaria-federal-inicia-operacao-integrada-rodovida-cidades-20162017-na-bahia","status":"publish","type":"post","link":"https:\/\/blogdoeloiltoncajuhy.com.br\/site\/policia-rodoviaria-federal-inicia-operacao-integrada-rodovida-cidades-20162017-na-bahia\/","title":{"rendered":"Pol\u00edcia Rodovi\u00e1ria Federal inicia Opera\u00e7\u00e3o Integrada Rodovida Cidades 2016\/2017 na Bahia"},"content":{"rendered":"<p><a href=\"https:\/\/i0.wp.com\/blogdoeloiltoncajuhy.com.br\/site\/wp-content\/uploads\/2016\/12\/rodovida-prf.jpg\"><img data-recalc-dims=\"1\" fetchpriority=\"high\" decoding=\"async\" class=\"aligncenter size-full wp-image-14077\" src=\"https:\/\/i0.wp.com\/blogdoeloiltoncajuhy.com.br\/site\/wp-content\/uploads\/2016\/12\/rodovida-prf.jpg?resize=477%2C329\" alt=\"\" width=\"477\" height=\"329\" srcset=\"https:\/\/i0.wp.com\/blogdoeloiltoncajuhy.com.br\/site\/wp-content\/uploads\/2016\/12\/rodovida-prf.jpg?w=477&amp;ssl=1 477w, https:\/\/i0.wp.com\/blogdoeloiltoncajuhy.com.br\/site\/wp-content\/uploads\/2016\/12\/rodovida-prf.jpg?resize=300%2C207&amp;ssl=1 300w, https:\/\/i0.wp.com\/blogdoeloiltoncajuhy.com.br\/site\/wp-content\/uploads\/2016\/12\/rodovida-prf.jpg?resize=250%2C172&amp;ssl=1 250w\" sizes=\"(max-width: 477px) 100vw, 477px\" \/><\/a>A Pol\u00edcia Rodovi\u00e1ria Federal (PRF) inicia nesta sexta-feira (16) a 1\u00aa fase da Opera\u00e7\u00e3o Integrada Rodovida Cidades 2016\/2017, que se destaca como uma das mais importantes opera\u00e7\u00f5es realizadas pela PRF.<\/p>\n<p>A a\u00e7\u00e3o tem por objetivo prevenir acidentes e diminuir a viol\u00eancia no tr\u00e2nsito nas rodovias federais durante o per\u00edodo de fim de ano, f\u00e9rias escolares e Carnaval, quando o movimento nas estradas \u00e9 intenso.<\/p>\n<p>Na Bahia, o lan\u00e7amento da Opera\u00e7\u00e3o Integrada Rodovida 2016 &#8211; 2017 ocorrer\u00e1 nesta sexta-feira (16), no audit\u00f3rio da Delegacia da PRF em Feira de Santana, com uma solenidade que iniciar\u00e1 \u00e0s 10h e contar\u00e1 com a presen\u00e7a de \u00f3rg\u00e3os, institui\u00e7\u00f5es parceiras e autoridades.<\/p>\n<p>Al\u00e9m disso, v\u00e3o ser realizadas a\u00e7\u00f5es de fiscaliza\u00e7\u00e3o focadas nas condutas mais lesivas no tr\u00e2nsito em rodovias federais: ultrapassagens, alcoolemia, excesso de velocidade e uso de equipamentos de seguran\u00e7a. Ser\u00e3o utilizadas equipes especializadas em motopoliciamento, opera\u00e7\u00f5es a\u00e9reas e N\u00facleo de Opera\u00e7\u00f5es Especiais.<\/p>\n<p><strong>In\u00edcio do funcionamento dos radares de velocidade instalados na BR 324<\/strong><\/p>\n<p>Durante o lan\u00e7amento da Opera\u00e7\u00e3o Integrada Rodovida 2016-2017, nesta sexta-feira (16), a Pol\u00edcia Rodovi\u00e1ria Federal (PRF) anunciar\u00e1 tamb\u00e9m o in\u00edcio do funcionamento dos radares de velocidade instalados na BR 324, trecho entre Salvador e Feira de Santana. Tamb\u00e9m entrar\u00e3o em funcionamento os radares instalados na BR 116 Sul, trecho entre Feira de Santana at\u00e9 a divisa com o estado de Minas Gerais, trecho sob concess\u00e3o a Via Bahia Concession\u00e1ria de Rodovias. Ao todo, ser\u00e3o colocados em funcionamento, 23 equipamentos, sendo 16 na BR 324 e sete na BR 116 Sul.<\/p>\n<p>O objetivo dos radares \u00e9 proporcionar seguran\u00e7a nas rodovias, realizando o controle eletr\u00f4nico de velocidade para coibir o excesso, j\u00e1 que essa conduta \u00e9 a segunda maior causa presum\u00edvel identificada pelo agente em acidentes nas rodovias federais da Bahia, ficando atr\u00e1s apenas da falta de aten\u00e7\u00e3o. Por isso, a PRF recomenda que, independentemente da presen\u00e7a de radares nas rodovias, os motoristas respeitem a sinaliza\u00e7\u00e3o e os limites de velocidade espec\u00edficos para cada trecho.<\/p>\n<p><strong>A\u00e7\u00e3o:<\/strong><\/p>\n<p>Lan\u00e7amento Opera\u00e7\u00e3o Rodovida 2016-2017 na BahiaData: 16 de dezembro de 2016<br \/>\nHor\u00e1rio: 10h<br \/>\nColetiva de imprensa: 11h<br \/>\nLocal: Posto da PRF, BR 116, KM 429, Feira de Santana\/BA.<br \/>\nAssessor de Comunica\u00e7\u00e3o Social: Diego Egito<br \/>\nTelefones para contato: (71) 2101-2249 \/ 98119-7120.<\/p>\n","protected":false},"excerpt":{"rendered":"<p>A Pol\u00edcia Rodovi\u00e1ria Federal (PRF) inicia nesta sexta-feira (16) a 1\u00aa fase da Opera\u00e7\u00e3o Integrada Rodovida Cidades 2016\/2017, que se destaca como uma das mais importantes opera\u00e7\u00f5es realizadas pela PRF. A a\u00e7\u00e3o tem por objetivo prevenir acidentes e diminuir a viol\u00eancia no tr\u00e2nsito nas rodovias federais durante o per\u00edodo de fim de ano, f\u00e9rias escolares [&hellip;]<\/p>\n","protected":false},"author":2,"featured_media":14077,"comment_status":"open","ping_status":"open","sticky":false,"template":"","format":"standard","meta":{"_acf_changed":false,"_monsterinsights_skip_tracking":false,"_monsterinsights_sitenote_active":false,"_monsterinsights_sitenote_note":"","_monsterinsights_sitenote_category":0,"_jetpack_memberships_contains_paid_content":false,"footnotes":"","jetpack_publicize_message":"","jetpack_publicize_feature_enabled":true,"jetpack_social_post_already_shared":true,"jetpack_social_options":{"image_generator_settings":{"template":"highway","default_image_id":0,"font":"","enabled":false},"version":2}},"categories":[5,1],"tags":[],"class_list":["post-14076","post","type-post","status-publish","format-standard","has-post-thumbnail","hentry","category-cotidiano","category-noticias"],"acf":[],"jetpack_publicize_connections":[],"jetpack_featured_media_url":"https:\/\/i0.wp.com\/blogdoeloiltoncajuhy.com.br\/site\/wp-content\/uploads\/2016\/12\/rodovida-prf.jpg?fit=477%2C329&ssl=1","jetpack_sharing_enabled":true,"publishpress_future_workflow_manual_trigger":{"enabledWorkflows":[]},"_links":{"self":[{"href":"https:\/\/blogdoeloiltoncajuhy.com.br\/site\/wp-json\/wp\/v2\/posts\/14076","targetHints":{"allow":["GET"]}}],"collection":[{"href":"https:\/\/blogdoeloiltoncajuhy.com.br\/site\/wp-json\/wp\/v2\/posts"}],"about":[{"href":"https:\/\/blogdoeloiltoncajuhy.com.br\/site\/wp-json\/wp\/v2\/types\/post"}],"author":[{"embeddable":true,"href":"https:\/\/blogdoeloiltoncajuhy.com.br\/site\/wp-json\/wp\/v2\/users\/2"}],"replies":[{"embeddable":true,"href":"https:\/\/blogdoeloiltoncajuhy.com.br\/site\/wp-json\/wp\/v2\/comments?post=14076"}],"version-history":[{"count":3,"href":"https:\/\/blogdoeloiltoncajuhy.com.br\/site\/wp-json\/wp\/v2\/posts\/14076\/revisions"}],"predecessor-version":[{"id":14080,"href":"https:\/\/blogdoeloiltoncajuhy.com.br\/site\/wp-json\/wp\/v2\/posts\/14076\/revisions\/14080"}],"wp:featuredmedia":[{"embeddable":true,"href":"https:\/\/blogdoeloiltoncajuhy.com.br\/site\/wp-json\/wp\/v2\/media\/14077"}],"wp:attachment":[{"href":"https:\/\/blogdoeloiltoncajuhy.com.br\/site\/wp-json\/wp\/v2\/media?parent=14076"}],"wp:term":[{"taxonomy":"category","embeddable":true,"href":"https:\/\/blogdoeloiltoncajuhy.com.br\/site\/wp-json\/wp\/v2\/categories?post=14076"},{"taxonomy":"post_tag","embeddable":true,"href":"https:\/\/blogdoeloiltoncajuhy.com.br\/site\/wp-json\/wp\/v2\/tags?post=14076"}],"curies":[{"name":"wp","href":"https:\/\/api.w.org\/{rel}","templated":true}]}}