{"id":14072,"date":"2016-12-15T20:44:29","date_gmt":"2016-12-15T23:44:29","guid":{"rendered":"http:\/\/blogdoeloiltoncajuhy.com.br\/site\/?p=14072"},"modified":"2016-12-15T20:44:29","modified_gmt":"2016-12-15T23:44:29","slug":"educacao-avaliacao-escolar-o-peso-de-uma-nota-na-vida-do-aluno","status":"publish","type":"post","link":"https:\/\/blogdoeloiltoncajuhy.com.br\/site\/educacao-avaliacao-escolar-o-peso-de-uma-nota-na-vida-do-aluno\/","title":{"rendered":"EDUCA\u00c7\u00c3O &#8211; Avalia\u00e7\u00e3o escolar: o peso de uma nota na vida do aluno"},"content":{"rendered":"<p style=\"text-align: right;\"><em><strong>*Por Erik Penna<\/strong><\/em><\/p>\n<p style=\"text-align: center;\"><em>&#8220;Poder\u00e3o esquecer o que voc\u00ea disse, mas jamais ir\u00e3o esquecer como os fez sentir&#8221;. \u00a0 \u00a0 \u00a0 \u00a0 \u00a0 \u00a0 \u00a0 \u00a0 \u00a0 \u00a0(Carl W. Buechner)<\/em><\/p>\n<p><a href=\"https:\/\/i0.wp.com\/blogdoeloiltoncajuhy.com.br\/site\/wp-content\/uploads\/2016\/02\/educa%C3%A7%C3%A3o.jpg\"><img data-recalc-dims=\"1\" fetchpriority=\"high\" decoding=\"async\" class=\"aligncenter size-full wp-image-7658\" src=\"https:\/\/i0.wp.com\/blogdoeloiltoncajuhy.com.br\/site\/wp-content\/uploads\/2016\/02\/educa%C3%A7%C3%A3o.jpg?resize=624%2C415\" alt=\"\" width=\"624\" height=\"415\" srcset=\"https:\/\/i0.wp.com\/blogdoeloiltoncajuhy.com.br\/site\/wp-content\/uploads\/2016\/02\/educa%C3%A7%C3%A3o.jpg?w=624&amp;ssl=1 624w, https:\/\/i0.wp.com\/blogdoeloiltoncajuhy.com.br\/site\/wp-content\/uploads\/2016\/02\/educa%C3%A7%C3%A3o.jpg?resize=300%2C200&amp;ssl=1 300w, https:\/\/i0.wp.com\/blogdoeloiltoncajuhy.com.br\/site\/wp-content\/uploads\/2016\/02\/educa%C3%A7%C3%A3o.jpg?resize=250%2C166&amp;ssl=1 250w\" sizes=\"(max-width: 624px) 100vw, 624px\" \/><\/a>Hoje, quero compartilhar uma grande decep\u00e7\u00e3o que vivenciei na escola, causada por uma atitude insens\u00edvel, nada construtiva, tomada por um professor de biologia, que serve como alerta para o bom professor na hora de avaliar e dar a nota de uma prova, principalmente se a nota for t\u00e3o decisiva.<\/p>\n<p>Sempre fui um aluno muito estudioso, raramente me ausentava da escola, fazia as tarefas de casa sozinho e em v\u00e1rios anos fui selecionado como o melhor aluno da turma.<\/p>\n<p>Geralmente, o dia da formatura \u00e9 cercado de intensa alegria, onde permeia um sentimento de que o esfor\u00e7o valeu a pena, uma sensa\u00e7\u00e3o maravilhosa por compartilhar a conquista com os familiares que mais ama. Mas, infelizmente, comigo n\u00e3o foi assim.<\/p>\n<p>Era dezembro, o quarto bimestre sendo fechado e eu j\u00e1 havia conseguido quase todas as notas suficientes desde o terceiro bimestre, exceto em biologia. Eu precisava de uma nota cinco para atingir os vinte e oito pontos que me qualificariam a concluir o ent\u00e3o terceiro colegial, atualmente chamado de ensino m\u00e9dio. Estudei e fui confiante para a \u00faltima prova marcada para o in\u00edcio de dezembro, na realidade a avalia\u00e7\u00e3o da disciplina biologia era dividida em duas provas, de professores diferentes, que valiam cinco cada uma.<\/p>\n<p>Na semana seguinte recebi a nota e eu precisava de cinco na somat\u00f3ria das duas avalia\u00e7\u00f5es. Na prova de um professor tirei nota quatro e, com isso, precisava apenas de mais um ponto na prova do outro professor. E foi a\u00ed que come\u00e7ou minha decep\u00e7\u00e3o. Olhei a nota e n\u00e3o acreditei, pois o professor me conferiu a nota 0,5, ou seja, fiquei com um total de 4,5 e, por meio ponto, n\u00e3o passei direto e teria que enfrentar a recupera\u00e7\u00e3o. At\u00e9 a\u00ed tudo bem, faz parte.<\/p>\n<p>Fui olhar o calend\u00e1rio da recupera\u00e7\u00e3o de biologia e descobri que a prova havia sido marcada para um dia ap\u00f3s a formatura. Me dirigi ao professor que me deu nota baixa, com todo meu hist\u00f3rico escolar e argumentei tudo isso. Perguntei a ele se eu poderia rever a nota ou, de alguma forma, considerar meio ponto a mais ou pelo menos antecipar a prova para eu poder ir para a formatura com a nota final decidida. De uma forma soberba e autorit\u00e1ria ele negou veementemente. Disse, ainda, que aquela nota era construtiva, para eu aprender a estudar.<\/p>\n<p>Sabe qual foi o resultado disso? Imagine a seguinte cena: chegou o dia da formatura, eu estava l\u00e1 no palco, ao lado dos demais alunos formandos, e o teatro da cidade totalmente lotado de amigos e familiares. Ao final da cerim\u00f4nia, o diretor da escola entregou um canudo com o diploma para cada aluno, e os alunos deveriam pegar e entregar aos pais que os esperavam na descida da escada do palco. E este era o auge da cerim\u00f4nia, a alegria dos alunos e o entusiasmo dos pais era marcante e fascinante.<\/p>\n<p>Chegou a minha vez, chamaram meu nome, o diretor entregou um canudo lacrado e eu fui ao encontro dos meus pais e, na frente deles, entreguei este objeto ao meu pai, meu eterno her\u00f3i. Ele abriu e, para sua surpresa, encontrou apenas uma folha de sulfite em branco, ao inv\u00e9s do certificado de conclus\u00e3o e hist\u00f3rico escolar. O olhar dos meus pais falou tudo e, enquanto todos sorriam e comemoraram, fui embora para casa deprimido e chorando por n\u00e3o ter conseguido celebrar a vit\u00f3ria naquele dia. Foi um dia triste e lament\u00e1vel.<\/p>\n<p>Dias depois, fiz a prova e consegui a nota que me qualificava. Mas j\u00e1 n\u00e3o havia clima, nem festa de comemora\u00e7\u00e3o e, sim, frustra\u00e7\u00e3o. Fiquei por muito tempo pensando, no peso daquela nota, sua consequ\u00eancia lastim\u00e1vel e na atitude daquele professor. Ser\u00e1 que foi mesmo de fato t\u00e3o construtiva e estimulante como ele disse? Hoje, posso afirmar que esqueci quase tudo que o professor Luciano me ensinou sobre o sexo das plantas, mas jamais irei esquecer como ele me fez sentir no dia da minha formatura.<\/p>\n<p>Por isso, refor\u00e7o a import\u00e2ncia da atua\u00e7\u00e3o dos professores na vida dos alunos, que podem deixar bons ou maus exemplos de acordo com as condutas adotadas.\u00a0Uma postura extremamente inflex\u00edvel por parte do professor educa ou traumatiza? Vale a reflex\u00e3o!<\/p>\n<p><em><strong>*Erik Penna \u00e9 professor, palestrante motivacional, consultor e autor dos livros \u201cA Divertida Arte de Vender\u201d, \u201cMotiva\u00e7\u00e3o Nota 10\u201d e \u201c21 solu\u00e7\u00f5es para potencializar seu neg\u00f3cio\u201d. Saiba mais no site: www.professorerikpenna.com.br<\/strong><\/em><\/p>\n","protected":false},"excerpt":{"rendered":"<p>*Por Erik Penna &#8220;Poder\u00e3o esquecer o que voc\u00ea disse, mas jamais ir\u00e3o esquecer como os fez sentir&#8221;. \u00a0 \u00a0 \u00a0 \u00a0 \u00a0 \u00a0 \u00a0 \u00a0 \u00a0 \u00a0(Carl W. Buechner) Hoje, quero compartilhar uma grande decep\u00e7\u00e3o que vivenciei na escola, causada por uma atitude insens\u00edvel, nada construtiva, tomada por um professor de biologia, que serve como [&hellip;]<\/p>\n","protected":false},"author":2,"featured_media":0,"comment_status":"open","ping_status":"open","sticky":false,"template":"","format":"standard","meta":{"_acf_changed":false,"_monsterinsights_skip_tracking":false,"_monsterinsights_sitenote_active":false,"_monsterinsights_sitenote_note":"","_monsterinsights_sitenote_category":0,"_jetpack_memberships_contains_paid_content":false,"footnotes":"","jetpack_publicize_message":"","jetpack_publicize_feature_enabled":true,"jetpack_social_post_already_shared":true,"jetpack_social_options":{"image_generator_settings":{"template":"highway","default_image_id":0,"font":"","enabled":false},"version":2}},"categories":[1,2],"tags":[],"class_list":["post-14072","post","type-post","status-publish","format-standard","hentry","category-noticias","category-opiniao"],"acf":[],"jetpack_publicize_connections":[],"jetpack_featured_media_url":"","jetpack_sharing_enabled":true,"publishpress_future_workflow_manual_trigger":{"enabledWorkflows":[]},"_links":{"self":[{"href":"https:\/\/blogdoeloiltoncajuhy.com.br\/site\/wp-json\/wp\/v2\/posts\/14072","targetHints":{"allow":["GET"]}}],"collection":[{"href":"https:\/\/blogdoeloiltoncajuhy.com.br\/site\/wp-json\/wp\/v2\/posts"}],"about":[{"href":"https:\/\/blogdoeloiltoncajuhy.com.br\/site\/wp-json\/wp\/v2\/types\/post"}],"author":[{"embeddable":true,"href":"https:\/\/blogdoeloiltoncajuhy.com.br\/site\/wp-json\/wp\/v2\/users\/2"}],"replies":[{"embeddable":true,"href":"https:\/\/blogdoeloiltoncajuhy.com.br\/site\/wp-json\/wp\/v2\/comments?post=14072"}],"version-history":[{"count":1,"href":"https:\/\/blogdoeloiltoncajuhy.com.br\/site\/wp-json\/wp\/v2\/posts\/14072\/revisions"}],"predecessor-version":[{"id":14073,"href":"https:\/\/blogdoeloiltoncajuhy.com.br\/site\/wp-json\/wp\/v2\/posts\/14072\/revisions\/14073"}],"wp:attachment":[{"href":"https:\/\/blogdoeloiltoncajuhy.com.br\/site\/wp-json\/wp\/v2\/media?parent=14072"}],"wp:term":[{"taxonomy":"category","embeddable":true,"href":"https:\/\/blogdoeloiltoncajuhy.com.br\/site\/wp-json\/wp\/v2\/categories?post=14072"},{"taxonomy":"post_tag","embeddable":true,"href":"https:\/\/blogdoeloiltoncajuhy.com.br\/site\/wp-json\/wp\/v2\/tags?post=14072"}],"curies":[{"name":"wp","href":"https:\/\/api.w.org\/{rel}","templated":true}]}}