{"id":14066,"date":"2016-12-15T20:25:31","date_gmt":"2016-12-15T23:25:31","guid":{"rendered":"http:\/\/blogdoeloiltoncajuhy.com.br\/site\/?p=14066"},"modified":"2016-12-15T20:25:31","modified_gmt":"2016-12-15T23:25:31","slug":"artigo-mercado-de-educacao-2017-qual-a-tendencia","status":"publish","type":"post","link":"https:\/\/blogdoeloiltoncajuhy.com.br\/site\/artigo-mercado-de-educacao-2017-qual-a-tendencia\/","title":{"rendered":"ARTIGO: Mercado de educa\u00e7\u00e3o 2017: qual a tend\u00eancia?"},"content":{"rendered":"<p style=\"text-align: right;\"><em><strong>*Por Ricardo Althoff<\/strong><\/em><\/p>\n<p style=\"text-align: left;\"><a href=\"https:\/\/i0.wp.com\/blogdoeloiltoncajuhy.com.br\/site\/wp-content\/uploads\/2016\/12\/mercado-da-educa%C3%A7%C3%A3o.jpg\"><img data-recalc-dims=\"1\" fetchpriority=\"high\" decoding=\"async\" class=\"aligncenter size-full wp-image-14067\" src=\"https:\/\/i0.wp.com\/blogdoeloiltoncajuhy.com.br\/site\/wp-content\/uploads\/2016\/12\/mercado-da-educa%C3%A7%C3%A3o.jpg?resize=800%2C494\" alt=\"\" width=\"800\" height=\"494\" srcset=\"https:\/\/i0.wp.com\/blogdoeloiltoncajuhy.com.br\/site\/wp-content\/uploads\/2016\/12\/mercado-da-educa%C3%A7%C3%A3o.jpg?w=1920&amp;ssl=1 1920w, https:\/\/i0.wp.com\/blogdoeloiltoncajuhy.com.br\/site\/wp-content\/uploads\/2016\/12\/mercado-da-educa%C3%A7%C3%A3o.jpg?resize=300%2C185&amp;ssl=1 300w, https:\/\/i0.wp.com\/blogdoeloiltoncajuhy.com.br\/site\/wp-content\/uploads\/2016\/12\/mercado-da-educa%C3%A7%C3%A3o.jpg?resize=768%2C474&amp;ssl=1 768w, https:\/\/i0.wp.com\/blogdoeloiltoncajuhy.com.br\/site\/wp-content\/uploads\/2016\/12\/mercado-da-educa%C3%A7%C3%A3o.jpg?resize=1024%2C633&amp;ssl=1 1024w, https:\/\/i0.wp.com\/blogdoeloiltoncajuhy.com.br\/site\/wp-content\/uploads\/2016\/12\/mercado-da-educa%C3%A7%C3%A3o.jpg?resize=250%2C154&amp;ssl=1 250w, https:\/\/i0.wp.com\/blogdoeloiltoncajuhy.com.br\/site\/wp-content\/uploads\/2016\/12\/mercado-da-educa%C3%A7%C3%A3o.jpg?w=1600 1600w\" sizes=\"(max-width: 800px) 100vw, 800px\" \/><\/a>O ensino no Brasil tem recebido diversas tentativas de mudan\u00e7a nos \u00faltimos tempos. De reformas legais at\u00e9 mudan\u00e7as de infraestrutura, o cen\u00e1rio educacional vem buscando se adequar ao tempo presente, em tecnologia, demanda mercadol\u00f3gica e, acima de tudo, \u00e0 capacidade atualizada do aprendizado.<\/p>\n<p style=\"text-align: left;\">H\u00e1 alguns anos, a Sistema Firjan, \u00f3rg\u00e3o que engloba as cinco organiza\u00e7\u00f5es SESI, SENAI, IEL, FIRJAN e CIRJ, todas focadas no desenvolvimento da ind\u00fastria, organizou um estudo em todo o pa\u00eds cujo objetivo era prever as perspectivas do uso da tecnologia nas salas de aula nos pr\u00f3ximos cinco anos.<\/p>\n<p style=\"text-align: left;\">O trabalho intitulado \u201cAs Perspectivas Tecnol\u00f3gicas para o Ensino Fundamental e M\u00e9dio Brasileiro de 2012 a 2017: Uma An\u00e1lise Regional do NMC Report\u201d foi realizado em 2012, com previs\u00e3o at\u00e9 2017, reuniu 30 especialistas em educa\u00e7\u00e3o. Ele elencou de que formas a tecnologia estaria cada vez mais presente na sala de aula e com maior papel educacional, mesmo fora dela.<\/p>\n<p style=\"text-align: left;\">Os resultados n\u00e3o podiam ser mais \u201cconectados\u201d. Os pr\u00f3prios alunos j\u00e1 mostram uma forma de aprender que est\u00e1 ligada ao digital, \u00e0 interdisciplinaridade, \u00e0 intera\u00e7\u00e3o. Essa \u00e9 a caracter\u00edstica da gera\u00e7\u00e3o no que tange ao aprendizado.<\/p>\n<p style=\"text-align: left;\">\u00c9 preciso abandonar moldes do s\u00e9culo XIX, e se atualizar.\u00a0A prova disso \u00e9 que muitos cursos j\u00e1 ao menos mesclam pr\u00e1ticas EAD &#8211; isso quando n\u00e3o s\u00e3o completamente realizados de forma digital. Isso coloca no quadro reflexivo outra quest\u00e3o, a de como os educadores e demais profissionais ligados \u00e0 educa\u00e7\u00e3o, est\u00e3o se utilizando dessa tend\u00eancia do aprendizado para alavancar suas carreiras, inclusive come\u00e7ando o ano de 2017 com alternativas profissionais que lhes permitam crescimento.<\/p>\n<p style=\"text-align: left;\">Como o empreendedorismo \u00e9 o zeitgeist de nossa gera\u00e7\u00e3o, termo alem\u00e3o que significa o conjunto do clima intelectual e cultural do mundo numa certa \u00e9poca, n\u00e3o seria de se espantar que empreender na educa\u00e7\u00e3o, nos dias atuais, esteja t\u00e3o ligado \u00e0 tecnologia.\u00a0Usar a familiaridade do nativo digital com os dispositivos m\u00f3veis, computadores e a pr\u00f3pria internet \u00e9 um importante guia para entender qual a plataforma ideal de atua\u00e7\u00e3o empreendedora que vai dialogar com o principal p\u00fablico alvo do setor: o pr\u00f3prio aluno.<\/p>\n<p style=\"text-align: left;\">As plataformas de ensino e refor\u00e7o online s\u00e3o, sem d\u00favida, uma alternativa empreendedora para educadores que queiram ampliar sua renda, iniciando sua pr\u00f3pria escola na web. A ideia \u00e9 trocar o ensino puro, pela administra\u00e7\u00e3o de plataformas que j\u00e1 contam com apoio educacional competente e que possam ser garantidas pelo administrador, dado seu know how. Isso permite o educador lucrar em uma \u00e1rea que lhe \u00e9 familiar, sem precisar atuar como professor, tendo uma forma paralela de renda, totalmente desvinculada de uma marca ou institui\u00e7\u00e3o. Uma marca pr\u00f3pria.<\/p>\n<p style=\"text-align: left;\">Al\u00e9m disso, montar a pr\u00f3pria empresa em cima de uma plataforma s\u00f3lida permitiria a esse empreendedor ampliar seu renome como educador. Outra vantagem \u00e9 a do uso de uma estrat\u00e9gia particular, independente dos modelos de ensino privado existentes, onde ele seria apenas mais um funcion\u00e1rio.<\/p>\n<p style=\"text-align: left;\">Os alunos ganham sempre, principalmente pelo di\u00e1logo em seu universo. Mas, muito al\u00e9m, pela primeira vez o educador tamb\u00e9m ganha de verdade, j\u00e1 que n\u00e3o est\u00e1 subordinado \u00e0 verbas governamentais ou a uma parcela salarial de uma escola particular que lucra muito mais do que ganha um professor.<\/p>\n<p style=\"text-align: left;\">O ano de 2017 come\u00e7a com tend\u00eancias que representam adapta\u00e7\u00e3o real ao s\u00e9culo XXI. O jeito de educar mudou e \u00e9 poss\u00edvel que os educadores n\u00e3o fiquem para tr\u00e1s dessa vez. Atrav\u00e9s de uma resposta ativa \u00e0 sua \u00e1rea e aos alunos dessa gera\u00e7\u00e3o digital, o esp\u00edrito empreendedor pode, enfim, tomar a \u00e1rea da educa\u00e7\u00e3o e mudar o jogo para educadores de todo o pa\u00eds.<\/p>\n<p style=\"text-align: left;\"><em><strong>*Ricardo Althoff \u00e9 CEO da Seu Professor Empreendedor &amp; Neg\u00f3cios<\/strong><\/em><\/p>\n","protected":false},"excerpt":{"rendered":"<p>*Por Ricardo Althoff O ensino no Brasil tem recebido diversas tentativas de mudan\u00e7a nos \u00faltimos tempos. De reformas legais at\u00e9 mudan\u00e7as de infraestrutura, o cen\u00e1rio educacional vem buscando se adequar ao tempo presente, em tecnologia, demanda mercadol\u00f3gica e, acima de tudo, \u00e0 capacidade atualizada do aprendizado. H\u00e1 alguns anos, a Sistema Firjan, \u00f3rg\u00e3o que engloba [&hellip;]<\/p>\n","protected":false},"author":2,"featured_media":14067,"comment_status":"open","ping_status":"open","sticky":false,"template":"","format":"standard","meta":{"_acf_changed":false,"_monsterinsights_skip_tracking":false,"_monsterinsights_sitenote_active":false,"_monsterinsights_sitenote_note":"","_monsterinsights_sitenote_category":0,"_jetpack_memberships_contains_paid_content":false,"footnotes":"","jetpack_publicize_message":"","jetpack_publicize_feature_enabled":true,"jetpack_social_post_already_shared":true,"jetpack_social_options":{"image_generator_settings":{"template":"highway","default_image_id":0,"font":"","enabled":false},"version":2}},"categories":[14,1,2],"tags":[],"class_list":["post-14066","post","type-post","status-publish","format-standard","has-post-thumbnail","hentry","category-educacao","category-noticias","category-opiniao"],"acf":[],"jetpack_publicize_connections":[],"jetpack_featured_media_url":"https:\/\/i0.wp.com\/blogdoeloiltoncajuhy.com.br\/site\/wp-content\/uploads\/2016\/12\/mercado-da-educa%C3%A7%C3%A3o.jpg?fit=1920%2C1186&ssl=1","jetpack_sharing_enabled":true,"publishpress_future_workflow_manual_trigger":{"enabledWorkflows":[]},"_links":{"self":[{"href":"https:\/\/blogdoeloiltoncajuhy.com.br\/site\/wp-json\/wp\/v2\/posts\/14066","targetHints":{"allow":["GET"]}}],"collection":[{"href":"https:\/\/blogdoeloiltoncajuhy.com.br\/site\/wp-json\/wp\/v2\/posts"}],"about":[{"href":"https:\/\/blogdoeloiltoncajuhy.com.br\/site\/wp-json\/wp\/v2\/types\/post"}],"author":[{"embeddable":true,"href":"https:\/\/blogdoeloiltoncajuhy.com.br\/site\/wp-json\/wp\/v2\/users\/2"}],"replies":[{"embeddable":true,"href":"https:\/\/blogdoeloiltoncajuhy.com.br\/site\/wp-json\/wp\/v2\/comments?post=14066"}],"version-history":[{"count":1,"href":"https:\/\/blogdoeloiltoncajuhy.com.br\/site\/wp-json\/wp\/v2\/posts\/14066\/revisions"}],"predecessor-version":[{"id":14068,"href":"https:\/\/blogdoeloiltoncajuhy.com.br\/site\/wp-json\/wp\/v2\/posts\/14066\/revisions\/14068"}],"wp:featuredmedia":[{"embeddable":true,"href":"https:\/\/blogdoeloiltoncajuhy.com.br\/site\/wp-json\/wp\/v2\/media\/14067"}],"wp:attachment":[{"href":"https:\/\/blogdoeloiltoncajuhy.com.br\/site\/wp-json\/wp\/v2\/media?parent=14066"}],"wp:term":[{"taxonomy":"category","embeddable":true,"href":"https:\/\/blogdoeloiltoncajuhy.com.br\/site\/wp-json\/wp\/v2\/categories?post=14066"},{"taxonomy":"post_tag","embeddable":true,"href":"https:\/\/blogdoeloiltoncajuhy.com.br\/site\/wp-json\/wp\/v2\/tags?post=14066"}],"curies":[{"name":"wp","href":"https:\/\/api.w.org\/{rel}","templated":true}]}}