{"id":14056,"date":"2016-12-15T10:04:39","date_gmt":"2016-12-15T13:04:39","guid":{"rendered":"http:\/\/blogdoeloiltoncajuhy.com.br\/site\/?p=14056"},"modified":"2016-12-15T10:04:39","modified_gmt":"2016-12-15T13:04:39","slug":"servidores-ocupam-a-prefeitura-de-ponto-novo-para-cobrar-salarios-atrasados","status":"publish","type":"post","link":"https:\/\/blogdoeloiltoncajuhy.com.br\/site\/servidores-ocupam-a-prefeitura-de-ponto-novo-para-cobrar-salarios-atrasados\/","title":{"rendered":"Servidores ocupam a prefeitura de Ponto Novo para cobrar sal\u00e1rios atrasados"},"content":{"rendered":"<figure id=\"attachment_14059\" aria-describedby=\"caption-attachment-14059\" style=\"width: 675px\" class=\"wp-caption aligncenter\"><a href=\"https:\/\/i0.wp.com\/blogdoeloiltoncajuhy.com.br\/site\/wp-content\/uploads\/2016\/12\/servidores-ponto-novo.jpg\"><img data-recalc-dims=\"1\" fetchpriority=\"high\" decoding=\"async\" class=\"wp-image-14059 size-full\" src=\"https:\/\/i0.wp.com\/blogdoeloiltoncajuhy.com.br\/site\/wp-content\/uploads\/2016\/12\/servidores-ponto-novo.jpg?resize=675%2C450\" width=\"675\" height=\"450\" srcset=\"https:\/\/i0.wp.com\/blogdoeloiltoncajuhy.com.br\/site\/wp-content\/uploads\/2016\/12\/servidores-ponto-novo.jpg?w=675&amp;ssl=1 675w, https:\/\/i0.wp.com\/blogdoeloiltoncajuhy.com.br\/site\/wp-content\/uploads\/2016\/12\/servidores-ponto-novo.jpg?resize=300%2C200&amp;ssl=1 300w, https:\/\/i0.wp.com\/blogdoeloiltoncajuhy.com.br\/site\/wp-content\/uploads\/2016\/12\/servidores-ponto-novo.jpg?resize=250%2C167&amp;ssl=1 250w\" sizes=\"(max-width: 675px) 100vw, 675px\" \/><\/a><figcaption id=\"caption-attachment-14059\" class=\"wp-caption-text\">Na foto: Lene, funcionaria de Barracas (Foto: Ivan Ferreira)<\/figcaption><\/figure>\n<p>Servidores municipais ocuparam a Prefeitura Municipal de Ponto Novo nesta quarta-feira (14), reivindicando o pagamento de sal\u00e1rios atrasados.\u00a0\u201cMais uma vez estamos aqui na Prefeitura e nada, nenhuma solu\u00e7\u00e3o, n\u00e3o aparece ningu\u00e9m, se esconderam todos, n\u00f3s queremos apenas uma solu\u00e7\u00e3o, que o Adelmo ou o prefeito chegue at\u00e9 n\u00f3s e nos diga se n\u00e3o ir\u00e1 pagar ou se informar\u00e1 uma data que iremos receber\u201d relata a servidora Maria, residente em Barracas, distrito de Ponto Novo.<\/p>\n<p>\u201cEstou aqui hoje mais uma vez, de novo, e n\u00e3o irei me vencer pelo cansa\u00e7o, porque eles est\u00e3o achando \u00e9 isso. Queriam fechar a porta da Prefeitura, e eu n\u00e3o deixei, ainda puxaram pelo meu bra\u00e7o, mas eu n\u00e3o sa\u00ed, pois o acesso \u00e9 livre, tem que deixar aberto\u201d, foram as palavras da Sra. Lene, tamb\u00e9m servidora e moradora de Barracas.<\/p>\n<p>Moradores tamb\u00e9m compareceram para cobrar do prefeito, que\u00a0foi candidato \u00e0\u00a0reelei\u00e7\u00e3o\u00a0em 2016, o pagamento de trabalhos realizados na campanha.<\/p>\n<p>A equipe do site PontoNovoNoticias.com, tentou contato com representantes da prefeitura que estavam presentes, mas eles n\u00e3o quiseram se pronunciar.<\/p>\n<p><em>*PontoNovoNoticias.com<\/em><\/p>\n","protected":false},"excerpt":{"rendered":"<p>Servidores municipais ocuparam a Prefeitura Municipal de Ponto Novo nesta quarta-feira (14), reivindicando o pagamento de sal\u00e1rios atrasados.\u00a0\u201cMais uma vez estamos aqui na Prefeitura e nada, nenhuma solu\u00e7\u00e3o, n\u00e3o aparece ningu\u00e9m, se esconderam todos, n\u00f3s queremos apenas uma solu\u00e7\u00e3o, que o Adelmo ou o prefeito chegue at\u00e9 n\u00f3s e nos diga se n\u00e3o ir\u00e1 pagar [&hellip;]<\/p>\n","protected":false},"author":2,"featured_media":14059,"comment_status":"open","ping_status":"open","sticky":false,"template":"","format":"standard","meta":{"_acf_changed":false,"_monsterinsights_skip_tracking":false,"_monsterinsights_sitenote_active":false,"_monsterinsights_sitenote_note":"","_monsterinsights_sitenote_category":0,"_jetpack_memberships_contains_paid_content":false,"footnotes":"","jetpack_publicize_message":"","jetpack_publicize_feature_enabled":true,"jetpack_social_post_already_shared":true,"jetpack_social_options":{"image_generator_settings":{"template":"highway","default_image_id":0,"font":"","enabled":false},"version":2}},"categories":[1,3,11],"tags":[],"class_list":["post-14056","post","type-post","status-publish","format-standard","has-post-thumbnail","hentry","category-noticias","category-politica","category-regional"],"acf":[],"jetpack_publicize_connections":[],"jetpack_featured_media_url":"https:\/\/i0.wp.com\/blogdoeloiltoncajuhy.com.br\/site\/wp-content\/uploads\/2016\/12\/servidores-ponto-novo.jpg?fit=675%2C450&ssl=1","jetpack_sharing_enabled":true,"publishpress_future_workflow_manual_trigger":{"enabledWorkflows":[]},"_links":{"self":[{"href":"https:\/\/blogdoeloiltoncajuhy.com.br\/site\/wp-json\/wp\/v2\/posts\/14056","targetHints":{"allow":["GET"]}}],"collection":[{"href":"https:\/\/blogdoeloiltoncajuhy.com.br\/site\/wp-json\/wp\/v2\/posts"}],"about":[{"href":"https:\/\/blogdoeloiltoncajuhy.com.br\/site\/wp-json\/wp\/v2\/types\/post"}],"author":[{"embeddable":true,"href":"https:\/\/blogdoeloiltoncajuhy.com.br\/site\/wp-json\/wp\/v2\/users\/2"}],"replies":[{"embeddable":true,"href":"https:\/\/blogdoeloiltoncajuhy.com.br\/site\/wp-json\/wp\/v2\/comments?post=14056"}],"version-history":[{"count":1,"href":"https:\/\/blogdoeloiltoncajuhy.com.br\/site\/wp-json\/wp\/v2\/posts\/14056\/revisions"}],"predecessor-version":[{"id":14060,"href":"https:\/\/blogdoeloiltoncajuhy.com.br\/site\/wp-json\/wp\/v2\/posts\/14056\/revisions\/14060"}],"wp:featuredmedia":[{"embeddable":true,"href":"https:\/\/blogdoeloiltoncajuhy.com.br\/site\/wp-json\/wp\/v2\/media\/14059"}],"wp:attachment":[{"href":"https:\/\/blogdoeloiltoncajuhy.com.br\/site\/wp-json\/wp\/v2\/media?parent=14056"}],"wp:term":[{"taxonomy":"category","embeddable":true,"href":"https:\/\/blogdoeloiltoncajuhy.com.br\/site\/wp-json\/wp\/v2\/categories?post=14056"},{"taxonomy":"post_tag","embeddable":true,"href":"https:\/\/blogdoeloiltoncajuhy.com.br\/site\/wp-json\/wp\/v2\/tags?post=14056"}],"curies":[{"name":"wp","href":"https:\/\/api.w.org\/{rel}","templated":true}]}}