{"id":14053,"date":"2016-12-15T09:52:34","date_gmt":"2016-12-15T12:52:34","guid":{"rendered":"http:\/\/blogdoeloiltoncajuhy.com.br\/site\/?p=14053"},"modified":"2016-12-15T15:11:50","modified_gmt":"2016-12-15T18:11:50","slug":"idosa-de-senhor-do-bonfim-morre-atropelada-em-feira-de-santana","status":"publish","type":"post","link":"https:\/\/blogdoeloiltoncajuhy.com.br\/site\/idosa-de-senhor-do-bonfim-morre-atropelada-em-feira-de-santana\/","title":{"rendered":"Idosa de Senhor do Bonfim morre atropelada em Feira de Santana"},"content":{"rendered":"<p style=\"text-align: center;\"><em><strong>Motorista do carro se apresentou \u00e0 PRF e prestou depoimento sobre o caso<\/strong><\/em><\/p>\n<figure id=\"attachment_14054\" aria-describedby=\"caption-attachment-14054\" style=\"width: 620px\" class=\"wp-caption aligncenter\"><a href=\"https:\/\/i0.wp.com\/blogdoeloiltoncajuhy.com.br\/site\/wp-content\/uploads\/2016\/12\/acidente-feira.jpg\"><img data-recalc-dims=\"1\" fetchpriority=\"high\" decoding=\"async\" class=\"wp-image-14054 size-full\" src=\"https:\/\/i0.wp.com\/blogdoeloiltoncajuhy.com.br\/site\/wp-content\/uploads\/2016\/12\/acidente-feira.jpg?resize=620%2C465\" width=\"620\" height=\"465\" srcset=\"https:\/\/i0.wp.com\/blogdoeloiltoncajuhy.com.br\/site\/wp-content\/uploads\/2016\/12\/acidente-feira.jpg?w=620&amp;ssl=1 620w, https:\/\/i0.wp.com\/blogdoeloiltoncajuhy.com.br\/site\/wp-content\/uploads\/2016\/12\/acidente-feira.jpg?resize=300%2C225&amp;ssl=1 300w, https:\/\/i0.wp.com\/blogdoeloiltoncajuhy.com.br\/site\/wp-content\/uploads\/2016\/12\/acidente-feira.jpg?resize=250%2C188&amp;ssl=1 250w\" sizes=\"(max-width: 620px) 100vw, 620px\" \/><\/a><figcaption id=\"caption-attachment-14054\" class=\"wp-caption-text\">Motorista do carro se apresentou para PRF e vai prestar depoimento para pol\u00edcia (Foto: Ed Santos\/Acorda Cidade)<\/figcaption><\/figure>\n<p style=\"text-align: left;\">Uma idosa de 63 anos morreu atropelada por um carro, e a neta dela, de 7 anos, ficou ferida quando as duas tentaram atravessar a pista da BR-324, na altura da Avenida Eduardo Fr\u00f3es da Mota, per\u00edmetro urbano de Feira de Santana, na manh\u00e3 desta quarta-feira (14).<\/p>\n<p style=\"text-align: left;\">Segundo informa\u00e7\u00f5es da Pol\u00edcia Rodovi\u00e1ria Federal (PRF), a garota foi socorrida para o Hospital da Crian\u00e7a, mas o estado de sa\u00fade dela \u00e9 considerado fora de perigo. O acidente aconteceu em trecho de pista dupla, pr\u00f3ximo ao viaduto da entrada do Conjunto Feira VII.<\/p>\n<p style=\"text-align: left;\">O motorista que conduzia o carro envolvido no acidente se apresentou \u00e0 PRF, e prestou depoimento. Ele tamb\u00e9m deve depor para a Pol\u00edcia Civil, respons\u00e1vel por investigar o caso.<\/p>\n<p style=\"text-align: left;\"><em>*G1 Bahia<\/em><\/p>\n<p style=\"text-align: left;\"><em><strong>A reportagem do BLOG DO ELOILTON CAJUHY apurou que a idosa, Domingas Cardoso, residia em Senhor do Bonfim, nas Casas Populares, e que h\u00e1 v\u00e1rios anos havia se mudado para Feira de Santana. Uma amiga\u00a0informou que ela ser\u00e1 sepultada logo mais \u00e0s 18h em Feira de Santana.<\/strong><\/em><\/p>\n<figure id=\"attachment_14064\" aria-describedby=\"caption-attachment-14064\" style=\"width: 384px\" class=\"wp-caption aligncenter\"><a href=\"https:\/\/i0.wp.com\/blogdoeloiltoncajuhy.com.br\/site\/wp-content\/uploads\/2016\/12\/d.-domingas-e1481825449215.jpg\"><img data-recalc-dims=\"1\" decoding=\"async\" class=\"wp-image-14064 size-full\" src=\"https:\/\/i0.wp.com\/blogdoeloiltoncajuhy.com.br\/site\/wp-content\/uploads\/2016\/12\/d.-domingas-e1481825449215.jpg?resize=384%2C400\" width=\"384\" height=\"400\" \/><\/a><figcaption id=\"caption-attachment-14064\" class=\"wp-caption-text\">D. Domingas era natural de Senhor do Bonfim (Foto: Divulga\u00e7\u00e3o)<\/figcaption><\/figure>\n","protected":false},"excerpt":{"rendered":"<p>Motorista do carro se apresentou \u00e0 PRF e prestou depoimento sobre o caso Uma idosa de 63 anos morreu atropelada por um carro, e a neta dela, de 7 anos, ficou ferida quando as duas tentaram atravessar a pista da BR-324, na altura da Avenida Eduardo Fr\u00f3es da Mota, per\u00edmetro urbano de Feira de Santana, [&hellip;]<\/p>\n","protected":false},"author":2,"featured_media":14064,"comment_status":"open","ping_status":"open","sticky":false,"template":"","format":"standard","meta":{"_acf_changed":false,"_monsterinsights_skip_tracking":false,"_monsterinsights_sitenote_active":false,"_monsterinsights_sitenote_note":"","_monsterinsights_sitenote_category":0,"_jetpack_memberships_contains_paid_content":false,"footnotes":"","jetpack_publicize_message":"","jetpack_publicize_feature_enabled":true,"jetpack_social_post_already_shared":true,"jetpack_social_options":{"image_generator_settings":{"template":"highway","default_image_id":0,"font":"","enabled":false},"version":2}},"categories":[5,1],"tags":[],"class_list":["post-14053","post","type-post","status-publish","format-standard","has-post-thumbnail","hentry","category-cotidiano","category-noticias"],"acf":[],"jetpack_publicize_connections":[],"jetpack_featured_media_url":"https:\/\/i0.wp.com\/blogdoeloiltoncajuhy.com.br\/site\/wp-content\/uploads\/2016\/12\/d.-domingas-e1481825449215.jpg?fit=384%2C400&ssl=1","jetpack_sharing_enabled":true,"publishpress_future_workflow_manual_trigger":{"enabledWorkflows":[]},"_links":{"self":[{"href":"https:\/\/blogdoeloiltoncajuhy.com.br\/site\/wp-json\/wp\/v2\/posts\/14053","targetHints":{"allow":["GET"]}}],"collection":[{"href":"https:\/\/blogdoeloiltoncajuhy.com.br\/site\/wp-json\/wp\/v2\/posts"}],"about":[{"href":"https:\/\/blogdoeloiltoncajuhy.com.br\/site\/wp-json\/wp\/v2\/types\/post"}],"author":[{"embeddable":true,"href":"https:\/\/blogdoeloiltoncajuhy.com.br\/site\/wp-json\/wp\/v2\/users\/2"}],"replies":[{"embeddable":true,"href":"https:\/\/blogdoeloiltoncajuhy.com.br\/site\/wp-json\/wp\/v2\/comments?post=14053"}],"version-history":[{"count":4,"href":"https:\/\/blogdoeloiltoncajuhy.com.br\/site\/wp-json\/wp\/v2\/posts\/14053\/revisions"}],"predecessor-version":[{"id":14065,"href":"https:\/\/blogdoeloiltoncajuhy.com.br\/site\/wp-json\/wp\/v2\/posts\/14053\/revisions\/14065"}],"wp:featuredmedia":[{"embeddable":true,"href":"https:\/\/blogdoeloiltoncajuhy.com.br\/site\/wp-json\/wp\/v2\/media\/14064"}],"wp:attachment":[{"href":"https:\/\/blogdoeloiltoncajuhy.com.br\/site\/wp-json\/wp\/v2\/media?parent=14053"}],"wp:term":[{"taxonomy":"category","embeddable":true,"href":"https:\/\/blogdoeloiltoncajuhy.com.br\/site\/wp-json\/wp\/v2\/categories?post=14053"},{"taxonomy":"post_tag","embeddable":true,"href":"https:\/\/blogdoeloiltoncajuhy.com.br\/site\/wp-json\/wp\/v2\/tags?post=14053"}],"curies":[{"name":"wp","href":"https:\/\/api.w.org\/{rel}","templated":true}]}}