{"id":14038,"date":"2016-12-14T21:07:11","date_gmt":"2016-12-15T00:07:11","guid":{"rendered":"http:\/\/blogdoeloiltoncajuhy.com.br\/site\/?p=14038"},"modified":"2016-12-14T21:07:11","modified_gmt":"2016-12-15T00:07:11","slug":"rui-anuncia-concurso-com-28-mil-vagas-para-pm-e-bombeiros","status":"publish","type":"post","link":"https:\/\/blogdoeloiltoncajuhy.com.br\/site\/rui-anuncia-concurso-com-28-mil-vagas-para-pm-e-bombeiros\/","title":{"rendered":"Rui anuncia concurso com 2,8 mil vagas para PM e Bombeiros"},"content":{"rendered":"<figure id=\"attachment_14039\" aria-describedby=\"caption-attachment-14039\" style=\"width: 600px\" class=\"wp-caption aligncenter\"><a href=\"https:\/\/i0.wp.com\/blogdoeloiltoncajuhy.com.br\/site\/wp-content\/uploads\/2016\/12\/op-verao-e1481760409907.jpg\"><img data-recalc-dims=\"1\" fetchpriority=\"high\" decoding=\"async\" class=\"wp-image-14039 size-full\" src=\"https:\/\/i0.wp.com\/blogdoeloiltoncajuhy.com.br\/site\/wp-content\/uploads\/2016\/12\/op-verao-e1481760409907.jpg?resize=600%2C400\" width=\"600\" height=\"400\" \/><\/a><figcaption id=\"caption-attachment-14039\" class=\"wp-caption-text\">(Foto: Alberto Coutinho\/GOVBA)<\/figcaption><\/figure>\n<p>Durante o <strong><a href=\"http:\/\/www.secom.ba.gov.br\/2016\/12\/136484\/Operacao-Verao-tera-22-mil-policiais-no-patrulhamento-de-areas-turisticas.html\" target=\"_blank\">lan\u00e7amento da Opera\u00e7\u00e3o Ver\u00e3o<\/a><\/strong>, nesta quarta-feira (14), o governador Rui Costa anunciou a realiza\u00e7\u00e3o de concurso p\u00fablico para oficiais e soldados da Pol\u00edcia Militar e do Corpo Bombeiros Militar em 2017. Nesta quinta-feira (15), ser\u00e1 publicada no Di\u00e1rio Oficial do Estado a resolu\u00e7\u00e3o do Conselho de Pol\u00edtica de Recursos Humanos (Cope), autorizando a abertura de licita\u00e7\u00e3o para contrata\u00e7\u00e3o da empresa respons\u00e1vel pela realiza\u00e7\u00e3o da sele\u00e7\u00e3o.<\/p>\n<p>O novo concurso vai oferecer 2 mil vagas para soldados e 60 oficiais da PM. Outras 20 vagas ser\u00e3o destinadas a oficiais m\u00e9dicos e dez, para oficiais odont\u00f3logos. No caso do Corpo de Bombeiros, ser\u00e3o ofertadas 750 vagas para soldados e 30 para oficiais. \u201cNossa meta \u00e9 que, em 2018, j\u00e1 teremos esses novos concursados refor\u00e7ando o trabalho da PM e dos bombeiros\u201d, disse o governador. Ao todo, ser\u00e3o 2.870 novos policiais para refor\u00e7ar a seguran\u00e7a p\u00fablica na capital e no interior do estado a partir de 2018.<\/p>\n<p><em>*Secom-Ba<\/em><\/p>\n","protected":false},"excerpt":{"rendered":"<p>Durante o lan\u00e7amento da Opera\u00e7\u00e3o Ver\u00e3o, nesta quarta-feira (14), o governador Rui Costa anunciou a realiza\u00e7\u00e3o de concurso p\u00fablico para oficiais e soldados da Pol\u00edcia Militar e do Corpo Bombeiros Militar em 2017. Nesta quinta-feira (15), ser\u00e1 publicada no Di\u00e1rio Oficial do Estado a resolu\u00e7\u00e3o do Conselho de Pol\u00edtica de Recursos Humanos (Cope), autorizando a [&hellip;]<\/p>\n","protected":false},"author":2,"featured_media":14039,"comment_status":"open","ping_status":"open","sticky":false,"template":"","format":"standard","meta":{"_acf_changed":false,"_monsterinsights_skip_tracking":false,"_monsterinsights_sitenote_active":false,"_monsterinsights_sitenote_note":"","_monsterinsights_sitenote_category":0,"_jetpack_memberships_contains_paid_content":false,"footnotes":"","jetpack_publicize_message":"","jetpack_publicize_feature_enabled":true,"jetpack_social_post_already_shared":true,"jetpack_social_options":{"image_generator_settings":{"template":"highway","default_image_id":0,"font":"","enabled":false},"version":2}},"categories":[1,3],"tags":[],"class_list":["post-14038","post","type-post","status-publish","format-standard","has-post-thumbnail","hentry","category-noticias","category-politica"],"acf":[],"jetpack_publicize_connections":[],"jetpack_featured_media_url":"https:\/\/i0.wp.com\/blogdoeloiltoncajuhy.com.br\/site\/wp-content\/uploads\/2016\/12\/op-verao-e1481760409907.jpg?fit=600%2C400&ssl=1","jetpack_sharing_enabled":true,"publishpress_future_workflow_manual_trigger":{"enabledWorkflows":[]},"_links":{"self":[{"href":"https:\/\/blogdoeloiltoncajuhy.com.br\/site\/wp-json\/wp\/v2\/posts\/14038","targetHints":{"allow":["GET"]}}],"collection":[{"href":"https:\/\/blogdoeloiltoncajuhy.com.br\/site\/wp-json\/wp\/v2\/posts"}],"about":[{"href":"https:\/\/blogdoeloiltoncajuhy.com.br\/site\/wp-json\/wp\/v2\/types\/post"}],"author":[{"embeddable":true,"href":"https:\/\/blogdoeloiltoncajuhy.com.br\/site\/wp-json\/wp\/v2\/users\/2"}],"replies":[{"embeddable":true,"href":"https:\/\/blogdoeloiltoncajuhy.com.br\/site\/wp-json\/wp\/v2\/comments?post=14038"}],"version-history":[{"count":1,"href":"https:\/\/blogdoeloiltoncajuhy.com.br\/site\/wp-json\/wp\/v2\/posts\/14038\/revisions"}],"predecessor-version":[{"id":14040,"href":"https:\/\/blogdoeloiltoncajuhy.com.br\/site\/wp-json\/wp\/v2\/posts\/14038\/revisions\/14040"}],"wp:featuredmedia":[{"embeddable":true,"href":"https:\/\/blogdoeloiltoncajuhy.com.br\/site\/wp-json\/wp\/v2\/media\/14039"}],"wp:attachment":[{"href":"https:\/\/blogdoeloiltoncajuhy.com.br\/site\/wp-json\/wp\/v2\/media?parent=14038"}],"wp:term":[{"taxonomy":"category","embeddable":true,"href":"https:\/\/blogdoeloiltoncajuhy.com.br\/site\/wp-json\/wp\/v2\/categories?post=14038"},{"taxonomy":"post_tag","embeddable":true,"href":"https:\/\/blogdoeloiltoncajuhy.com.br\/site\/wp-json\/wp\/v2\/tags?post=14038"}],"curies":[{"name":"wp","href":"https:\/\/api.w.org\/{rel}","templated":true}]}}