{"id":14034,"date":"2016-12-14T21:00:49","date_gmt":"2016-12-15T00:00:49","guid":{"rendered":"http:\/\/blogdoeloiltoncajuhy.com.br\/site\/?p=14034"},"modified":"2016-12-14T21:00:49","modified_gmt":"2016-12-15T00:00:49","slug":"velorio-de-dom-paulo-evaristo-arns-comeca-na-catedral-da-se","status":"publish","type":"post","link":"https:\/\/blogdoeloiltoncajuhy.com.br\/site\/velorio-de-dom-paulo-evaristo-arns-comeca-na-catedral-da-se\/","title":{"rendered":"Vel\u00f3rio de Dom Paulo Evaristo Arns come\u00e7a na catedral da S\u00e9"},"content":{"rendered":"<p><a href=\"https:\/\/i0.wp.com\/blogdoeloiltoncajuhy.com.br\/site\/wp-content\/uploads\/2016\/12\/dom_paulo_evaristo1.jpg\"><img data-recalc-dims=\"1\" fetchpriority=\"high\" decoding=\"async\" class=\"wp-image-14035 size-medium alignleft\" src=\"https:\/\/i0.wp.com\/blogdoeloiltoncajuhy.com.br\/site\/wp-content\/uploads\/2016\/12\/dom_paulo_evaristo1.jpg?resize=286%2C300\" width=\"286\" height=\"300\" srcset=\"https:\/\/i0.wp.com\/blogdoeloiltoncajuhy.com.br\/site\/wp-content\/uploads\/2016\/12\/dom_paulo_evaristo1.jpg?resize=286%2C300&amp;ssl=1 286w, https:\/\/i0.wp.com\/blogdoeloiltoncajuhy.com.br\/site\/wp-content\/uploads\/2016\/12\/dom_paulo_evaristo1.jpg?resize=768%2C805&amp;ssl=1 768w, https:\/\/i0.wp.com\/blogdoeloiltoncajuhy.com.br\/site\/wp-content\/uploads\/2016\/12\/dom_paulo_evaristo1.jpg?resize=239%2C250&amp;ssl=1 239w, https:\/\/i0.wp.com\/blogdoeloiltoncajuhy.com.br\/site\/wp-content\/uploads\/2016\/12\/dom_paulo_evaristo1.jpg?w=916&amp;ssl=1 916w\" sizes=\"(max-width: 286px) 100vw, 286px\" \/><\/a>O vel\u00f3rio do cardeal dom Paulo Evaristo Arns, morto no final da manh\u00e3 de hoje (14), come\u00e7ou por volta das 20h (de Bras\u00edlia) na Catedral Metropolitana de S\u00e3o Paulo, na S\u00e9, regi\u00e3o central da cidade. Em prociss\u00e3o solene, o corpo de Arns foi recebido sob aplausos na catedral, onde uma missa de corpo presente, celebrada pelo arcebispo de S\u00e3o Paulo, Dom Odilo Scherer, teve in\u00edcio \u00e0s 20h20.<\/p>\n<p>O vel\u00f3rio de dom Paulo se estender\u00e1 at\u00e9 aproximadamente \u00e0s 15h de sexta-feira (16), quando seu corpo ser\u00e1 sepultado na cripta da catedral. Durante o per\u00edodo do funeral, ser\u00e3o feitas missas a cada duas horas. Dom Paulo tinha 95 anos de idade, 71 de sacerd\u00f3cio e 76 de vida franciscana. Ele era cardeal desde 1973 e foi arcebispo metropolitano de S\u00e3o Paulo entre 1970 e 1998.<\/p>\n<p>\u201cSomos respons\u00e1veis pelo legado de dom Paulo. E, nesse momento, o sil\u00eancio de dom Paulo \u00e9 eloquente no Brasil que se desmancha, que \u00e9 corro\u00eddo pela corrup\u00e7\u00e3o, pela viol\u00eancia e por tantas coisas. O legado de dom Paulo deveria de ser nesse momento um chamamento \u00e0 humaniza\u00e7\u00e3o da vida, \u00e0 supera\u00e7\u00e3o de todos os desafios que n\u00f3s estamos vivendo\u201d, disse o padre J\u00falio Lancelotti, da Pastoral do Povo de Rua.<\/p>\n<p>Lancelotti lembrou ainda que Dom Evaristo sempre esteve ao lado dos trabalhadores e dos moradores de rua. \u201cSem d\u00favida, neste momento, dom Paulo estar\u00e1 ao lado dos trabalhadores, dos aposentados, dos moradores de rua, das crian\u00e7as abandonadas, das pessoas sem condi\u00e7\u00f5es de vida e de sa\u00fade. Dom Paulo \u00e9 um legado de um Brasil que seja humano\u201d.<\/p>\n<p><a href=\"https:\/\/i0.wp.com\/blogdoeloiltoncajuhy.com.br\/site\/wp-content\/uploads\/2016\/12\/dom_paulo_evaristo2.jpeg\"><img data-recalc-dims=\"1\" decoding=\"async\" class=\"aligncenter size-full wp-image-14036\" src=\"https:\/\/i0.wp.com\/blogdoeloiltoncajuhy.com.br\/site\/wp-content\/uploads\/2016\/12\/dom_paulo_evaristo2.jpeg?resize=635%2C400\" alt=\"\" width=\"635\" height=\"400\" srcset=\"https:\/\/i0.wp.com\/blogdoeloiltoncajuhy.com.br\/site\/wp-content\/uploads\/2016\/12\/dom_paulo_evaristo2.jpeg?w=635&amp;ssl=1 635w, https:\/\/i0.wp.com\/blogdoeloiltoncajuhy.com.br\/site\/wp-content\/uploads\/2016\/12\/dom_paulo_evaristo2.jpeg?resize=300%2C189&amp;ssl=1 300w, https:\/\/i0.wp.com\/blogdoeloiltoncajuhy.com.br\/site\/wp-content\/uploads\/2016\/12\/dom_paulo_evaristo2.jpeg?resize=250%2C157&amp;ssl=1 250w\" sizes=\"(max-width: 635px) 100vw, 635px\" \/><\/a>O ex-secret\u00e1rio de Estado de Direitos Humanos, no governo Fernando Henrique Cardoso, e um dos membros da Comiss\u00e3o Nacional da Verdade, Paulo S\u00e9rgio Pinheiro, destacou que o dom Evaristo foi fundamental para a consolida\u00e7\u00e3o dos direitos humanos no Brasil. \u201cAcho que ele foi um personagem chave que permitiu que se progredisse em uma pol\u00edtica de estado de direitos humanos, desde o presidente Sarney at\u00e9 a presidenta Dilma\u201d, disse.<\/p>\n<p>No entanto, segundo Pinheiro, seu legado n\u00e3o tem sido preservado. \u201cO primeiro ato desse governo foi o desmantelamento de tudo que se construiu na esteira do pensamento de dom Paulo: o Minist\u00e9rio dos Direitos Humanos, a Secretaria da Igualdade Racial, a Secretaria dos Direitos das Mulheres e todos os conselhos\u201d, disse.<\/p>\n<p><em>*Ag\u00eancia Brasil<\/em><\/p>\n","protected":false},"excerpt":{"rendered":"<p>O vel\u00f3rio do cardeal dom Paulo Evaristo Arns, morto no final da manh\u00e3 de hoje (14), come\u00e7ou por volta das 20h (de Bras\u00edlia) na Catedral Metropolitana de S\u00e3o Paulo, na S\u00e9, regi\u00e3o central da cidade. Em prociss\u00e3o solene, o corpo de Arns foi recebido sob aplausos na catedral, onde uma missa de corpo presente, celebrada [&hellip;]<\/p>\n","protected":false},"author":2,"featured_media":14036,"comment_status":"open","ping_status":"open","sticky":false,"template":"","format":"standard","meta":{"_acf_changed":false,"_monsterinsights_skip_tracking":false,"_monsterinsights_sitenote_active":false,"_monsterinsights_sitenote_note":"","_monsterinsights_sitenote_category":0,"_jetpack_memberships_contains_paid_content":false,"footnotes":"","jetpack_publicize_message":"","jetpack_publicize_feature_enabled":true,"jetpack_social_post_already_shared":true,"jetpack_social_options":{"image_generator_settings":{"template":"highway","default_image_id":0,"font":"","enabled":false},"version":2}},"categories":[5,1],"tags":[],"class_list":["post-14034","post","type-post","status-publish","format-standard","has-post-thumbnail","hentry","category-cotidiano","category-noticias"],"acf":[],"jetpack_publicize_connections":[],"jetpack_featured_media_url":"https:\/\/i0.wp.com\/blogdoeloiltoncajuhy.com.br\/site\/wp-content\/uploads\/2016\/12\/dom_paulo_evaristo2.jpeg?fit=635%2C400&ssl=1","jetpack_sharing_enabled":true,"publishpress_future_workflow_manual_trigger":{"enabledWorkflows":[]},"_links":{"self":[{"href":"https:\/\/blogdoeloiltoncajuhy.com.br\/site\/wp-json\/wp\/v2\/posts\/14034","targetHints":{"allow":["GET"]}}],"collection":[{"href":"https:\/\/blogdoeloiltoncajuhy.com.br\/site\/wp-json\/wp\/v2\/posts"}],"about":[{"href":"https:\/\/blogdoeloiltoncajuhy.com.br\/site\/wp-json\/wp\/v2\/types\/post"}],"author":[{"embeddable":true,"href":"https:\/\/blogdoeloiltoncajuhy.com.br\/site\/wp-json\/wp\/v2\/users\/2"}],"replies":[{"embeddable":true,"href":"https:\/\/blogdoeloiltoncajuhy.com.br\/site\/wp-json\/wp\/v2\/comments?post=14034"}],"version-history":[{"count":1,"href":"https:\/\/blogdoeloiltoncajuhy.com.br\/site\/wp-json\/wp\/v2\/posts\/14034\/revisions"}],"predecessor-version":[{"id":14037,"href":"https:\/\/blogdoeloiltoncajuhy.com.br\/site\/wp-json\/wp\/v2\/posts\/14034\/revisions\/14037"}],"wp:featuredmedia":[{"embeddable":true,"href":"https:\/\/blogdoeloiltoncajuhy.com.br\/site\/wp-json\/wp\/v2\/media\/14036"}],"wp:attachment":[{"href":"https:\/\/blogdoeloiltoncajuhy.com.br\/site\/wp-json\/wp\/v2\/media?parent=14034"}],"wp:term":[{"taxonomy":"category","embeddable":true,"href":"https:\/\/blogdoeloiltoncajuhy.com.br\/site\/wp-json\/wp\/v2\/categories?post=14034"},{"taxonomy":"post_tag","embeddable":true,"href":"https:\/\/blogdoeloiltoncajuhy.com.br\/site\/wp-json\/wp\/v2\/tags?post=14034"}],"curies":[{"name":"wp","href":"https:\/\/api.w.org\/{rel}","templated":true}]}}