{"id":14031,"date":"2016-12-13T21:27:01","date_gmt":"2016-12-14T00:27:01","guid":{"rendered":"http:\/\/blogdoeloiltoncajuhy.com.br\/site\/?p=14031"},"modified":"2016-12-13T21:27:01","modified_gmt":"2016-12-14T00:27:01","slug":"familia-cajuhy-prestara-homenagens-a-d-tidinha-nesta-quarta-feira-14","status":"publish","type":"post","link":"https:\/\/blogdoeloiltoncajuhy.com.br\/site\/familia-cajuhy-prestara-homenagens-a-d-tidinha-nesta-quarta-feira-14\/","title":{"rendered":"Fam\u00edlia Cajuhy prestar\u00e1 homenagens a D. Tidinha nesta quarta-feira (14)"},"content":{"rendered":"<p><a href=\"https:\/\/i0.wp.com\/blogdoeloiltoncajuhy.com.br\/site\/wp-content\/uploads\/2016\/12\/D.-Tidinha-e1481674998173.jpg\"><img data-recalc-dims=\"1\" fetchpriority=\"high\" decoding=\"async\" class=\"aligncenter size-full wp-image-14032\" src=\"https:\/\/i0.wp.com\/blogdoeloiltoncajuhy.com.br\/site\/wp-content\/uploads\/2016\/12\/D.-Tidinha-e1481674998173.jpg?resize=600%2C436\" alt=\"\" width=\"600\" height=\"436\" \/><\/a>Com a reza do tradicional Ter\u00e7o e Missa em sufr\u00e1gio de sua alma, a fam\u00edlia Cajuhy prestar\u00e1 homenagem \u00e0 Aracy do Vale Cajuhy, mais conhecida por D. Tidinha, que faleceu na \u00faltima quinta-feira, dia 8, enquanto era atendida no Centro de Sa\u00fade de Andorinha.<\/p>\n<p>Um grupo cat\u00f3lico rezar\u00e1 o Ter\u00e7o na resid\u00eancia da fam\u00edlia, no Povoado S\u00edtio do A\u00e7ude, munic\u00edpio de Andorinha, \u00e0s 15h. A Missa de 7\u00ba dia ser\u00e1 celebrada na Catedral Diocesana de Senhor do Bonfim, \u00e0s 19h30.<\/p>\n<p>D. Tidinha passou mal em sua resid\u00eancia, no S\u00edtio, e foi socorrida para o Centro de Sa\u00fade de Andorinha, onde n\u00e3o resistiu e acabou morrendo, possivelmente, de infarto.<\/p>\n<p>Al\u00e9m do esposo, o comerciante Mois\u00e9s Cajuhy, ela deixa 6 filhos:\u00a0o radialista e blogueiro <strong>Eloilton Cajuhy<\/strong>, o contador e funcion\u00e1rio p\u00fablico da Prefeitura de Andorinha, <strong>Elto Cajuhy<\/strong>, a vendedora aut\u00f4noma <strong>H\u00e9lia Cajuhy<\/strong>, a funcion\u00e1ria p\u00fablica da Escola Municipal Dr. Jos\u00e9 Gon\u00e7alves das Casas Populares, em Senhor do Bonfim, <strong>Elioneide Cajuhy<\/strong>, a assistente administrativo, <strong>Ana Cristina Cajuhy<\/strong>, e a professora <strong>Ana Meire Cajuhy<\/strong>.<\/p>\n<p><em><strong>*BLOG DO ELOILTON CAJUHY<\/strong><\/em><\/p>\n","protected":false},"excerpt":{"rendered":"<p>Com a reza do tradicional Ter\u00e7o e Missa em sufr\u00e1gio de sua alma, a fam\u00edlia Cajuhy prestar\u00e1 homenagem \u00e0 Aracy do Vale Cajuhy, mais conhecida por D. Tidinha, que faleceu na \u00faltima quinta-feira, dia 8, enquanto era atendida no Centro de Sa\u00fade de Andorinha. Um grupo cat\u00f3lico rezar\u00e1 o Ter\u00e7o na resid\u00eancia da fam\u00edlia, no [&hellip;]<\/p>\n","protected":false},"author":2,"featured_media":14032,"comment_status":"open","ping_status":"open","sticky":false,"template":"","format":"standard","meta":{"_acf_changed":false,"_monsterinsights_skip_tracking":false,"_monsterinsights_sitenote_active":false,"_monsterinsights_sitenote_note":"","_monsterinsights_sitenote_category":0,"_jetpack_memberships_contains_paid_content":false,"footnotes":"","jetpack_publicize_message":"","jetpack_publicize_feature_enabled":true,"jetpack_social_post_already_shared":true,"jetpack_social_options":{"image_generator_settings":{"template":"highway","default_image_id":0,"font":"","enabled":false},"version":2}},"categories":[1,4],"tags":[],"class_list":["post-14031","post","type-post","status-publish","format-standard","has-post-thumbnail","hentry","category-noticias","category-local"],"acf":[],"jetpack_publicize_connections":[],"jetpack_featured_media_url":"https:\/\/i0.wp.com\/blogdoeloiltoncajuhy.com.br\/site\/wp-content\/uploads\/2016\/12\/D.-Tidinha-e1481674998173.jpg?fit=600%2C436&ssl=1","jetpack_sharing_enabled":true,"publishpress_future_workflow_manual_trigger":{"enabledWorkflows":[]},"_links":{"self":[{"href":"https:\/\/blogdoeloiltoncajuhy.com.br\/site\/wp-json\/wp\/v2\/posts\/14031","targetHints":{"allow":["GET"]}}],"collection":[{"href":"https:\/\/blogdoeloiltoncajuhy.com.br\/site\/wp-json\/wp\/v2\/posts"}],"about":[{"href":"https:\/\/blogdoeloiltoncajuhy.com.br\/site\/wp-json\/wp\/v2\/types\/post"}],"author":[{"embeddable":true,"href":"https:\/\/blogdoeloiltoncajuhy.com.br\/site\/wp-json\/wp\/v2\/users\/2"}],"replies":[{"embeddable":true,"href":"https:\/\/blogdoeloiltoncajuhy.com.br\/site\/wp-json\/wp\/v2\/comments?post=14031"}],"version-history":[{"count":1,"href":"https:\/\/blogdoeloiltoncajuhy.com.br\/site\/wp-json\/wp\/v2\/posts\/14031\/revisions"}],"predecessor-version":[{"id":14033,"href":"https:\/\/blogdoeloiltoncajuhy.com.br\/site\/wp-json\/wp\/v2\/posts\/14031\/revisions\/14033"}],"wp:featuredmedia":[{"embeddable":true,"href":"https:\/\/blogdoeloiltoncajuhy.com.br\/site\/wp-json\/wp\/v2\/media\/14032"}],"wp:attachment":[{"href":"https:\/\/blogdoeloiltoncajuhy.com.br\/site\/wp-json\/wp\/v2\/media?parent=14031"}],"wp:term":[{"taxonomy":"category","embeddable":true,"href":"https:\/\/blogdoeloiltoncajuhy.com.br\/site\/wp-json\/wp\/v2\/categories?post=14031"},{"taxonomy":"post_tag","embeddable":true,"href":"https:\/\/blogdoeloiltoncajuhy.com.br\/site\/wp-json\/wp\/v2\/tags?post=14031"}],"curies":[{"name":"wp","href":"https:\/\/api.w.org\/{rel}","templated":true}]}}