{"id":14028,"date":"2016-12-13T20:59:44","date_gmt":"2016-12-13T23:59:44","guid":{"rendered":"http:\/\/blogdoeloiltoncajuhy.com.br\/site\/?p=14028"},"modified":"2016-12-13T20:59:44","modified_gmt":"2016-12-13T23:59:44","slug":"comece-a-quarta-feira-meditando-e-feliz-aquele-que-nao-se-escandaliza-por-causa-de-mim-lc-719-23","status":"publish","type":"post","link":"https:\/\/blogdoeloiltoncajuhy.com.br\/site\/comece-a-quarta-feira-meditando-e-feliz-aquele-que-nao-se-escandaliza-por-causa-de-mim-lc-719-23\/","title":{"rendered":"COMECE A QUARTA-FEIRA MEDITANDO: &#8220;\u00c9 feliz aquele que n\u00e3o se escandaliza por causa de mim!&#8221; &#8211; Lc 7,19-23"},"content":{"rendered":"<p><a href=\"https:\/\/i0.wp.com\/blogdoeloiltoncajuhy.com.br\/site\/wp-content\/uploads\/2015\/10\/liturgia_diaria.jpg\"><img data-recalc-dims=\"1\" fetchpriority=\"high\" decoding=\"async\" class=\"aligncenter size-full wp-image-4757\" src=\"https:\/\/i0.wp.com\/blogdoeloiltoncajuhy.com.br\/site\/wp-content\/uploads\/2015\/10\/liturgia_diaria.jpg?resize=449%2C340\" alt=\"\" width=\"449\" height=\"340\" srcset=\"https:\/\/i0.wp.com\/blogdoeloiltoncajuhy.com.br\/site\/wp-content\/uploads\/2015\/10\/liturgia_diaria.jpg?w=449&amp;ssl=1 449w, https:\/\/i0.wp.com\/blogdoeloiltoncajuhy.com.br\/site\/wp-content\/uploads\/2015\/10\/liturgia_diaria.jpg?resize=300%2C227&amp;ssl=1 300w, https:\/\/i0.wp.com\/blogdoeloiltoncajuhy.com.br\/site\/wp-content\/uploads\/2015\/10\/liturgia_diaria.jpg?resize=250%2C189&amp;ssl=1 250w\" sizes=\"(max-width: 449px) 100vw, 449px\" \/><\/a>Naquele tempo, Jo\u00e3o convocou dois de seus disc\u00edpulos, e mandou-os perguntar ao Senhor: \u00c9s tu aquele que h\u00e1 de vir, ou devemos esperar outro?\u201d Eles foram ter com Jesus, e disseram: \u201cJo\u00e3o Batista nos mandou a ti para perguntar: \u2018\u00c9s tu aquele que h\u00e1 de vir, ou devemos esperar outro?\u201d Nessa mesma hora, Jesus curou de doen\u00e7as, enfermidades e esp\u00edritos malignos a muitas pessoas, e fez muitos cegos recuperarem a vista. Ent\u00e3o, Jesus lhes respondeu: \u201cIde contar a Jo\u00e3o o que vistes e ouvistes: os cegos recuperam a vista, os paral\u00edticos andam, os leprosos s\u00e3o purificados, os surdos ouvem, os mortos ressuscitam, e a boa nova \u00e9 anunciada aos pobres. \u00c9 feliz aquele que n\u00e3o se escandaliza por causa de mim!\u201d<\/p>\n<p><em><strong>*<a href=\"http:\/\/liturgia.cancaonova.com\/liturgia\/3a-semana-do-advento-quarta-feira-14122016\/\">Can\u00e7\u00e3o Nova<\/a><\/strong><\/em><\/p>\n","protected":false},"excerpt":{"rendered":"<p>Naquele tempo, Jo\u00e3o convocou dois de seus disc\u00edpulos, e mandou-os perguntar ao Senhor: \u00c9s tu aquele que h\u00e1 de vir, ou devemos esperar outro?\u201d Eles foram ter com Jesus, e disseram: \u201cJo\u00e3o Batista nos mandou a ti para perguntar: \u2018\u00c9s tu aquele que h\u00e1 de vir, ou devemos esperar outro?\u201d Nessa mesma hora, Jesus curou [&hellip;]<\/p>\n","protected":false},"author":2,"featured_media":0,"comment_status":"open","ping_status":"open","sticky":false,"template":"","format":"standard","meta":{"_acf_changed":false,"_monsterinsights_skip_tracking":false,"_monsterinsights_sitenote_active":false,"_monsterinsights_sitenote_note":"","_monsterinsights_sitenote_category":0,"_jetpack_memberships_contains_paid_content":false,"footnotes":"","jetpack_publicize_message":"","jetpack_publicize_feature_enabled":true,"jetpack_social_post_already_shared":true,"jetpack_social_options":{"image_generator_settings":{"template":"highway","default_image_id":0,"font":"","enabled":false},"version":2}},"categories":[1,9],"tags":[],"class_list":["post-14028","post","type-post","status-publish","format-standard","hentry","category-noticias","category-reflexao"],"acf":[],"jetpack_publicize_connections":[],"jetpack_featured_media_url":"","jetpack_sharing_enabled":true,"publishpress_future_workflow_manual_trigger":{"enabledWorkflows":[]},"_links":{"self":[{"href":"https:\/\/blogdoeloiltoncajuhy.com.br\/site\/wp-json\/wp\/v2\/posts\/14028","targetHints":{"allow":["GET"]}}],"collection":[{"href":"https:\/\/blogdoeloiltoncajuhy.com.br\/site\/wp-json\/wp\/v2\/posts"}],"about":[{"href":"https:\/\/blogdoeloiltoncajuhy.com.br\/site\/wp-json\/wp\/v2\/types\/post"}],"author":[{"embeddable":true,"href":"https:\/\/blogdoeloiltoncajuhy.com.br\/site\/wp-json\/wp\/v2\/users\/2"}],"replies":[{"embeddable":true,"href":"https:\/\/blogdoeloiltoncajuhy.com.br\/site\/wp-json\/wp\/v2\/comments?post=14028"}],"version-history":[{"count":2,"href":"https:\/\/blogdoeloiltoncajuhy.com.br\/site\/wp-json\/wp\/v2\/posts\/14028\/revisions"}],"predecessor-version":[{"id":14030,"href":"https:\/\/blogdoeloiltoncajuhy.com.br\/site\/wp-json\/wp\/v2\/posts\/14028\/revisions\/14030"}],"wp:attachment":[{"href":"https:\/\/blogdoeloiltoncajuhy.com.br\/site\/wp-json\/wp\/v2\/media?parent=14028"}],"wp:term":[{"taxonomy":"category","embeddable":true,"href":"https:\/\/blogdoeloiltoncajuhy.com.br\/site\/wp-json\/wp\/v2\/categories?post=14028"},{"taxonomy":"post_tag","embeddable":true,"href":"https:\/\/blogdoeloiltoncajuhy.com.br\/site\/wp-json\/wp\/v2\/tags?post=14028"}],"curies":[{"name":"wp","href":"https:\/\/api.w.org\/{rel}","templated":true}]}}