{"id":14025,"date":"2016-12-13T20:18:59","date_gmt":"2016-12-13T23:18:59","guid":{"rendered":"http:\/\/blogdoeloiltoncajuhy.com.br\/site\/?p=14025"},"modified":"2016-12-13T20:18:59","modified_gmt":"2016-12-13T23:18:59","slug":"cultura-cia-mascaras-de-teatro-apresenta-espetaculo-neste-fim-de-semana-em-bonfim","status":"publish","type":"post","link":"https:\/\/blogdoeloiltoncajuhy.com.br\/site\/cultura-cia-mascaras-de-teatro-apresenta-espetaculo-neste-fim-de-semana-em-bonfim\/","title":{"rendered":"CULTURA: Cia M\u00e1scaras de Teatro apresenta espet\u00e1culo neste fim de semana em Bonfim"},"content":{"rendered":"<p><a href=\"https:\/\/i0.wp.com\/blogdoeloiltoncajuhy.com.br\/site\/wp-content\/uploads\/2016\/12\/pe%C3%A7a-teatral-e1481671120884.jpg\"><img data-recalc-dims=\"1\" fetchpriority=\"high\" decoding=\"async\" class=\"aligncenter size-full wp-image-14026\" src=\"https:\/\/i0.wp.com\/blogdoeloiltoncajuhy.com.br\/site\/wp-content\/uploads\/2016\/12\/pe%C3%A7a-teatral-e1481671120884.jpg?resize=600%2C350\" alt=\"\" width=\"600\" height=\"350\" \/><\/a>A Cia M\u00e1scaras de Teatro de Senhor do Bonfim com Odemar, apresentar\u00e1\u00a0grande espet\u00e1culo teatral, neste fim de semana, no Cine Teatro Reginaldo Carvalho, nesta cidade.<\/p>\n<p>A pe\u00e7a ser\u00e1 encenada sobre poemas do poeta portugu\u00eas Fernando Pessoa e ter\u00e1 cen\u00e1rio, luz, atua\u00e7\u00e3o dire\u00e7\u00e3o colocados a servi\u00e7o da monumentalidade dessa obra liter\u00e1ria.<\/p>\n<p>A a\u00e7\u00e3o foi ambientada num espa\u00e7o preciso: um cen\u00e1rio-palco\/um palco-cen\u00e1rio. Uma estrutura cenogr\u00e1fica impactante com trap\u00e9zio, piscina com \u00e1gua, contrapesos, emaranhado de cordas, mastros, etc. Uma estrutura simb\u00f3lica, abstrata, mas precisa que, devido ao seu desenho em semi-c\u00edrculo e izabelino, se estabelece aproxima\u00e7\u00e3o entre ator-p\u00fablico, pois tem acesso \u00e0\u00a0plat\u00e9ia como um cais que se estende sobre o mar.<\/p>\n<p>A Atua\u00e7\u00e3o \u00e9 a mola fundamental do espet\u00e1culo. O ator, com sua desenvoltura corporal consegue construir uma po\u00e9tica gestual obediente \u00e0 precis\u00e3o da partitura f\u00edsica e presen\u00e7a c\u00eanica.<\/p>\n","protected":false},"excerpt":{"rendered":"<p>A Cia M\u00e1scaras de Teatro de Senhor do Bonfim com Odemar, apresentar\u00e1\u00a0grande espet\u00e1culo teatral, neste fim de semana, no Cine Teatro Reginaldo Carvalho, nesta cidade. A pe\u00e7a ser\u00e1 encenada sobre poemas do poeta portugu\u00eas Fernando Pessoa e ter\u00e1 cen\u00e1rio, luz, atua\u00e7\u00e3o dire\u00e7\u00e3o colocados a servi\u00e7o da monumentalidade dessa obra liter\u00e1ria. A a\u00e7\u00e3o foi ambientada num [&hellip;]<\/p>\n","protected":false},"author":2,"featured_media":14026,"comment_status":"open","ping_status":"open","sticky":false,"template":"","format":"standard","meta":{"_acf_changed":false,"_monsterinsights_skip_tracking":false,"_monsterinsights_sitenote_active":false,"_monsterinsights_sitenote_note":"","_monsterinsights_sitenote_category":0,"_jetpack_memberships_contains_paid_content":false,"footnotes":"","jetpack_publicize_message":"","jetpack_publicize_feature_enabled":true,"jetpack_social_post_already_shared":true,"jetpack_social_options":{"image_generator_settings":{"template":"highway","default_image_id":0,"font":"","enabled":false},"version":2}},"categories":[8,1],"tags":[],"class_list":["post-14025","post","type-post","status-publish","format-standard","has-post-thumbnail","hentry","category-cultura","category-noticias"],"acf":[],"jetpack_publicize_connections":[],"jetpack_featured_media_url":"https:\/\/i0.wp.com\/blogdoeloiltoncajuhy.com.br\/site\/wp-content\/uploads\/2016\/12\/pe%C3%A7a-teatral-e1481671120884.jpg?fit=600%2C350&ssl=1","jetpack_sharing_enabled":true,"publishpress_future_workflow_manual_trigger":{"enabledWorkflows":[]},"_links":{"self":[{"href":"https:\/\/blogdoeloiltoncajuhy.com.br\/site\/wp-json\/wp\/v2\/posts\/14025","targetHints":{"allow":["GET"]}}],"collection":[{"href":"https:\/\/blogdoeloiltoncajuhy.com.br\/site\/wp-json\/wp\/v2\/posts"}],"about":[{"href":"https:\/\/blogdoeloiltoncajuhy.com.br\/site\/wp-json\/wp\/v2\/types\/post"}],"author":[{"embeddable":true,"href":"https:\/\/blogdoeloiltoncajuhy.com.br\/site\/wp-json\/wp\/v2\/users\/2"}],"replies":[{"embeddable":true,"href":"https:\/\/blogdoeloiltoncajuhy.com.br\/site\/wp-json\/wp\/v2\/comments?post=14025"}],"version-history":[{"count":1,"href":"https:\/\/blogdoeloiltoncajuhy.com.br\/site\/wp-json\/wp\/v2\/posts\/14025\/revisions"}],"predecessor-version":[{"id":14027,"href":"https:\/\/blogdoeloiltoncajuhy.com.br\/site\/wp-json\/wp\/v2\/posts\/14025\/revisions\/14027"}],"wp:featuredmedia":[{"embeddable":true,"href":"https:\/\/blogdoeloiltoncajuhy.com.br\/site\/wp-json\/wp\/v2\/media\/14026"}],"wp:attachment":[{"href":"https:\/\/blogdoeloiltoncajuhy.com.br\/site\/wp-json\/wp\/v2\/media?parent=14025"}],"wp:term":[{"taxonomy":"category","embeddable":true,"href":"https:\/\/blogdoeloiltoncajuhy.com.br\/site\/wp-json\/wp\/v2\/categories?post=14025"},{"taxonomy":"post_tag","embeddable":true,"href":"https:\/\/blogdoeloiltoncajuhy.com.br\/site\/wp-json\/wp\/v2\/tags?post=14025"}],"curies":[{"name":"wp","href":"https:\/\/api.w.org\/{rel}","templated":true}]}}