{"id":14020,"date":"2016-12-13T15:56:43","date_gmt":"2016-12-13T18:56:43","guid":{"rendered":"http:\/\/blogdoeloiltoncajuhy.com.br\/site\/?p=14020"},"modified":"2016-12-13T15:56:43","modified_gmt":"2016-12-13T18:56:43","slug":"bonfim-grupo-servos-da-luz-fica-em-4o-lugar-em-festival-da-cancao-nova","status":"publish","type":"post","link":"https:\/\/blogdoeloiltoncajuhy.com.br\/site\/bonfim-grupo-servos-da-luz-fica-em-4o-lugar-em-festival-da-cancao-nova\/","title":{"rendered":"BONFIM: Grupo Servos da Luz fica em 4\u00ba lugar em Festival da Can\u00e7\u00e3o Nova"},"content":{"rendered":"<p><a href=\"https:\/\/i0.wp.com\/blogdoeloiltoncajuhy.com.br\/site\/wp-content\/uploads\/2016\/12\/servos-da-luz-1-e1481655329361.jpg\"><img data-recalc-dims=\"1\" fetchpriority=\"high\" decoding=\"async\" class=\"aligncenter wp-image-14021 size-medium\" src=\"https:\/\/i0.wp.com\/blogdoeloiltoncajuhy.com.br\/site\/wp-content\/uploads\/2016\/12\/servos-da-luz-1.jpg?resize=300%2C300\" width=\"300\" height=\"300\" \/><\/a>O grupo <strong>Servos da Luz<\/strong>\u00a0de Senhor do Bonfim, conquistou o 4\u00ba lugar com a vers\u00e3o ac\u00fastica da m\u00fasica &#8220;Me Abra\u00e7a&#8221;, no Festival de M\u00fasica Hosana Sergipe, realizado pela TV Can\u00e7\u00e3o Nova Aracaju.<\/p>\n<p>O evento foi realizado no \u00faltimo s\u00e1bado, dia 10 de dezembro. Com isso, o grupo estar\u00e1 presente na abertura do &#8220;Hosana Sergipe&#8221;, que acontecer\u00e1 no dia 02 de fevereiro do pr\u00f3ximo ano na capital sergipana.<\/p>\n<p>O Festival Hosana Sergipe ter\u00e1 4 dias de festa e contar\u00e1 com atra\u00e7\u00f5es como: Adriana Arydes, Ana L\u00facia, Colo de Deus, Davidson Silva, Diego Fernandes, Eliana Ribeiro, Naldo Jos\u00e9 e Thiago Tom\u00e9.<\/p>\n<p>Mais informa\u00e7\u00f5es na p\u00e1gina oficial da Can\u00e7\u00e3o Nova Aracaju no face:\u00a0<a href=\"https:\/\/www.facebook.com\/cancaonovaaracaju\" target=\"_blank\" rel=\"noreferrer\" data-saferedirecturl=\"https:\/\/www.google.com\/url?hl=pt-BR&amp;q=https:\/\/www.facebook.com\/cancaonovaaracaju&amp;source=gmail&amp;ust=1481740942932000&amp;usg=AFQjCNEgafDKj1WtIcDTCTVFwBL95FdCuA\">https:\/\/www.facebook.com\/canca<wbr \/>onovaaracaju<\/a><\/p>\n<p><em><a href=\"https:\/\/i0.wp.com\/blogdoeloiltoncajuhy.com.br\/site\/wp-content\/uploads\/2016\/12\/servos-da-luz-2-e1481655384767.jpg\"><img data-recalc-dims=\"1\" decoding=\"async\" class=\"aligncenter size-full wp-image-14022\" src=\"https:\/\/i0.wp.com\/blogdoeloiltoncajuhy.com.br\/site\/wp-content\/uploads\/2016\/12\/servos-da-luz-2-e1481655384767.jpg?resize=600%2C450\" alt=\"\" width=\"600\" height=\"450\" \/><\/a>*BLOG DO ELOILTON CAJUHY<\/em><\/p>\n","protected":false},"excerpt":{"rendered":"<p>O grupo Servos da Luz\u00a0de Senhor do Bonfim, conquistou o 4\u00ba lugar com a vers\u00e3o ac\u00fastica da m\u00fasica &#8220;Me Abra\u00e7a&#8221;, no Festival de M\u00fasica Hosana Sergipe, realizado pela TV Can\u00e7\u00e3o Nova Aracaju. O evento foi realizado no \u00faltimo s\u00e1bado, dia 10 de dezembro. Com isso, o grupo estar\u00e1 presente na abertura do &#8220;Hosana Sergipe&#8221;, que [&hellip;]<\/p>\n","protected":false},"author":2,"featured_media":14022,"comment_status":"open","ping_status":"open","sticky":false,"template":"","format":"standard","meta":{"_acf_changed":false,"_monsterinsights_skip_tracking":false,"_monsterinsights_sitenote_active":false,"_monsterinsights_sitenote_note":"","_monsterinsights_sitenote_category":0,"_jetpack_memberships_contains_paid_content":false,"footnotes":"","jetpack_publicize_message":"","jetpack_publicize_feature_enabled":true,"jetpack_social_post_already_shared":true,"jetpack_social_options":{"image_generator_settings":{"template":"highway","default_image_id":0,"font":"","enabled":false},"version":2}},"categories":[8,1,4],"tags":[],"class_list":["post-14020","post","type-post","status-publish","format-standard","has-post-thumbnail","hentry","category-cultura","category-noticias","category-local"],"acf":[],"jetpack_publicize_connections":[],"jetpack_featured_media_url":"https:\/\/i0.wp.com\/blogdoeloiltoncajuhy.com.br\/site\/wp-content\/uploads\/2016\/12\/servos-da-luz-2-e1481655384767.jpg?fit=600%2C450&ssl=1","jetpack_sharing_enabled":true,"publishpress_future_workflow_manual_trigger":{"enabledWorkflows":[]},"_links":{"self":[{"href":"https:\/\/blogdoeloiltoncajuhy.com.br\/site\/wp-json\/wp\/v2\/posts\/14020","targetHints":{"allow":["GET"]}}],"collection":[{"href":"https:\/\/blogdoeloiltoncajuhy.com.br\/site\/wp-json\/wp\/v2\/posts"}],"about":[{"href":"https:\/\/blogdoeloiltoncajuhy.com.br\/site\/wp-json\/wp\/v2\/types\/post"}],"author":[{"embeddable":true,"href":"https:\/\/blogdoeloiltoncajuhy.com.br\/site\/wp-json\/wp\/v2\/users\/2"}],"replies":[{"embeddable":true,"href":"https:\/\/blogdoeloiltoncajuhy.com.br\/site\/wp-json\/wp\/v2\/comments?post=14020"}],"version-history":[{"count":1,"href":"https:\/\/blogdoeloiltoncajuhy.com.br\/site\/wp-json\/wp\/v2\/posts\/14020\/revisions"}],"predecessor-version":[{"id":14023,"href":"https:\/\/blogdoeloiltoncajuhy.com.br\/site\/wp-json\/wp\/v2\/posts\/14020\/revisions\/14023"}],"wp:featuredmedia":[{"embeddable":true,"href":"https:\/\/blogdoeloiltoncajuhy.com.br\/site\/wp-json\/wp\/v2\/media\/14022"}],"wp:attachment":[{"href":"https:\/\/blogdoeloiltoncajuhy.com.br\/site\/wp-json\/wp\/v2\/media?parent=14020"}],"wp:term":[{"taxonomy":"category","embeddable":true,"href":"https:\/\/blogdoeloiltoncajuhy.com.br\/site\/wp-json\/wp\/v2\/categories?post=14020"},{"taxonomy":"post_tag","embeddable":true,"href":"https:\/\/blogdoeloiltoncajuhy.com.br\/site\/wp-json\/wp\/v2\/tags?post=14020"}],"curies":[{"name":"wp","href":"https:\/\/api.w.org\/{rel}","templated":true}]}}