{"id":14015,"date":"2016-12-13T12:15:42","date_gmt":"2016-12-13T15:15:42","guid":{"rendered":"http:\/\/blogdoeloiltoncajuhy.com.br\/site\/?p=14015"},"modified":"2016-12-13T12:15:42","modified_gmt":"2016-12-13T15:15:42","slug":"bonfim-preso-homem-acusado-de-varios-estupros-inclusive-de-uma-menor-autista","status":"publish","type":"post","link":"https:\/\/blogdoeloiltoncajuhy.com.br\/site\/bonfim-preso-homem-acusado-de-varios-estupros-inclusive-de-uma-menor-autista\/","title":{"rendered":"BONFIM: Preso homem acusado de v\u00e1rios estupros, inclusive de uma menor autista"},"content":{"rendered":"<figure id=\"attachment_14016\" aria-describedby=\"caption-attachment-14016\" style=\"width: 315px\" class=\"wp-caption aligncenter\"><a href=\"https:\/\/i0.wp.com\/blogdoeloiltoncajuhy.com.br\/site\/wp-content\/uploads\/2016\/12\/berg-e1481641906930.jpg\"><img data-recalc-dims=\"1\" fetchpriority=\"high\" decoding=\"async\" class=\"wp-image-14016 size-full\" src=\"https:\/\/i0.wp.com\/blogdoeloiltoncajuhy.com.br\/site\/wp-content\/uploads\/2016\/12\/berg-e1481641906930.jpg?resize=315%2C560\" width=\"315\" height=\"560\" \/><\/a><figcaption id=\"caption-attachment-14016\" class=\"wp-caption-text\">Berg, acusado de v\u00e1rios estupros, inclusive de uma menor autista (Foto: Pol\u00edcia Civil de Bonfim)<\/figcaption><\/figure>\n<p>Foi preso nesta segunda-feira (12), em Petrolina-PE, por policiais civis da 19\u00aa COORPIN de Senhor do Bonfim, o indiv\u00edduo identificado como <strong>Wandberg Nunes de Souza<\/strong>, 37 anos, mais conhecido como <strong>Berg<\/strong>, acusado de v\u00e1rios estupros em Bonfim e outras cidades.<\/p>\n<p>Ele foi preso em cumprimento a mandado de pris\u00e3o expedido pela Justi\u00e7a. Entre as v\u00edtimas de Berg, uma menor de 15 anos, moradora de Senhor do Bonfim. Wandberg est\u00e1 sendo investigado, tamb\u00e9m, como suspeito por outros estupros cometidos em nossa cidade, utilizando uma moto e uma faca.<\/p>\n<p>O acusado utilizava da profiss\u00e3o de moto taxista, para atrair as v\u00edtimas, oferecendo carona. Ele responde pelo\u00a0estupro de uma menor autista na cidade de Juazeiro\/BA, fato ocorrido em novembro de 2014.<\/p>\n<figure id=\"attachment_14017\" aria-describedby=\"caption-attachment-14017\" style=\"width: 560px\" class=\"wp-caption aligncenter\"><a href=\"https:\/\/i0.wp.com\/blogdoeloiltoncajuhy.com.br\/site\/wp-content\/uploads\/2016\/12\/berg-moto-e1481641978540.jpg\"><img data-recalc-dims=\"1\" decoding=\"async\" class=\"wp-image-14017 size-full\" src=\"https:\/\/i0.wp.com\/blogdoeloiltoncajuhy.com.br\/site\/wp-content\/uploads\/2016\/12\/berg-moto-e1481641978540.jpg?resize=560%2C315\" width=\"560\" height=\"315\" \/><\/a><figcaption id=\"caption-attachment-14017\" class=\"wp-caption-text\">Moto utilizada pelo criminoso (Foto: Pol\u00edcia Civil de Bonfim)<\/figcaption><\/figure>\n<p>A Pol\u00edcia Civil est\u00e1 divulgando fotos da moto, da poss\u00edvel faca utilizada para amea\u00e7ar as v\u00edtimas e do autor, para que eventuais v\u00edtimas desse hediondo crime possam fazer o reconhecimento.<\/p>\n<figure id=\"attachment_14018\" aria-describedby=\"caption-attachment-14018\" style=\"width: 315px\" class=\"wp-caption aligncenter\"><a href=\"https:\/\/i0.wp.com\/blogdoeloiltoncajuhy.com.br\/site\/wp-content\/uploads\/2016\/12\/berg-objetos-e1481642014906.jpg\"><img data-recalc-dims=\"1\" decoding=\"async\" class=\"wp-image-14018 size-full\" src=\"https:\/\/i0.wp.com\/blogdoeloiltoncajuhy.com.br\/site\/wp-content\/uploads\/2016\/12\/berg-objetos-e1481642014906.jpg?resize=315%2C560\" width=\"315\" height=\"560\" \/><\/a><figcaption id=\"caption-attachment-14018\" class=\"wp-caption-text\">Faca possivelmente utilizada por Berg (Foto: Pol\u00edcia Civil de Bonfim)<\/figcaption><\/figure>\n<p><em>*BLOG DO ELOILTON CAJUHY &#8211; Com informa\u00e7\u00f5es da 19\u00aa Coorpin\/Senhor do Bonfim<\/em><\/p>\n","protected":false},"excerpt":{"rendered":"<p>Foi preso nesta segunda-feira (12), em Petrolina-PE, por policiais civis da 19\u00aa COORPIN de Senhor do Bonfim, o indiv\u00edduo identificado como Wandberg Nunes de Souza, 37 anos, mais conhecido como Berg, acusado de v\u00e1rios estupros em Bonfim e outras cidades. Ele foi preso em cumprimento a mandado de pris\u00e3o expedido pela Justi\u00e7a. Entre as v\u00edtimas [&hellip;]<\/p>\n","protected":false},"author":2,"featured_media":14018,"comment_status":"open","ping_status":"open","sticky":false,"template":"","format":"standard","meta":{"_acf_changed":false,"_monsterinsights_skip_tracking":false,"_monsterinsights_sitenote_active":false,"_monsterinsights_sitenote_note":"","_monsterinsights_sitenote_category":0,"_jetpack_memberships_contains_paid_content":false,"footnotes":"","jetpack_publicize_message":"","jetpack_publicize_feature_enabled":true,"jetpack_social_post_already_shared":true,"jetpack_social_options":{"image_generator_settings":{"template":"highway","default_image_id":0,"font":"","enabled":false},"version":2}},"categories":[5,1,4],"tags":[],"class_list":["post-14015","post","type-post","status-publish","format-standard","has-post-thumbnail","hentry","category-cotidiano","category-noticias","category-local"],"acf":[],"jetpack_publicize_connections":[],"jetpack_featured_media_url":"https:\/\/i0.wp.com\/blogdoeloiltoncajuhy.com.br\/site\/wp-content\/uploads\/2016\/12\/berg-objetos-e1481642014906.jpg?fit=315%2C560&ssl=1","jetpack_sharing_enabled":true,"publishpress_future_workflow_manual_trigger":{"enabledWorkflows":[]},"_links":{"self":[{"href":"https:\/\/blogdoeloiltoncajuhy.com.br\/site\/wp-json\/wp\/v2\/posts\/14015","targetHints":{"allow":["GET"]}}],"collection":[{"href":"https:\/\/blogdoeloiltoncajuhy.com.br\/site\/wp-json\/wp\/v2\/posts"}],"about":[{"href":"https:\/\/blogdoeloiltoncajuhy.com.br\/site\/wp-json\/wp\/v2\/types\/post"}],"author":[{"embeddable":true,"href":"https:\/\/blogdoeloiltoncajuhy.com.br\/site\/wp-json\/wp\/v2\/users\/2"}],"replies":[{"embeddable":true,"href":"https:\/\/blogdoeloiltoncajuhy.com.br\/site\/wp-json\/wp\/v2\/comments?post=14015"}],"version-history":[{"count":1,"href":"https:\/\/blogdoeloiltoncajuhy.com.br\/site\/wp-json\/wp\/v2\/posts\/14015\/revisions"}],"predecessor-version":[{"id":14019,"href":"https:\/\/blogdoeloiltoncajuhy.com.br\/site\/wp-json\/wp\/v2\/posts\/14015\/revisions\/14019"}],"wp:featuredmedia":[{"embeddable":true,"href":"https:\/\/blogdoeloiltoncajuhy.com.br\/site\/wp-json\/wp\/v2\/media\/14018"}],"wp:attachment":[{"href":"https:\/\/blogdoeloiltoncajuhy.com.br\/site\/wp-json\/wp\/v2\/media?parent=14015"}],"wp:term":[{"taxonomy":"category","embeddable":true,"href":"https:\/\/blogdoeloiltoncajuhy.com.br\/site\/wp-json\/wp\/v2\/categories?post=14015"},{"taxonomy":"post_tag","embeddable":true,"href":"https:\/\/blogdoeloiltoncajuhy.com.br\/site\/wp-json\/wp\/v2\/tags?post=14015"}],"curies":[{"name":"wp","href":"https:\/\/api.w.org\/{rel}","templated":true}]}}