{"id":14010,"date":"2016-12-13T11:05:57","date_gmt":"2016-12-13T14:05:57","guid":{"rendered":"http:\/\/blogdoeloiltoncajuhy.com.br\/site\/?p=14010"},"modified":"2016-12-13T11:07:08","modified_gmt":"2016-12-13T14:07:08","slug":"vereador-acusado-de-matar-eleitor-em-campo-formoso-ganha-habeas-corpus-e-e-solto","status":"publish","type":"post","link":"https:\/\/blogdoeloiltoncajuhy.com.br\/site\/vereador-acusado-de-matar-eleitor-em-campo-formoso-ganha-habeas-corpus-e-e-solto\/","title":{"rendered":"Vereador acusado de matar eleitor em Campo Formoso, ganha Habeas Corpus e \u00e9 solto"},"content":{"rendered":"<figure id=\"attachment_13278\" aria-describedby=\"caption-attachment-13278\" style=\"width: 500px\" class=\"wp-caption aligncenter\"><a href=\"https:\/\/i0.wp.com\/blogdoeloiltoncajuhy.com.br\/site\/wp-content\/uploads\/2016\/11\/z%C3%A9-lamb%C3%A3o-e1478546023781.jpg\"><img data-recalc-dims=\"1\" fetchpriority=\"high\" decoding=\"async\" class=\"wp-image-13278 size-full\" src=\"https:\/\/i0.wp.com\/blogdoeloiltoncajuhy.com.br\/site\/wp-content\/uploads\/2016\/11\/z%C3%A9-lamb%C3%A3o-e1478546023781.jpg?resize=500%2C347\" width=\"500\" height=\"347\" \/><\/a><figcaption id=\"caption-attachment-13278\" class=\"wp-caption-text\">Z\u00e9 Lamb\u00e3o solto atrav\u00e9s de Habeas Corpus<\/figcaption><\/figure>\n<p>O vereador <strong>Jos\u00e9 Alberto de Carvalho Pereira<\/strong> (PSD), mais conhecido como \u201c<strong>Z\u00e9 Lamb\u00e3o<\/strong>\u201d, acusado de matar a tiros ap\u00f3s uma discuss\u00e3o, <strong>Andr\u00e9 Luiz de Oliveira<\/strong>, de 36 anos, ganhou Habeas Corpus e est\u00e1 solto. O Tribunal de Justi\u00e7a do Estado concedeu a soltura do acusado na noite desta segunda-feira (12).<\/p>\n<p>O crime aconteceu no in\u00edcio da tarde do \u00faltimo dia 7 de novembro, no Distrito\u00a0de Po\u00e7os, interior daquela munic\u00edpio. <a href=\"http:\/\/blogdoeloiltoncajuhy.com.br\/site\/campo-formoso-vereador-acusado-de-assassinato-e-preso-em-bonfim\/\"><strong>Clique aqui e relembre o caso<\/strong><\/a>.<\/p>\n<p>Depois de ser preso j\u00e1 no munic\u00edpio de Senhor do Bonfim, Z\u00e9 Lamb\u00e3o estava recolhido\u00a0no Complexo Policial de nossa cidade e havia sido transferido para o pres\u00eddio estadual de Juazeiro, de onde foi liberado na manh\u00e3 desta ter\u00e7a-feira (13).<\/p>\n<p><a href=\"http:\/\/www.campoformosonoticias.com\/v5\/wp-content\/uploads\/2016\/12\/Novo-Documento-63.pdf\"><strong>Clique aqui <\/strong><\/a>e veja o teor do Habeas Corpus concedido pelo TJ-BA<strong>.<\/strong> Aturam na defesa do vereador Z\u00e9 Lamb\u00e3o, os advogados bonfinenses Jaelson Bonfim e Alex Porcino do Escrit\u00f3rio Porcino &amp;\u00a0Bonfim Advogados Associados, em parceria com Dr. Jo\u00e3o Pedro (Campo Formoso) e Dr. Heraldo Mendes de Lima (S\u00e3o Paulo).<\/p>\n<figure id=\"attachment_13280\" aria-describedby=\"caption-attachment-13280\" style=\"width: 403px\" class=\"wp-caption aligncenter\"><a href=\"https:\/\/i0.wp.com\/blogdoeloiltoncajuhy.com.br\/site\/wp-content\/uploads\/2016\/11\/andr%C3%A9-luiz.jpg\"><img data-recalc-dims=\"1\" decoding=\"async\" class=\"wp-image-13280 size-full\" src=\"https:\/\/i0.wp.com\/blogdoeloiltoncajuhy.com.br\/site\/wp-content\/uploads\/2016\/11\/andr%C3%A9-luiz.jpg?resize=403%2C405\" width=\"403\" height=\"405\" srcset=\"https:\/\/i0.wp.com\/blogdoeloiltoncajuhy.com.br\/site\/wp-content\/uploads\/2016\/11\/andr%C3%A9-luiz.jpg?w=403&amp;ssl=1 403w, https:\/\/i0.wp.com\/blogdoeloiltoncajuhy.com.br\/site\/wp-content\/uploads\/2016\/11\/andr%C3%A9-luiz.jpg?resize=150%2C150&amp;ssl=1 150w, https:\/\/i0.wp.com\/blogdoeloiltoncajuhy.com.br\/site\/wp-content\/uploads\/2016\/11\/andr%C3%A9-luiz.jpg?resize=300%2C300&amp;ssl=1 300w, https:\/\/i0.wp.com\/blogdoeloiltoncajuhy.com.br\/site\/wp-content\/uploads\/2016\/11\/andr%C3%A9-luiz.jpg?resize=250%2C250&amp;ssl=1 250w, https:\/\/i0.wp.com\/blogdoeloiltoncajuhy.com.br\/site\/wp-content\/uploads\/2016\/11\/andr%C3%A9-luiz.jpg?resize=48%2C48&amp;ssl=1 48w\" sizes=\"(max-width: 403px) 100vw, 403px\" \/><\/a><figcaption id=\"caption-attachment-13280\" class=\"wp-caption-text\">Andr\u00e9 Luiz, a v\u00edtima<\/figcaption><\/figure>\n<p><em>*BLOG DO ELOILTON CAJUHY<\/em><\/p>\n<p>&nbsp;<\/p>\n","protected":false},"excerpt":{"rendered":"<p>O vereador Jos\u00e9 Alberto de Carvalho Pereira (PSD), mais conhecido como \u201cZ\u00e9 Lamb\u00e3o\u201d, acusado de matar a tiros ap\u00f3s uma discuss\u00e3o, Andr\u00e9 Luiz de Oliveira, de 36 anos, ganhou Habeas Corpus e est\u00e1 solto. O Tribunal de Justi\u00e7a do Estado concedeu a soltura do acusado na noite desta segunda-feira (12). O crime aconteceu no in\u00edcio [&hellip;]<\/p>\n","protected":false},"author":2,"featured_media":0,"comment_status":"open","ping_status":"open","sticky":false,"template":"","format":"standard","meta":{"_acf_changed":false,"_monsterinsights_skip_tracking":false,"_monsterinsights_sitenote_active":false,"_monsterinsights_sitenote_note":"","_monsterinsights_sitenote_category":0,"_jetpack_memberships_contains_paid_content":false,"footnotes":"","jetpack_publicize_message":"","jetpack_publicize_feature_enabled":true,"jetpack_social_post_already_shared":true,"jetpack_social_options":{"image_generator_settings":{"template":"highway","default_image_id":0,"font":"","enabled":false},"version":2}},"categories":[5,1,11],"tags":[],"class_list":["post-14010","post","type-post","status-publish","format-standard","hentry","category-cotidiano","category-noticias","category-regional"],"acf":[],"jetpack_publicize_connections":[],"jetpack_featured_media_url":"","jetpack_sharing_enabled":true,"publishpress_future_workflow_manual_trigger":{"enabledWorkflows":[]},"_links":{"self":[{"href":"https:\/\/blogdoeloiltoncajuhy.com.br\/site\/wp-json\/wp\/v2\/posts\/14010","targetHints":{"allow":["GET"]}}],"collection":[{"href":"https:\/\/blogdoeloiltoncajuhy.com.br\/site\/wp-json\/wp\/v2\/posts"}],"about":[{"href":"https:\/\/blogdoeloiltoncajuhy.com.br\/site\/wp-json\/wp\/v2\/types\/post"}],"author":[{"embeddable":true,"href":"https:\/\/blogdoeloiltoncajuhy.com.br\/site\/wp-json\/wp\/v2\/users\/2"}],"replies":[{"embeddable":true,"href":"https:\/\/blogdoeloiltoncajuhy.com.br\/site\/wp-json\/wp\/v2\/comments?post=14010"}],"version-history":[{"count":2,"href":"https:\/\/blogdoeloiltoncajuhy.com.br\/site\/wp-json\/wp\/v2\/posts\/14010\/revisions"}],"predecessor-version":[{"id":14012,"href":"https:\/\/blogdoeloiltoncajuhy.com.br\/site\/wp-json\/wp\/v2\/posts\/14010\/revisions\/14012"}],"wp:attachment":[{"href":"https:\/\/blogdoeloiltoncajuhy.com.br\/site\/wp-json\/wp\/v2\/media?parent=14010"}],"wp:term":[{"taxonomy":"category","embeddable":true,"href":"https:\/\/blogdoeloiltoncajuhy.com.br\/site\/wp-json\/wp\/v2\/categories?post=14010"},{"taxonomy":"post_tag","embeddable":true,"href":"https:\/\/blogdoeloiltoncajuhy.com.br\/site\/wp-json\/wp\/v2\/tags?post=14010"}],"curies":[{"name":"wp","href":"https:\/\/api.w.org\/{rel}","templated":true}]}}