{"id":14007,"date":"2016-12-12T19:41:08","date_gmt":"2016-12-12T22:41:08","guid":{"rendered":"http:\/\/blogdoeloiltoncajuhy.com.br\/site\/?p=14007"},"modified":"2016-12-12T19:41:08","modified_gmt":"2016-12-12T22:41:08","slug":"opiniao-governo-temer-termina-com-ele-ainda-no-cargo","status":"publish","type":"post","link":"https:\/\/blogdoeloiltoncajuhy.com.br\/site\/opiniao-governo-temer-termina-com-ele-ainda-no-cargo\/","title":{"rendered":"OPINI\u00c3O: Governo Temer termina com ele ainda no cargo"},"content":{"rendered":"<p style=\"text-align: right;\"><em><strong>*Por Josias Souza<\/strong><\/em><\/p>\n<figure id=\"attachment_14008\" aria-describedby=\"caption-attachment-14008\" style=\"width: 1024px\" class=\"wp-caption aligncenter\"><a href=\"https:\/\/i0.wp.com\/blogdoeloiltoncajuhy.com.br\/site\/wp-content\/uploads\/2016\/12\/TemerDivulgacao3.jpg\"><img data-recalc-dims=\"1\" fetchpriority=\"high\" decoding=\"async\" class=\"wp-image-14008 size-full\" src=\"https:\/\/i0.wp.com\/blogdoeloiltoncajuhy.com.br\/site\/wp-content\/uploads\/2016\/12\/TemerDivulgacao3.jpg?resize=800%2C536\" width=\"800\" height=\"536\" srcset=\"https:\/\/i0.wp.com\/blogdoeloiltoncajuhy.com.br\/site\/wp-content\/uploads\/2016\/12\/TemerDivulgacao3.jpg?w=1024&amp;ssl=1 1024w, https:\/\/i0.wp.com\/blogdoeloiltoncajuhy.com.br\/site\/wp-content\/uploads\/2016\/12\/TemerDivulgacao3.jpg?resize=300%2C201&amp;ssl=1 300w, https:\/\/i0.wp.com\/blogdoeloiltoncajuhy.com.br\/site\/wp-content\/uploads\/2016\/12\/TemerDivulgacao3.jpg?resize=768%2C515&amp;ssl=1 768w, https:\/\/i0.wp.com\/blogdoeloiltoncajuhy.com.br\/site\/wp-content\/uploads\/2016\/12\/TemerDivulgacao3.jpg?resize=250%2C167&amp;ssl=1 250w\" sizes=\"(max-width: 800px) 100vw, 800px\" \/><\/a><figcaption id=\"caption-attachment-14008\" class=\"wp-caption-text\">Foto: Divulga\u00e7\u00e3o<\/figcaption><\/figure>\n<p>O governo Temer come\u00e7ou a terminar neste domingo, 11 de dezembro de 2016, quando o presidente da Rep\u00fablica esbo\u00e7ou sua rea\u00e7\u00e3o \u00e0 dela\u00e7\u00e3o coletiva da Odebrecht. De sa\u00edda, concluiu que nada justifica a demiss\u00e3o de auxiliares como Eliseu Padilha e Moreira Franco. N\u00e3o se deu conta de que nada, neste caso, \u00e9 uma palavra que ultrapassa tudo. De resto, Temer estimulou aliados a questionarem o vazamento de dela\u00e7\u00e3o ainda n\u00e3o homologada pela Justi\u00e7a. Ficou entendido que, incapaz de curar a doen\u00e7a, opera para esconder a radiografia.<\/p>\n<p>Temer est\u00e1 diante de uma adversidade que lhe sonega o \u00fanico papel que desempenhou nos seis meses de sua gest\u00e3o. N\u00e3o pode mais culpar a heran\u00e7a de Dilma Rousseff por tudo. O apodrecimento do PMDB \u00e9 culpa dos pol\u00edticos que o controlam. Temer preside a legenda h\u00e1 15 anos. N\u00e3o demite padilhas e moreiras porque eles n\u00e3o fizeram nada que n\u00e3o estivesse combinado. N\u00e3o se afasta de renans e juc\u00e1s porque todos os gatunos ficaram pardos depois que o PMDB virou apenas mais uma organiza\u00e7\u00e3o partid\u00e1ria com fins lucrativos.<\/p>\n<p>Em pol\u00edtica, n\u00e3o adianta brigar com o inevit\u00e1vel. Diante de um p\u00e9 d\u2019\u00e1gua, a primeira coisa a fazer \u00e9 encontrar um guardachuva. A segunda, \u00e9 abrir o guardachuva. A terceira, \u00e9 tentar se molhar o m\u00ednimo poss\u00edvel. Alcan\u00e7ado por um temporal, Temer est\u00e1 ensopado. Come\u00e7ou a se molhar quando ainda era vice-presidente. Convidou Marcelo Odebrecht para jantar no Jaburu. Antes que fosse servida a sobremesa, mordeu o comensal em R$ 10 milh\u00f5es. Ao liberar a grana para os destinat\u00e1rios combinados, o pr\u00edncipe das empreiteiras transformou o guardachuva de Temer numa arma\u00e7\u00e3o sem pano.<\/p>\n<p>Na fase de montagem do seu minist\u00e9rio, Temer reuniu os amigos em S\u00e3o Paulo para definir o posto que cada um ocuparia no seu governo provis\u00f3rio. Nesse encontro, firmou-se um entendimento pr\u00e9vio: auxiliares pilhados em esc\u00e2ndalos deveriam tomar a iniciativa de se afastar dos respectivos cargos. Participaram da conversa, al\u00e9m de Temer: Romero Juc\u00e1, Geddel Vieira Lima. Eliseu Padilha e Moreira Franco. Juc\u00e1 e Geddel j\u00e1 deixaram a Esplanada. Padilha e Moreira tamb\u00e9m j\u00e1 ca\u00edram, s\u00f3 que Temer finge que n\u00e3o percebeu.<\/p>\n<p>O governo de Michel Temer, tal como o presidente imagina existir, j\u00e1 acabou. Ainda que permane\u00e7a no Planalto at\u00e9 2018, Temer ser\u00e1 um presidente coxo. Constrangido e rejeitado, promete reformas e crescimento econ\u00f4mico arrastando as correntes da Odebrecht como um zumbi.<\/p>\n","protected":false},"excerpt":{"rendered":"<p>*Por Josias Souza O governo Temer come\u00e7ou a terminar neste domingo, 11 de dezembro de 2016, quando o presidente da Rep\u00fablica esbo\u00e7ou sua rea\u00e7\u00e3o \u00e0 dela\u00e7\u00e3o coletiva da Odebrecht. De sa\u00edda, concluiu que nada justifica a demiss\u00e3o de auxiliares como Eliseu Padilha e Moreira Franco. N\u00e3o se deu conta de que nada, neste caso, \u00e9 [&hellip;]<\/p>\n","protected":false},"author":2,"featured_media":14008,"comment_status":"open","ping_status":"open","sticky":false,"template":"","format":"standard","meta":{"_acf_changed":false,"_monsterinsights_skip_tracking":false,"_monsterinsights_sitenote_active":false,"_monsterinsights_sitenote_note":"","_monsterinsights_sitenote_category":0,"_jetpack_memberships_contains_paid_content":false,"footnotes":"","jetpack_publicize_message":"","jetpack_publicize_feature_enabled":true,"jetpack_social_post_already_shared":true,"jetpack_social_options":{"image_generator_settings":{"template":"highway","default_image_id":0,"font":"","enabled":false},"version":2}},"categories":[1,3],"tags":[],"class_list":["post-14007","post","type-post","status-publish","format-standard","has-post-thumbnail","hentry","category-noticias","category-politica"],"acf":[],"jetpack_publicize_connections":[],"jetpack_featured_media_url":"https:\/\/i0.wp.com\/blogdoeloiltoncajuhy.com.br\/site\/wp-content\/uploads\/2016\/12\/TemerDivulgacao3.jpg?fit=1024%2C686&ssl=1","jetpack_sharing_enabled":true,"publishpress_future_workflow_manual_trigger":{"enabledWorkflows":[]},"_links":{"self":[{"href":"https:\/\/blogdoeloiltoncajuhy.com.br\/site\/wp-json\/wp\/v2\/posts\/14007","targetHints":{"allow":["GET"]}}],"collection":[{"href":"https:\/\/blogdoeloiltoncajuhy.com.br\/site\/wp-json\/wp\/v2\/posts"}],"about":[{"href":"https:\/\/blogdoeloiltoncajuhy.com.br\/site\/wp-json\/wp\/v2\/types\/post"}],"author":[{"embeddable":true,"href":"https:\/\/blogdoeloiltoncajuhy.com.br\/site\/wp-json\/wp\/v2\/users\/2"}],"replies":[{"embeddable":true,"href":"https:\/\/blogdoeloiltoncajuhy.com.br\/site\/wp-json\/wp\/v2\/comments?post=14007"}],"version-history":[{"count":1,"href":"https:\/\/blogdoeloiltoncajuhy.com.br\/site\/wp-json\/wp\/v2\/posts\/14007\/revisions"}],"predecessor-version":[{"id":14009,"href":"https:\/\/blogdoeloiltoncajuhy.com.br\/site\/wp-json\/wp\/v2\/posts\/14007\/revisions\/14009"}],"wp:featuredmedia":[{"embeddable":true,"href":"https:\/\/blogdoeloiltoncajuhy.com.br\/site\/wp-json\/wp\/v2\/media\/14008"}],"wp:attachment":[{"href":"https:\/\/blogdoeloiltoncajuhy.com.br\/site\/wp-json\/wp\/v2\/media?parent=14007"}],"wp:term":[{"taxonomy":"category","embeddable":true,"href":"https:\/\/blogdoeloiltoncajuhy.com.br\/site\/wp-json\/wp\/v2\/categories?post=14007"},{"taxonomy":"post_tag","embeddable":true,"href":"https:\/\/blogdoeloiltoncajuhy.com.br\/site\/wp-json\/wp\/v2\/tags?post=14007"}],"curies":[{"name":"wp","href":"https:\/\/api.w.org\/{rel}","templated":true}]}}