{"id":14000,"date":"2016-12-12T16:33:51","date_gmt":"2016-12-12T19:33:51","guid":{"rendered":"http:\/\/blogdoeloiltoncajuhy.com.br\/site\/?p=14000"},"modified":"2016-12-12T16:33:51","modified_gmt":"2016-12-12T19:33:51","slug":"educacao-inscricoes-para-vestibular-da-uneb-comecam-nesta-quarta-feira-13","status":"publish","type":"post","link":"https:\/\/blogdoeloiltoncajuhy.com.br\/site\/educacao-inscricoes-para-vestibular-da-uneb-comecam-nesta-quarta-feira-13\/","title":{"rendered":"EDUCA\u00c7\u00c3O: Inscri\u00e7\u00f5es para vestibular da UNEB come\u00e7am nesta quarta-feira (13)"},"content":{"rendered":"<p><a href=\"https:\/\/i0.wp.com\/blogdoeloiltoncajuhy.com.br\/site\/wp-content\/uploads\/2016\/02\/Uneb_logo_normal.png\"><img data-recalc-dims=\"1\" fetchpriority=\"high\" decoding=\"async\" class=\"size-full wp-image-7701 alignright\" src=\"https:\/\/i0.wp.com\/blogdoeloiltoncajuhy.com.br\/site\/wp-content\/uploads\/2016\/02\/Uneb_logo_normal.png?resize=284%2C390\" alt=\"\" width=\"284\" height=\"390\" srcset=\"https:\/\/i0.wp.com\/blogdoeloiltoncajuhy.com.br\/site\/wp-content\/uploads\/2016\/02\/Uneb_logo_normal.png?w=284&amp;ssl=1 284w, https:\/\/i0.wp.com\/blogdoeloiltoncajuhy.com.br\/site\/wp-content\/uploads\/2016\/02\/Uneb_logo_normal.png?resize=218%2C300&amp;ssl=1 218w, https:\/\/i0.wp.com\/blogdoeloiltoncajuhy.com.br\/site\/wp-content\/uploads\/2016\/02\/Uneb_logo_normal.png?resize=182%2C250&amp;ssl=1 182w\" sizes=\"(max-width: 284px) 100vw, 284px\" \/><\/a>A UNEB vai abrir inscri\u00e7\u00e3o para o Vestibular 2017.2, nesta quarta-feira (13), exclusivamente pela internet, no endere\u00e7o <strong><a href=\"http:\/\/www.vestibular2017.uneb.br\/\">www.vestibular2017.uneb.br<\/a><\/strong>.<\/p>\n<p>Est\u00e3o sendo disponibilizadas 3.185 vagas distribu\u00eddas em mais de 112 op\u00e7\u00f5es de cursos de gradua\u00e7\u00e3o presenciais, oferecidas nos campi de Salvador e outras 22 cidades baianas, com entrada para o segundo semestre de 2017.<\/p>\n<p>Os interessados ter\u00e3o at\u00e9 15 de janeiro de 2017 para garantir participa\u00e7\u00e3o no certame. A taxa \u00e9 de R$ 70.\u00a0Neste ano, o processo seletivo est\u00e1 trazendo dois novos cursos. Os candidatos agora v\u00e3o poder concorrer tamb\u00e9m \u00e0s gradua\u00e7\u00f5es em Medicina Veterin\u00e1ria, no Campus IX, em Barreiras, que ofertar\u00e1 40 vagas, e em Administra\u00e7\u00e3o, no Campus III, em Juazeiro, que ser\u00e1 oferecido na modalidade semipresencial, com oferta de 40 vagas.<\/p>\n<p>Pioneira no pa\u00eds na implanta\u00e7\u00e3o do sistema de cotas, a UNEB reserva 40% das vagas para candidatos negros da rede p\u00fablica de ensino e 5% para ind\u00edgenas.<\/p>\n<p>Os candidatos ind\u00edgenas precisam especificar a que comunidade \u00e9tnica pertencem, conforme op\u00e7\u00f5es constantes do formul\u00e1rio de inscri\u00e7\u00e3o deste Processo Seletivo, e devem comprovar a sua vincula\u00e7\u00e3o \u00e9tnica por meio de declara\u00e7\u00e3o expedida por organiza\u00e7\u00e3o ind\u00edgena devidamente reconhecida.<\/p>\n<p>As provas est\u00e3o previstas para serem aplicadas nos dias 23 e 24 de abril. A rela\u00e7\u00e3o de cursos, quadro de vagas, provas, normas e cronograma da sele\u00e7\u00e3o constam no edital do certame.<\/p>\n<p>O Centro de Processos Seletivos (CPS) da UNEB refor\u00e7a que as vagas reservadas para 2017.1 (entrada no primeiro semestre de 2017) ser\u00e3o ofertadas exclusivamente atrav\u00e9s do Sistema de Sele\u00e7\u00e3o Unificada (SiSU), do Minist\u00e9rio da Educa\u00e7\u00e3o (MEC). O quadro de vagas para esse processo \u00e9 espec\u00edfico e ser\u00e1 publicizado posteriormente, em divulga\u00e7\u00e3o alinhada com a do MEC.<\/p>\n<p><strong>Solicita\u00e7\u00e3o de isen\u00e7\u00e3o da taxa<\/strong><\/p>\n<p>Os interessados em pleitear isen\u00e7\u00e3o do pagamento da taxa de inscri\u00e7\u00e3o do Vestibular 2017.2 devem se inscrever no site www.vestibular2017.uneb.br entre os dias 13 e 19 de dezembro.<\/p>\n<p>O pedido de isen\u00e7\u00e3o ser\u00e1 efetivado ap\u00f3s o pagamento do valor de R$ 5 (referente a custeio operacional), que deve ser realizado at\u00e9 a data de vencimento. Os candidatos que solicitarem o benef\u00edcio, mas n\u00e3o forem contemplados, podem descontar os R$ 5 da taxa de inscri\u00e7\u00e3o do vestibular.<\/p>\n<p>A rela\u00e7\u00e3o dos solicitantes selecionados para a isen\u00e7\u00e3o no Vestibular 2017.2 ser\u00e1 divulgada at\u00e9 o dia 28 de dezembro. A entrega de documentos comprobat\u00f3rios ser\u00e1 de 2 a 6 de janeiro.<\/p>\n<p>De acordo com o edital, t\u00eam direito ao benef\u00edcio estudantes de baixa renda oriundos da rede p\u00fablica de ensino.<\/p>\n<p>Na UNEB, t\u00eam direito \u00e0 isen\u00e7\u00e3o funcion\u00e1rios do quadro efetivo e contratados pelo Regime Especial de Direito Administrativo (Reda), ocupantes de cargo tempor\u00e1rio, terceirizados, independente do n\u00edvel de instru\u00e7\u00e3o e seus dependentes (c\u00f4njuge e filho), al\u00e9m de servidores \u00e0 disposi\u00e7\u00e3o que n\u00e3o sejam portadores de diploma de curso superior. Servidores de outras universidades estaduais da Bahia tamb\u00e9m podem fazer a solicita\u00e7\u00e3o.<\/p>\n<p>A rela\u00e7\u00e3o de isen\u00e7\u00f5es concedidas ser\u00e1 divulgada at\u00e9 o dia 11 de janeiro.\u00a0Informa\u00e7\u00f5es: tel. 0800 071 3000 ou e-mail vestibular@listas.uneb.br.<\/p>\n<p><em>*UNEB &#8211; N\u00facleo de Jornalismo\/Assessoria de Comunica\u00e7\u00e3o<\/em><\/p>\n","protected":false},"excerpt":{"rendered":"<p>A UNEB vai abrir inscri\u00e7\u00e3o para o Vestibular 2017.2, nesta quarta-feira (13), exclusivamente pela internet, no endere\u00e7o www.vestibular2017.uneb.br. Est\u00e3o sendo disponibilizadas 3.185 vagas distribu\u00eddas em mais de 112 op\u00e7\u00f5es de cursos de gradua\u00e7\u00e3o presenciais, oferecidas nos campi de Salvador e outras 22 cidades baianas, com entrada para o segundo semestre de 2017. Os interessados ter\u00e3o [&hellip;]<\/p>\n","protected":false},"author":2,"featured_media":0,"comment_status":"open","ping_status":"open","sticky":false,"template":"","format":"standard","meta":{"_acf_changed":false,"_monsterinsights_skip_tracking":false,"_monsterinsights_sitenote_active":false,"_monsterinsights_sitenote_note":"","_monsterinsights_sitenote_category":0,"_jetpack_memberships_contains_paid_content":false,"footnotes":"","jetpack_publicize_message":"","jetpack_publicize_feature_enabled":true,"jetpack_social_post_already_shared":true,"jetpack_social_options":{"image_generator_settings":{"template":"highway","default_image_id":0,"font":"","enabled":false},"version":2}},"categories":[14,1],"tags":[],"class_list":["post-14000","post","type-post","status-publish","format-standard","hentry","category-educacao","category-noticias"],"acf":[],"jetpack_publicize_connections":[],"jetpack_featured_media_url":"","jetpack_sharing_enabled":true,"publishpress_future_workflow_manual_trigger":{"enabledWorkflows":[]},"_links":{"self":[{"href":"https:\/\/blogdoeloiltoncajuhy.com.br\/site\/wp-json\/wp\/v2\/posts\/14000","targetHints":{"allow":["GET"]}}],"collection":[{"href":"https:\/\/blogdoeloiltoncajuhy.com.br\/site\/wp-json\/wp\/v2\/posts"}],"about":[{"href":"https:\/\/blogdoeloiltoncajuhy.com.br\/site\/wp-json\/wp\/v2\/types\/post"}],"author":[{"embeddable":true,"href":"https:\/\/blogdoeloiltoncajuhy.com.br\/site\/wp-json\/wp\/v2\/users\/2"}],"replies":[{"embeddable":true,"href":"https:\/\/blogdoeloiltoncajuhy.com.br\/site\/wp-json\/wp\/v2\/comments?post=14000"}],"version-history":[{"count":1,"href":"https:\/\/blogdoeloiltoncajuhy.com.br\/site\/wp-json\/wp\/v2\/posts\/14000\/revisions"}],"predecessor-version":[{"id":14001,"href":"https:\/\/blogdoeloiltoncajuhy.com.br\/site\/wp-json\/wp\/v2\/posts\/14000\/revisions\/14001"}],"wp:attachment":[{"href":"https:\/\/blogdoeloiltoncajuhy.com.br\/site\/wp-json\/wp\/v2\/media?parent=14000"}],"wp:term":[{"taxonomy":"category","embeddable":true,"href":"https:\/\/blogdoeloiltoncajuhy.com.br\/site\/wp-json\/wp\/v2\/categories?post=14000"},{"taxonomy":"post_tag","embeddable":true,"href":"https:\/\/blogdoeloiltoncajuhy.com.br\/site\/wp-json\/wp\/v2\/tags?post=14000"}],"curies":[{"name":"wp","href":"https:\/\/api.w.org\/{rel}","templated":true}]}}