{"id":13989,"date":"2016-12-12T10:25:37","date_gmt":"2016-12-12T13:25:37","guid":{"rendered":"http:\/\/blogdoeloiltoncajuhy.com.br\/site\/?p=13989"},"modified":"2016-12-12T10:25:37","modified_gmt":"2016-12-12T13:25:37","slug":"esportes-palmeiras-fecha-ano-com-titulo-e-grande-perspectiva-para-2017","status":"publish","type":"post","link":"https:\/\/blogdoeloiltoncajuhy.com.br\/site\/esportes-palmeiras-fecha-ano-com-titulo-e-grande-perspectiva-para-2017\/","title":{"rendered":"ESPORTES: Palmeiras fecha ano com t\u00edtulo e grande perspectiva para 2017"},"content":{"rendered":"<p style=\"text-align: center;\"><em><strong>Vit\u00f3ria na \u00faltima rodada d\u00e1 o tom do grande segundo semestre vivido pelo clube e aumenta ansiedade para a pr\u00f3xima temporada. Pr\u00f3xima meta \u00e9 a Libertadores<\/strong><\/em><\/p>\n<figure id=\"attachment_13990\" aria-describedby=\"caption-attachment-13990\" style=\"width: 690px\" class=\"wp-caption aligncenter\"><a href=\"https:\/\/i0.wp.com\/blogdoeloiltoncajuhy.com.br\/site\/wp-content\/uploads\/2016\/12\/palmeiras-campe%C3%A3o2.jpg\"><img data-recalc-dims=\"1\" fetchpriority=\"high\" decoding=\"async\" class=\"wp-image-13990 size-full\" src=\"https:\/\/i0.wp.com\/blogdoeloiltoncajuhy.com.br\/site\/wp-content\/uploads\/2016\/12\/palmeiras-campe%C3%A3o2.jpg?resize=690%2C420\" width=\"690\" height=\"420\" srcset=\"https:\/\/i0.wp.com\/blogdoeloiltoncajuhy.com.br\/site\/wp-content\/uploads\/2016\/12\/palmeiras-campe%C3%A3o2.jpg?w=690&amp;ssl=1 690w, https:\/\/i0.wp.com\/blogdoeloiltoncajuhy.com.br\/site\/wp-content\/uploads\/2016\/12\/palmeiras-campe%C3%A3o2.jpg?resize=300%2C183&amp;ssl=1 300w, https:\/\/i0.wp.com\/blogdoeloiltoncajuhy.com.br\/site\/wp-content\/uploads\/2016\/12\/palmeiras-campe%C3%A3o2.jpg?resize=250%2C152&amp;ssl=1 250w\" sizes=\"(max-width: 690px) 100vw, 690px\" \/><\/a><figcaption id=\"caption-attachment-13990\" class=\"wp-caption-text\">Torcida do Palmeiras animada em Salvador: 2016 terminou bem (Foto: Jessica Santana\/Framephoto\/Estad\u00e3o Conte\u00fado)<\/figcaption><\/figure>\n<p style=\"text-align: left;\">Ap\u00f3s um primeiro semestre atribulado, o Palmeiras fechou a temporada com a perspectiva de mais um grande ano pela frente. Campe\u00e3o da Copa do Brasil no ano passado e do Brasileir\u00e3o em 2016, o Verd\u00e3o se despediu com um triunfo por 2 a 1 sobre o Vit\u00f3ria utilizando uma equipe reserva e provando a for\u00e7a do elenco. A ansiedade da torcida para o ano que vem j\u00e1 \u00e9 grande.<\/p>\n<p style=\"text-align: left;\">A comiss\u00e3o t\u00e9cnica foi zerada. Com a sa\u00edda de Cuca, que optou por n\u00e3o renovar seu contrato por quest\u00f5es pessoais, Eduardo Baptista j\u00e1 trabalha para tentar manter o legado que encerrou um jejum de 22 anos sem conquistar o Brasileiro. Alberto Valentim, auxiliar que era fixo e elo a cada sa\u00edda de treinador, rescindiu para virar t\u00e9cnico.<\/p>\n<p style=\"text-align: left;\">A base do elenco, por\u00e9m, ser\u00e1 mantida. Nos \u00faltimos dias, o goleiro Jailson (dois anos) e o lateral Z\u00e9 Roberto (um ano) tiveram seus contratos renovados. O diretor de futebol Alexandre Mattos tamb\u00e9m est\u00e1 assegurado at\u00e9 o fim de 2018. Outros que dever\u00e3o acertar os pr\u00f3prios futuros nesta semana s\u00e3o o volante Gabriel e o atacante Alecsandro.<\/p>\n<p style=\"text-align: left;\">A certeza de dever cumprido de Cuca vai al\u00e9m do segundo turno quase impec\u00e1vel no Brasileiro, com apenas uma derrota \u2013 para o vice-campe\u00e3o Santos, na Vila Belmiro. O Palmeiras j\u00e1 tem tr\u00eas contrata\u00e7\u00f5es certas para 2017: os meio-campistas Raphael Veiga e Hyoran, al\u00e9m do atacante Keno. Guerra, do Atl\u00e9tico Nacional, tamb\u00e9m est\u00e1 encaminhado.<\/p>\n<p style=\"text-align: left;\">\u2013 Fica o legado de uma base s\u00f3lida, firme, que com um bom trabalho do Eduardo (Baptista) tem tudo para dar certo ano que vem \u2013 disse Cuca.<\/p>\n<figure id=\"attachment_13991\" aria-describedby=\"caption-attachment-13991\" style=\"width: 400px\" class=\"wp-caption aligncenter\"><a href=\"https:\/\/i0.wp.com\/blogdoeloiltoncajuhy.com.br\/site\/wp-content\/uploads\/2016\/12\/palmeiras-campe%C3%A3o3.jpeg\"><img data-recalc-dims=\"1\" decoding=\"async\" class=\"wp-image-13991 size-full\" src=\"https:\/\/i0.wp.com\/blogdoeloiltoncajuhy.com.br\/site\/wp-content\/uploads\/2016\/12\/palmeiras-campe%C3%A3o3.jpeg?resize=400%2C300\" width=\"400\" height=\"300\" srcset=\"https:\/\/i0.wp.com\/blogdoeloiltoncajuhy.com.br\/site\/wp-content\/uploads\/2016\/12\/palmeiras-campe%C3%A3o3.jpeg?w=400&amp;ssl=1 400w, https:\/\/i0.wp.com\/blogdoeloiltoncajuhy.com.br\/site\/wp-content\/uploads\/2016\/12\/palmeiras-campe%C3%A3o3.jpeg?resize=300%2C225&amp;ssl=1 300w, https:\/\/i0.wp.com\/blogdoeloiltoncajuhy.com.br\/site\/wp-content\/uploads\/2016\/12\/palmeiras-campe%C3%A3o3.jpeg?resize=250%2C188&amp;ssl=1 250w\" sizes=\"(max-width: 400px) 100vw, 400px\" \/><\/a><figcaption id=\"caption-attachment-13991\" class=\"wp-caption-text\">Palmeiras ser\u00e1 comandado por Mauricio Galiotte (de terno) no pr\u00f3ximo bi\u00eanio (Foto: Felipe Zito)<\/figcaption><\/figure>\n<p style=\"text-align: left;\">Com os mais de R$ 76 milh\u00f5es referentes \u00e0 venda de Gabriel Jesus nos cofres, o clube ter\u00e1 uma boa situa\u00e7\u00e3o no mercado para se refor\u00e7ar, de olho na disputa da Ta\u00e7a Libertadores da Am\u00e9rica. O Verd\u00e3o segue de olho em Gustavo Scarpa, estrela do Fluminense que j\u00e1 desperta interessa palmeirense h\u00e1 algum tempo.<\/p>\n<p style=\"text-align: left;\">Na diretoria, apesar da entrada de Mauricio Galiotte na vaga de Paulo Nobre, as mudan\u00e7as n\u00e3o ser\u00e3o impactantes. Bra\u00e7o direito de Nobre nos \u00faltimos dois mandatos, o novo presidente vai manter todos os outros vices da presente gest\u00e3o \u2013 Genaro Marino, Antonino Jesse Ribeiro e Victor Fruges seguem, agora com a presen\u00e7a de Jos\u00e9 Carlos Tomaselli.<\/p>\n<p style=\"text-align: left;\">A estabilidade e a rara tranquilidade pol\u00edtica s\u00e3o apostas do Palmeiras para se manter no topo do futebol nacional e ir al\u00e9m. A Libertadores \u00e9 a nova maior obsess\u00e3o da torcida. Fora de campo, 2017 j\u00e1 come\u00e7a a todo vapor para o Verd\u00e3o.<\/p>\n<p style=\"text-align: left;\"><em>*Por GloboEsporte.com\/S\u00e3o Paulo<\/em><\/p>\n","protected":false},"excerpt":{"rendered":"<p>Vit\u00f3ria na \u00faltima rodada d\u00e1 o tom do grande segundo semestre vivido pelo clube e aumenta ansiedade para a pr\u00f3xima temporada. Pr\u00f3xima meta \u00e9 a Libertadores Ap\u00f3s um primeiro semestre atribulado, o Palmeiras fechou a temporada com a perspectiva de mais um grande ano pela frente. Campe\u00e3o da Copa do Brasil no ano passado e [&hellip;]<\/p>\n","protected":false},"author":2,"featured_media":13991,"comment_status":"open","ping_status":"open","sticky":false,"template":"","format":"standard","meta":{"_acf_changed":false,"_monsterinsights_skip_tracking":false,"_monsterinsights_sitenote_active":false,"_monsterinsights_sitenote_note":"","_monsterinsights_sitenote_category":0,"_jetpack_memberships_contains_paid_content":false,"footnotes":"","jetpack_publicize_message":"","jetpack_publicize_feature_enabled":true,"jetpack_social_post_already_shared":true,"jetpack_social_options":{"image_generator_settings":{"template":"highway","default_image_id":0,"font":"","enabled":false},"version":2}},"categories":[6,1],"tags":[],"class_list":["post-13989","post","type-post","status-publish","format-standard","has-post-thumbnail","hentry","category-esportes","category-noticias"],"acf":[],"jetpack_publicize_connections":[],"jetpack_featured_media_url":"https:\/\/i0.wp.com\/blogdoeloiltoncajuhy.com.br\/site\/wp-content\/uploads\/2016\/12\/palmeiras-campe%C3%A3o3.jpeg?fit=400%2C300&ssl=1","jetpack_sharing_enabled":true,"publishpress_future_workflow_manual_trigger":{"enabledWorkflows":[]},"_links":{"self":[{"href":"https:\/\/blogdoeloiltoncajuhy.com.br\/site\/wp-json\/wp\/v2\/posts\/13989","targetHints":{"allow":["GET"]}}],"collection":[{"href":"https:\/\/blogdoeloiltoncajuhy.com.br\/site\/wp-json\/wp\/v2\/posts"}],"about":[{"href":"https:\/\/blogdoeloiltoncajuhy.com.br\/site\/wp-json\/wp\/v2\/types\/post"}],"author":[{"embeddable":true,"href":"https:\/\/blogdoeloiltoncajuhy.com.br\/site\/wp-json\/wp\/v2\/users\/2"}],"replies":[{"embeddable":true,"href":"https:\/\/blogdoeloiltoncajuhy.com.br\/site\/wp-json\/wp\/v2\/comments?post=13989"}],"version-history":[{"count":1,"href":"https:\/\/blogdoeloiltoncajuhy.com.br\/site\/wp-json\/wp\/v2\/posts\/13989\/revisions"}],"predecessor-version":[{"id":13992,"href":"https:\/\/blogdoeloiltoncajuhy.com.br\/site\/wp-json\/wp\/v2\/posts\/13989\/revisions\/13992"}],"wp:featuredmedia":[{"embeddable":true,"href":"https:\/\/blogdoeloiltoncajuhy.com.br\/site\/wp-json\/wp\/v2\/media\/13991"}],"wp:attachment":[{"href":"https:\/\/blogdoeloiltoncajuhy.com.br\/site\/wp-json\/wp\/v2\/media?parent=13989"}],"wp:term":[{"taxonomy":"category","embeddable":true,"href":"https:\/\/blogdoeloiltoncajuhy.com.br\/site\/wp-json\/wp\/v2\/categories?post=13989"},{"taxonomy":"post_tag","embeddable":true,"href":"https:\/\/blogdoeloiltoncajuhy.com.br\/site\/wp-json\/wp\/v2\/tags?post=13989"}],"curies":[{"name":"wp","href":"https:\/\/api.w.org\/{rel}","templated":true}]}}