{"id":13985,"date":"2016-12-12T10:04:21","date_gmt":"2016-12-12T13:04:21","guid":{"rendered":"http:\/\/blogdoeloiltoncajuhy.com.br\/site\/?p=13985"},"modified":"2016-12-12T10:09:02","modified_gmt":"2016-12-12T13:09:02","slug":"diocese-de-bonfim-ordena-luan-saldanha-como-diacono","status":"publish","type":"post","link":"https:\/\/blogdoeloiltoncajuhy.com.br\/site\/diocese-de-bonfim-ordena-luan-saldanha-como-diacono\/","title":{"rendered":"Diocese de Bonfim ordena Luan Saldanha como Di\u00e1cono"},"content":{"rendered":"<figure id=\"attachment_13986\" aria-describedby=\"caption-attachment-13986\" style=\"width: 600px\" class=\"wp-caption aligncenter\"><a href=\"https:\/\/i0.wp.com\/blogdoeloiltoncajuhy.com.br\/site\/wp-content\/uploads\/2016\/12\/ordena%C3%A7%C3%A3o-di%C3%A1cono-luan-e1481547804529.png\"><img data-recalc-dims=\"1\" fetchpriority=\"high\" decoding=\"async\" class=\"wp-image-13986 size-full\" src=\"https:\/\/i0.wp.com\/blogdoeloiltoncajuhy.com.br\/site\/wp-content\/uploads\/2016\/12\/ordena%C3%A7%C3%A3o-di%C3%A1cono-luan-e1481547804529.png?resize=600%2C449\" width=\"600\" height=\"449\" \/><\/a><figcaption id=\"caption-attachment-13986\" class=\"wp-caption-text\">Fotos: Pastoral da Comunica\u00e7\u00e3o da Diocese de Bonfim<\/figcaption><\/figure>\n<p>Na \u00faltima quinta-feira (08), dia dedicado \u00e0 Nossa Senhora da Imaculada Concei\u00e7\u00e3o, a Diocese de Bonfim realizou solenidade de\u00a0ordena\u00e7\u00e3o de Luan Cordeiro Saldanha, como Di\u00e1cono. A\u00a0celebra\u00e7\u00e3o aconteceu \u00e0s 19h30, na Catedral Diocesana, e foi presidida pelo Bispo Dom Francisco Canind\u00e9 Palhano.<\/p>\n<p>O evento contou com as presen\u00e7as de presb\u00edteros, di\u00e1conos, seminaristas, religiosos, vocacionados de diversas par\u00f3quias e dioceses, autoridades e familiares.<\/p>\n<p>Ap\u00f3s a Liturgia da palavra, deu-se in\u00edcio ao Rito da Ordena\u00e7\u00e3o, onde Dom Francisco exaltou o Senhor Deus atrav\u00e9s de seu filho Jesus Cristo, realizando a Imposi\u00e7\u00e3o das M\u00e3os. Em seguida, foi feita a Prece de Ordena\u00e7\u00e3o, a a imposi\u00e7\u00e3o das Vestes Diaconais e entrega do Livro dos Evangelhos.<\/p>\n<p>Finalizando a solenidade, o Di\u00e1cono Luan Saldanha fez seu pronunciamento, referindo-se\u00a0\u00e0\u00a0fam\u00edlia\u00a0como seu alicerce e lembrando das pr\u00e1ticas Marianas, que desde a inf\u00e2ncia eram presentes na sua casa principalmente atrav\u00e9s da ora\u00e7\u00e3o do Santo Ros\u00e1rio.<\/p>\n<p><em>*BLOG DO ELOILTON CAJUHY &#8211; Com informa\u00e7\u00f5es da Pascom de Bonfim<\/em><\/p>\n","protected":false},"excerpt":{"rendered":"<p>Na \u00faltima quinta-feira (08), dia dedicado \u00e0 Nossa Senhora da Imaculada Concei\u00e7\u00e3o, a Diocese de Bonfim realizou solenidade de\u00a0ordena\u00e7\u00e3o de Luan Cordeiro Saldanha, como Di\u00e1cono. A\u00a0celebra\u00e7\u00e3o aconteceu \u00e0s 19h30, na Catedral Diocesana, e foi presidida pelo Bispo Dom Francisco Canind\u00e9 Palhano. O evento contou com as presen\u00e7as de presb\u00edteros, di\u00e1conos, seminaristas, religiosos, vocacionados de diversas [&hellip;]<\/p>\n","protected":false},"author":2,"featured_media":13986,"comment_status":"open","ping_status":"open","sticky":false,"template":"","format":"standard","meta":{"_acf_changed":false,"_monsterinsights_skip_tracking":false,"_monsterinsights_sitenote_active":false,"_monsterinsights_sitenote_note":"","_monsterinsights_sitenote_category":0,"_jetpack_memberships_contains_paid_content":false,"footnotes":"","jetpack_publicize_message":"","jetpack_publicize_feature_enabled":true,"jetpack_social_post_already_shared":true,"jetpack_social_options":{"image_generator_settings":{"template":"highway","default_image_id":0,"font":"","enabled":false},"version":2}},"categories":[1,4],"tags":[],"class_list":["post-13985","post","type-post","status-publish","format-standard","has-post-thumbnail","hentry","category-noticias","category-local"],"acf":[],"jetpack_publicize_connections":[],"jetpack_featured_media_url":"https:\/\/i0.wp.com\/blogdoeloiltoncajuhy.com.br\/site\/wp-content\/uploads\/2016\/12\/ordena%C3%A7%C3%A3o-di%C3%A1cono-luan-e1481547804529.png?fit=600%2C449&ssl=1","jetpack_sharing_enabled":true,"publishpress_future_workflow_manual_trigger":{"enabledWorkflows":[]},"_links":{"self":[{"href":"https:\/\/blogdoeloiltoncajuhy.com.br\/site\/wp-json\/wp\/v2\/posts\/13985","targetHints":{"allow":["GET"]}}],"collection":[{"href":"https:\/\/blogdoeloiltoncajuhy.com.br\/site\/wp-json\/wp\/v2\/posts"}],"about":[{"href":"https:\/\/blogdoeloiltoncajuhy.com.br\/site\/wp-json\/wp\/v2\/types\/post"}],"author":[{"embeddable":true,"href":"https:\/\/blogdoeloiltoncajuhy.com.br\/site\/wp-json\/wp\/v2\/users\/2"}],"replies":[{"embeddable":true,"href":"https:\/\/blogdoeloiltoncajuhy.com.br\/site\/wp-json\/wp\/v2\/comments?post=13985"}],"version-history":[{"count":2,"href":"https:\/\/blogdoeloiltoncajuhy.com.br\/site\/wp-json\/wp\/v2\/posts\/13985\/revisions"}],"predecessor-version":[{"id":13988,"href":"https:\/\/blogdoeloiltoncajuhy.com.br\/site\/wp-json\/wp\/v2\/posts\/13985\/revisions\/13988"}],"wp:featuredmedia":[{"embeddable":true,"href":"https:\/\/blogdoeloiltoncajuhy.com.br\/site\/wp-json\/wp\/v2\/media\/13986"}],"wp:attachment":[{"href":"https:\/\/blogdoeloiltoncajuhy.com.br\/site\/wp-json\/wp\/v2\/media?parent=13985"}],"wp:term":[{"taxonomy":"category","embeddable":true,"href":"https:\/\/blogdoeloiltoncajuhy.com.br\/site\/wp-json\/wp\/v2\/categories?post=13985"},{"taxonomy":"post_tag","embeddable":true,"href":"https:\/\/blogdoeloiltoncajuhy.com.br\/site\/wp-json\/wp\/v2\/tags?post=13985"}],"curies":[{"name":"wp","href":"https:\/\/api.w.org\/{rel}","templated":true}]}}