{"id":13981,"date":"2016-12-12T09:32:58","date_gmt":"2016-12-12T12:32:58","guid":{"rendered":"http:\/\/blogdoeloiltoncajuhy.com.br\/site\/?p=13981"},"modified":"2016-12-12T09:32:58","modified_gmt":"2016-12-12T12:32:58","slug":"mais-de-100-concursos-abertos-reunem-141-mil-vagas-no-pais","status":"publish","type":"post","link":"https:\/\/blogdoeloiltoncajuhy.com.br\/site\/mais-de-100-concursos-abertos-reunem-141-mil-vagas-no-pais\/","title":{"rendered":"Mais de 100 concursos abertos re\u00fanem 14,1 mil vagas no pa\u00eds"},"content":{"rendered":"<p style=\"text-align: center;\"><em><strong>Cargos s\u00e3o em todos os n\u00edveis de escolaridade. Sal\u00e1rio chegam a R$ 19,1 mil<\/strong><\/em><\/p>\n<div class=\"mc-column content-text active-extra-styles active-capital-letter\" data-block-type=\"unstyled\">\n<p class=\"content-text__container theme-color-primary-first-letter\" data-track-category=\"Link no Texto\" data-track-links=\"\"><a href=\"https:\/\/i0.wp.com\/blogdoeloiltoncajuhy.com.br\/site\/wp-content\/uploads\/2015\/09\/concurso1.jpg\"><img data-recalc-dims=\"1\" fetchpriority=\"high\" decoding=\"async\" class=\"aligncenter size-full wp-image-4013\" src=\"https:\/\/i0.wp.com\/blogdoeloiltoncajuhy.com.br\/site\/wp-content\/uploads\/2015\/09\/concurso1.jpg?resize=605%2C430\" alt=\"\" width=\"605\" height=\"430\" \/><\/a>Pelo menos 104 concursos p\u00fablicos no pa\u00eds est\u00e3o com inscri\u00e7\u00f5es abertas nesta segunda-feira (12) e re\u00fanem 14.117 vagas em cargos de todos os n\u00edveis de escolaridade. Os sal\u00e1rios chegam a R$ 19.117,45 na Prefeitura de Tangar\u00e1 (SC).<\/p>\n<\/div>\n<div class=\"mc-column content-text active-extra-styles\" data-block-type=\"unstyled\">\n<p class=\"content-text__container \" data-track-category=\"Link no Texto\" data-track-links=\"\"><a href=\"http:\/\/especiais.g1.globo.com\/economia\/concursos-e-emprego\/lista-de-concursos-publicos-e-vagas-de-emprego\/\" target=\"_blank\" rel=\"noopener nofollow\">CONFIRA AQUI A LISTA COMPLETA DE CONCURSOS E OPORTUNIDADES<\/a><\/p>\n<\/div>\n<div class=\"mc-column content-text active-extra-styles\" data-block-type=\"unstyled\">\n<p class=\"content-text__container \" data-track-category=\"Link no Texto\" data-track-links=\"\">Al\u00e9m das vagas abertas, h\u00e1 concursos para forma\u00e7\u00e3o de cadastro de reserva \u2013 ou seja, os candidatos aprovados s\u00e3o chamados conforme a abertura de vagas durante a validade do concurso.<\/p>\n<\/div>\n<div class=\"mc-column content-text active-extra-styles\" data-block-type=\"unstyled\">\n<p class=\"content-text__container \" data-track-category=\"Link no Texto\" data-track-links=\"\">Entre os \u00f3rg\u00e3os com inscri\u00e7\u00f5es abertas est\u00e3o: <a href=\"http:\/\/g1.globo.com\/economia\/concursos-e-emprego\/noticia\/ministerio-da-saude-abre-concurso-para-102-vagas-idecan-e-a-organizadora.ghtml\">Minist\u00e9rio da Sa\u00fade<\/a>, com 102 vagas e sal\u00e1rio de at\u00e9 R$ 5,7 mil, a <a href=\"http:\/\/g1.globo.com\/economia\/concursos-e-emprego\/noticia\/policia-militar-de-sao-paulo-abre-concurso-para-2293-vagas-vunesp-e-a-organizadora.ghtml\">Pol\u00edcia Militar de S\u00e3o Paulo<\/a>, com 2.293 vagas e sal\u00e1rio de at\u00e9 R$ 2,9 mil, e o Tribunal Regional do Trabalho da 11\u00aa Regi\u00e3o, com 63 vagas e sal\u00e1rio de at\u00e9 R$ 10,1 mil.<\/p>\n<\/div>\n<div class=\"mc-column content-text active-extra-styles\" data-block-type=\"unstyled\">\n<p class=\"content-text__container \" data-track-category=\"Link no Texto\" data-track-links=\"\"><strong>Os concursos que abrem inscri\u00e7\u00f5es para 942 vagas nesta segunda s\u00e3o os seguintes:<\/strong><\/p>\n<\/div>\n<div class=\"mc-column content-text active-extra-styles\" data-block-type=\"unstyled\">\n<p class=\"content-text__container \" data-track-category=\"Link no Texto\" data-track-links=\"\"><strong>Companhia de G\u00e1s do Cear\u00e1 (Ceg\u00e1s)<\/strong><br \/>\nA Companhia de G\u00e1s do Cear\u00e1 (Ceg\u00e1s) vai abrir concurso p\u00fablico para 21 vagas em cargos de n\u00edveis m\u00e9dio e superior. As remunera\u00e7\u00f5es v\u00e3o de R$ 3.029,92 a R$ 7.289,63. As inscri\u00e7\u00f5es podem ser feitas de 12 de dezembro a 13 de janeiro de 2017 pelo site www.cegas.ieses.org. A prova objetiva est\u00e1 prevista para o dia 12 de fevereiro de 2017 <a href=\"http:\/\/www.cegas.ieses.org\/\" target=\"_blank\" rel=\"noopener nofollow\">(veja o edital no site da organizadora)<\/a>.<\/p>\n<\/div>\n<div class=\"mc-column mc-side-item__container\"><\/div>\n<div class=\"mc-column content-text active-extra-styles\" data-block-type=\"unstyled\">\n<p class=\"content-text__container \" data-track-category=\"Link no Texto\" data-track-links=\"\"><strong>Instituto Federal de Educa\u00e7\u00e3o do Paran\u00e1<\/strong><br \/>\nO Instituto Federal de Educa\u00e7\u00e3o do Paran\u00e1 vai reabrir as inscri\u00e7\u00f5es do concurso para 157 vagas em cargos de todos os n\u00edveis de escolaridade. Os sal\u00e1rios v\u00e3o de R$ 2.129,80 a R$ 9.114,67. Os candidatos podem se inscrever de 12 de dezembro a 5 de janeiro de 2017 pelo site www.cetroconcursos.org.br. As provas objetivas ser\u00e3o aplicadas em 19 de fevereiro de 2017 <a href=\"http:\/\/www.cetroconcursos.org.br\/Projetos\/projeto-detalhes.aspx?id=1gZiqheAOQ4=\" target=\"_blank\" rel=\"noopener nofollow\">(veja o edital no site da organizadora)<\/a>.<\/p>\n<\/div>\n<div class=\"mc-column content-text active-extra-styles\" data-block-type=\"unstyled\">\n<p class=\"content-text__container \" data-track-category=\"Link no Texto\" data-track-links=\"\"><strong>Instituto Mineiro de Agropecu\u00e1ria de Minas Gerais <\/strong><br \/>\nO Instituto Mineiro de Agropecu\u00e1ria de Minas Gerais vai abrir processo seletivo para 43 vagas de fiscal agropecu\u00e1rio (n\u00edvel superior). O sal\u00e1rio \u00e9 de R$ 2.983,31. As inscri\u00e7\u00f5es podem ser feitas de 12 a 27 de dezembro. Os candidatos devem enviar a documenta\u00e7\u00e3o listada no anexo III do edital da seguinte forma: PROCESSO SELETIVO SIMPLIFICADO \u2013 IMA \u2013 Ger\u00eancia de Recursos Humanos \u2013 Rodovia Papa Jo\u00e3o II, 4001 \u2013 Pr\u00e9dio Gerais \u2013 10\u00b0 andar, Cidade Administrativa Presidente Tancredo Neves \u2013 Bairro Serra Verde \u2013 Belo Horizonte \u2013 MG CEP: 31630-901. A sele\u00e7\u00e3o ser\u00e1 feita por meio de an\u00e1lise de curr\u00edculo e entrevista. A sele\u00e7\u00e3o ter\u00e1 validade de 2 anos <a href=\"http:\/\/www.ima.mg.gov.br\/servicos\/2035-processo-seletivo-simplificado-dezembro2016\" target=\"_blank\" rel=\"noopener nofollow\">(veja o edital no site do IMA)<\/a>.<\/p>\n<\/div>\n<div class=\"mc-column content-text active-extra-styles\" data-block-type=\"unstyled\">\n<p class=\"content-text__container \" data-track-category=\"Link no Texto\" data-track-links=\"\"><strong>Prefeitura de Alto do Rio Doce (MG)<\/strong><br \/>\nA Prefeitura de Alto do Rio Doce (MG) divulgou edital de processo seletivo para 69 vagas em cargos de n\u00edveis fundamental, m\u00e9dio e superior. Os sal\u00e1rios variam de R$ 1.020 a R$ 10.400. Os candidatos podem se inscrever pelo site www.ammabarbacena.com.br entre os dias 12 e 30 de dezembro. As provas objetivas est\u00e3o previstas para o dia 15 de janeiro de 2017 <a href=\"http:\/\/www.ammabarbacena.com.br\/concursos\/detalhes\/rS7E6GYDb-23VF7EFC-obfEYQC1k8NDyLcFLBoJ2A-w.html\" target=\"_blank\" rel=\"noopener nofollow\">(veja o edital no site da organizadora)<\/a>.<\/p>\n<\/div>\n<div class=\"mc-column content-text active-extra-styles\" data-block-type=\"unstyled\">\n<p class=\"content-text__container \" data-track-category=\"Link no Texto\" data-track-links=\"\"><strong>Prefeitura de Lamim (MG)<\/strong><br \/>\nA Prefeitura de Lamim (MG) vai reabrir as inscri\u00e7\u00f5es do concurso p\u00fablico para 62 vagas em cargos de todos os n\u00edveis de escolaridade. As remunera\u00e7\u00f5es v\u00e3o de R$ 885 a R$ 11.277,36. As inscri\u00e7\u00f5es podem ser feitas pelo site www.reisauditores.com.br de 12 de dezembro a 11 de janeiro de 2017. As provas objetivas est\u00e3o previstas para o dia 12 de fevereiro de 2017 e ter\u00e3o 3 horas de dura\u00e7\u00e3o <a href=\"http:\/\/www.reisauditores.com.br\/site\/?p=concurso_detalhes&amp;tipo=1&amp;situacao=1&amp;id=140\" target=\"_blank\" rel=\"noopener nofollow\">(veja o edital no site da organizadora)<\/a>.<\/p>\n<\/div>\n<div class=\"mc-column content-text active-extra-styles\" data-block-type=\"unstyled\">\n<p class=\"content-text__container \" data-track-category=\"Link no Texto\" data-track-links=\"\"><strong>Prefeitura de Par\u00e1 de Minas (MG)<\/strong><br \/>\nA Prefeitura de Par\u00e1 de Minas (MG) alterou o prazo de inscri\u00e7\u00f5es do concurso para 586 vagas em cargos de todos os n\u00edveis de escolaridade. Os sal\u00e1rios v\u00e3o de R$ 880 a R$ 3.424,92. As inscri\u00e7\u00f5es podem ser feitas de 12 de dezembro a 12 de janeiro de 2017 pelo site www.idecan.org.br. A prova objetiva est\u00e1 prevista para o dia 19 de fevereiro de 2017 <a href=\"http:\/\/idecan.org.br\/getConc.aspx?key=TsA9TzH6KTw=\" target=\"_blank\" rel=\"noopener nofollow\">(veja o edital no site da organizadora)<\/a>.<\/p>\n<\/div>\n<div class=\"mc-column content-text active-extra-styles\" data-block-type=\"unstyled\">\n<p class=\"content-text__container \" data-track-category=\"Link no Texto\" data-track-links=\"\"><strong>Prefeitura de S\u00e3o Gon\u00e7alo do Amarante (RN)<\/strong><br \/>\nA Prefeitura de S\u00e3o Gon\u00e7alo do Amarante (RN) vai abrir concurso para 4 vagas de procurador municipal. O sal\u00e1rio \u00e9 de R$ 6.923,22. Os candidatos podem se inscrever pelo site www.ibam-concursos.org.br no per\u00edodo de 12 de dezembro a 15 de janeiro de 2017. A sele\u00e7\u00e3o ser\u00e1 feita por meio de provas objetiva, dissertativa e de t\u00edtulos. A primeira etapa est\u00e1 prevista para o dia 11 de mar\u00e7o de 2017 <a href=\"http:\/\/www.ibam-concursos.org.br\/documento.asp?cod=43\" target=\"_blank\" rel=\"noopener nofollow\">(veja o edital no site da organizadora)<\/a>.<\/p>\n<p class=\"content-text__container \" data-track-category=\"Link no Texto\" data-track-links=\"\"><em>*Por P\u00e2mela Kometani, G1<\/em><\/p>\n<\/div>\n","protected":false},"excerpt":{"rendered":"<p>Cargos s\u00e3o em todos os n\u00edveis de escolaridade. Sal\u00e1rio chegam a R$ 19,1 mil Pelo menos 104 concursos p\u00fablicos no pa\u00eds est\u00e3o com inscri\u00e7\u00f5es abertas nesta segunda-feira (12) e re\u00fanem 14.117 vagas em cargos de todos os n\u00edveis de escolaridade. Os sal\u00e1rios chegam a R$ 19.117,45 na Prefeitura de Tangar\u00e1 (SC). CONFIRA AQUI A LISTA [&hellip;]<\/p>\n","protected":false},"author":2,"featured_media":0,"comment_status":"open","ping_status":"open","sticky":false,"template":"","format":"standard","meta":{"_acf_changed":false,"_monsterinsights_skip_tracking":false,"_monsterinsights_sitenote_active":false,"_monsterinsights_sitenote_note":"","_monsterinsights_sitenote_category":0,"_jetpack_memberships_contains_paid_content":false,"footnotes":"","jetpack_publicize_message":"","jetpack_publicize_feature_enabled":true,"jetpack_social_post_already_shared":true,"jetpack_social_options":{"image_generator_settings":{"template":"highway","default_image_id":0,"font":"","enabled":false},"version":2}},"categories":[5,1],"tags":[],"class_list":["post-13981","post","type-post","status-publish","format-standard","hentry","category-cotidiano","category-noticias"],"acf":[],"jetpack_publicize_connections":[],"jetpack_featured_media_url":"","jetpack_sharing_enabled":true,"publishpress_future_workflow_manual_trigger":{"enabledWorkflows":[]},"_links":{"self":[{"href":"https:\/\/blogdoeloiltoncajuhy.com.br\/site\/wp-json\/wp\/v2\/posts\/13981","targetHints":{"allow":["GET"]}}],"collection":[{"href":"https:\/\/blogdoeloiltoncajuhy.com.br\/site\/wp-json\/wp\/v2\/posts"}],"about":[{"href":"https:\/\/blogdoeloiltoncajuhy.com.br\/site\/wp-json\/wp\/v2\/types\/post"}],"author":[{"embeddable":true,"href":"https:\/\/blogdoeloiltoncajuhy.com.br\/site\/wp-json\/wp\/v2\/users\/2"}],"replies":[{"embeddable":true,"href":"https:\/\/blogdoeloiltoncajuhy.com.br\/site\/wp-json\/wp\/v2\/comments?post=13981"}],"version-history":[{"count":1,"href":"https:\/\/blogdoeloiltoncajuhy.com.br\/site\/wp-json\/wp\/v2\/posts\/13981\/revisions"}],"predecessor-version":[{"id":13982,"href":"https:\/\/blogdoeloiltoncajuhy.com.br\/site\/wp-json\/wp\/v2\/posts\/13981\/revisions\/13982"}],"wp:attachment":[{"href":"https:\/\/blogdoeloiltoncajuhy.com.br\/site\/wp-json\/wp\/v2\/media?parent=13981"}],"wp:term":[{"taxonomy":"category","embeddable":true,"href":"https:\/\/blogdoeloiltoncajuhy.com.br\/site\/wp-json\/wp\/v2\/categories?post=13981"},{"taxonomy":"post_tag","embeddable":true,"href":"https:\/\/blogdoeloiltoncajuhy.com.br\/site\/wp-json\/wp\/v2\/tags?post=13981"}],"curies":[{"name":"wp","href":"https:\/\/api.w.org\/{rel}","templated":true}]}}