{"id":13970,"date":"2016-12-11T11:33:44","date_gmt":"2016-12-11T14:33:44","guid":{"rendered":"http:\/\/blogdoeloiltoncajuhy.com.br\/site\/?p=13970"},"modified":"2016-12-11T11:33:44","modified_gmt":"2016-12-11T14:33:44","slug":"com-delacao-da-odebrecht-partidos-da-base-de-temer-ja-avaliam-deixar-o-governo","status":"publish","type":"post","link":"https:\/\/blogdoeloiltoncajuhy.com.br\/site\/com-delacao-da-odebrecht-partidos-da-base-de-temer-ja-avaliam-deixar-o-governo\/","title":{"rendered":"Com dela\u00e7\u00e3o da Odebrecht, partidos da base de Temer j\u00e1 avaliam deixar o governo"},"content":{"rendered":"<p><strong><a href=\"https:\/\/i0.wp.com\/blogdoeloiltoncajuhy.com.br\/site\/wp-content\/uploads\/2016\/12\/temer-dez2016.jpeg\"><img data-recalc-dims=\"1\" fetchpriority=\"high\" decoding=\"async\" class=\"aligncenter wp-image-13971 size-full\" src=\"https:\/\/i0.wp.com\/blogdoeloiltoncajuhy.com.br\/site\/wp-content\/uploads\/2016\/12\/temer-dez2016.jpeg?resize=620%2C373\" width=\"620\" height=\"373\" srcset=\"https:\/\/i0.wp.com\/blogdoeloiltoncajuhy.com.br\/site\/wp-content\/uploads\/2016\/12\/temer-dez2016.jpeg?w=620&amp;ssl=1 620w, https:\/\/i0.wp.com\/blogdoeloiltoncajuhy.com.br\/site\/wp-content\/uploads\/2016\/12\/temer-dez2016.jpeg?resize=300%2C180&amp;ssl=1 300w, https:\/\/i0.wp.com\/blogdoeloiltoncajuhy.com.br\/site\/wp-content\/uploads\/2016\/12\/temer-dez2016.jpeg?resize=250%2C150&amp;ssl=1 250w\" sizes=\"(max-width: 620px) 100vw, 620px\" \/><\/a>Recordar \u00e9 viver &#8211;<\/strong> J\u00e1 tem partido da base fazendo as contas de quando ser\u00e1 o melhor momento para desembarcar da gest\u00e3o Michel Temer. At\u00e9 habitu\u00e9s do Planalto passaram a incluir em seus c\u00e1lculos pol\u00edticos o fator Odebrecht. Ningu\u00e9m \u2014 nem mesmo aqueles ainda fi\u00e9is \u2014 aposta na melhora do ambiente depois dos tiros contra a c\u00fapula palaciana. Aliados come\u00e7am a reclamar do governo em escala semelhante \u00e0s queixas que eram feitas \u00e0 petista Dilma Rousseff no in\u00edcio da crise que a destituiu.<\/p>\n<p><strong>Uma atr\u00e1s da outra &#8211;<\/strong> O esc\u00e2ndalo que afastou Geddel Vieira Lima do governo ati\u00e7ou descontentes. A avalia\u00e7\u00e3o \u00e9 que, conforme os detalhes da dela\u00e7\u00e3o venham a p\u00fablico, o grupo a favor do presidente perca argumentos.<\/p>\n<p><strong>Abra\u00e7o de afogado &#8211;<\/strong> De todos os tucanos mais emplumados, Geraldo Alckmin \u00e9 \u00fanico cacique que vem mostrando maior resist\u00eancia ao aprofundamento do matrim\u00f4nio entre PSDB e PMDB.<\/p>\n<p><strong>Vai que eu vou depois &#8211;<\/strong> O governador de SP ponderou em reuni\u00e3o recente que \u00e9 preciso haver dist\u00e2ncia regulamentar do aliado \u2014 ou o partido ser\u00e1 arrastado pela crise junto com o governo.<\/p>\n<p><em>*Por Painel<\/em><\/p>\n","protected":false},"excerpt":{"rendered":"<p>Recordar \u00e9 viver &#8211; J\u00e1 tem partido da base fazendo as contas de quando ser\u00e1 o melhor momento para desembarcar da gest\u00e3o Michel Temer. At\u00e9 habitu\u00e9s do Planalto passaram a incluir em seus c\u00e1lculos pol\u00edticos o fator Odebrecht. Ningu\u00e9m \u2014 nem mesmo aqueles ainda fi\u00e9is \u2014 aposta na melhora do ambiente depois dos tiros contra [&hellip;]<\/p>\n","protected":false},"author":2,"featured_media":13971,"comment_status":"open","ping_status":"open","sticky":false,"template":"","format":"standard","meta":{"_acf_changed":false,"_monsterinsights_skip_tracking":false,"_monsterinsights_sitenote_active":false,"_monsterinsights_sitenote_note":"","_monsterinsights_sitenote_category":0,"_jetpack_memberships_contains_paid_content":false,"footnotes":"","jetpack_publicize_message":"","jetpack_publicize_feature_enabled":true,"jetpack_social_post_already_shared":true,"jetpack_social_options":{"image_generator_settings":{"template":"highway","default_image_id":0,"font":"","enabled":false},"version":2}},"categories":[1,3],"tags":[],"class_list":["post-13970","post","type-post","status-publish","format-standard","has-post-thumbnail","hentry","category-noticias","category-politica"],"acf":[],"jetpack_publicize_connections":[],"jetpack_featured_media_url":"https:\/\/i0.wp.com\/blogdoeloiltoncajuhy.com.br\/site\/wp-content\/uploads\/2016\/12\/temer-dez2016.jpeg?fit=620%2C373&ssl=1","jetpack_sharing_enabled":true,"publishpress_future_workflow_manual_trigger":{"enabledWorkflows":[]},"_links":{"self":[{"href":"https:\/\/blogdoeloiltoncajuhy.com.br\/site\/wp-json\/wp\/v2\/posts\/13970","targetHints":{"allow":["GET"]}}],"collection":[{"href":"https:\/\/blogdoeloiltoncajuhy.com.br\/site\/wp-json\/wp\/v2\/posts"}],"about":[{"href":"https:\/\/blogdoeloiltoncajuhy.com.br\/site\/wp-json\/wp\/v2\/types\/post"}],"author":[{"embeddable":true,"href":"https:\/\/blogdoeloiltoncajuhy.com.br\/site\/wp-json\/wp\/v2\/users\/2"}],"replies":[{"embeddable":true,"href":"https:\/\/blogdoeloiltoncajuhy.com.br\/site\/wp-json\/wp\/v2\/comments?post=13970"}],"version-history":[{"count":1,"href":"https:\/\/blogdoeloiltoncajuhy.com.br\/site\/wp-json\/wp\/v2\/posts\/13970\/revisions"}],"predecessor-version":[{"id":13972,"href":"https:\/\/blogdoeloiltoncajuhy.com.br\/site\/wp-json\/wp\/v2\/posts\/13970\/revisions\/13972"}],"wp:featuredmedia":[{"embeddable":true,"href":"https:\/\/blogdoeloiltoncajuhy.com.br\/site\/wp-json\/wp\/v2\/media\/13971"}],"wp:attachment":[{"href":"https:\/\/blogdoeloiltoncajuhy.com.br\/site\/wp-json\/wp\/v2\/media?parent=13970"}],"wp:term":[{"taxonomy":"category","embeddable":true,"href":"https:\/\/blogdoeloiltoncajuhy.com.br\/site\/wp-json\/wp\/v2\/categories?post=13970"},{"taxonomy":"post_tag","embeddable":true,"href":"https:\/\/blogdoeloiltoncajuhy.com.br\/site\/wp-json\/wp\/v2\/tags?post=13970"}],"curies":[{"name":"wp","href":"https:\/\/api.w.org\/{rel}","templated":true}]}}