{"id":13967,"date":"2016-12-11T11:24:00","date_gmt":"2016-12-11T14:24:00","guid":{"rendered":"http:\/\/blogdoeloiltoncajuhy.com.br\/site\/?p=13967"},"modified":"2016-12-11T11:24:00","modified_gmt":"2016-12-11T14:24:00","slug":"pessimismo-na-economia-faz-reprovacao-a-temer-disparar-diz-datafolha","status":"publish","type":"post","link":"https:\/\/blogdoeloiltoncajuhy.com.br\/site\/pessimismo-na-economia-faz-reprovacao-a-temer-disparar-diz-datafolha\/","title":{"rendered":"Pessimismo na economia faz reprova\u00e7\u00e3o a Temer disparar, diz Datafolha"},"content":{"rendered":"<p style=\"text-align: center;\"><em><strong>Metade dos brasileiros considera a gest\u00e3o do peemedebista ruim ou p\u00e9ssima<\/strong><\/em><\/p>\n<figure id=\"attachment_13968\" aria-describedby=\"caption-attachment-13968\" style=\"width: 699px\" class=\"wp-caption aligncenter\"><a href=\"https:\/\/i0.wp.com\/blogdoeloiltoncajuhy.com.br\/site\/wp-content\/uploads\/2016\/12\/Temer-pesquisa-dez-2016.jpg\"><img data-recalc-dims=\"1\" fetchpriority=\"high\" decoding=\"async\" class=\"wp-image-13968 size-full\" src=\"https:\/\/i0.wp.com\/blogdoeloiltoncajuhy.com.br\/site\/wp-content\/uploads\/2016\/12\/Temer-pesquisa-dez-2016.jpg?resize=699%2C420\" width=\"699\" height=\"420\" \/><\/a><figcaption id=\"caption-attachment-13968\" class=\"wp-caption-text\">Michel Temer em visita \u00e0 Esta\u00e7\u00e3o de Bombeamento EBV-3 na cidade de Floresta, em Pernambuco (Foto: Diego Herculano)<\/figcaption><\/figure>\n<p>O presidente Michel Temer (PMDB) sofreu uma vertiginosa queda de popularidade desde julho. Uma nova pesquisa divulgada pelo Datafolha neste domingo (11) apurou que 51% dos brasileiros consideram a gest\u00e3o do peemedebista ruim ou p\u00e9ssima. Este \u00edndice era de 31% em julho. Junto ao quadro, o levantamento tamb\u00e9m identificou a queda na confian\u00e7a na economia, que chegou a n\u00edveis pr\u00e9-impeachment.<\/p>\n<p>J\u00e1 aqueles que veem o governo Temer como regular correspondem a 34%. Na pesquisa anterior, eles eram 42%. O levantamento, que ouviu 2.1828 pessoas com 16 anos ou mais, foi feito entre 7 e 8 de dezembro, antes dos novos detalhes de dela\u00e7\u00e3o da Odebrecht com men\u00e7\u00f5es a Temer serem divulgados.<\/p>\n<p>O levantamento indica que 40% dos entrevistados consideram o governo dele pior do que o da ex-presidente Dilma Rousseff, enquanto 34% acham igual e 21%, melhor. Os 5% restantes n\u00e3o souberam responder \u00e0 quest\u00e3o. A m\u00e9dia conferida ao desempenho do atual presidente \u00e9 de 3,6 numa escala de zero a dez.<\/p>\n<p>A imagem do peemedebista se mostrou arranhada. O Datafolha aponta que 65% consideram o presidente &#8220;falso&#8221;; 50% o julgam &#8220;autorit\u00e1rio&#8221; e 58%, &#8220;desonesto&#8221;. E ainda, 75% acham que ele defende os mais ricos; 63% indicaram que Temer \u00e9 &#8220;muito inteligente&#8221;.<\/p>\n<p><strong>MAIORIA \u00c9 FAVOR\u00c1VEL \u00c0 REN\u00daNCIA DE TEMER<\/strong><\/p>\n<p>O Datafolha mostra que 63% dos brasileiros defendem a ren\u00fancia de Temer ainda este ano para que haja elei\u00e7\u00f5es diretas. Por outro lado, 27% se mostraram contra \u00e0 ideia e 6% se disseram indiferentes ao tema; 3% n\u00e3o souberam responder. Para que realiza\u00e7\u00e3o de novas elei\u00e7\u00f5es se concretize, seria preciso que o presidente deixasse o cargo nas semanas restantes de 2016. Se isso ocorrer a partir do ano que vem \u2014 in\u00edcio dos dois \u00faltimos anos de mandato \u2014, a elei\u00e7\u00e3o \u00e9 indireta, feita pelo Congresso.<\/p>\n<p>Em julho, durante o processo de impeachment de Dilma, a parcela dos entrevistados que defendia a ren\u00fancia da ex-presidente e do ent\u00e3o vice, era praticamente a mesma (62%); 30% eram contr\u00e1rios e 4% n\u00e3o tinham opini\u00e3o sobre o assunto.<\/p>\n<p><em>*O Globo<\/em><\/p>\n","protected":false},"excerpt":{"rendered":"<p>Metade dos brasileiros considera a gest\u00e3o do peemedebista ruim ou p\u00e9ssima O presidente Michel Temer (PMDB) sofreu uma vertiginosa queda de popularidade desde julho. Uma nova pesquisa divulgada pelo Datafolha neste domingo (11) apurou que 51% dos brasileiros consideram a gest\u00e3o do peemedebista ruim ou p\u00e9ssima. Este \u00edndice era de 31% em julho. Junto ao [&hellip;]<\/p>\n","protected":false},"author":2,"featured_media":13968,"comment_status":"open","ping_status":"open","sticky":false,"template":"","format":"standard","meta":{"_acf_changed":false,"_monsterinsights_skip_tracking":false,"_monsterinsights_sitenote_active":false,"_monsterinsights_sitenote_note":"","_monsterinsights_sitenote_category":0,"_jetpack_memberships_contains_paid_content":false,"footnotes":"","jetpack_publicize_message":"","jetpack_publicize_feature_enabled":true,"jetpack_social_post_already_shared":true,"jetpack_social_options":{"image_generator_settings":{"template":"highway","default_image_id":0,"font":"","enabled":false},"version":2}},"categories":[1,3],"tags":[],"class_list":["post-13967","post","type-post","status-publish","format-standard","has-post-thumbnail","hentry","category-noticias","category-politica"],"acf":[],"jetpack_publicize_connections":[],"jetpack_featured_media_url":"https:\/\/i0.wp.com\/blogdoeloiltoncajuhy.com.br\/site\/wp-content\/uploads\/2016\/12\/Temer-pesquisa-dez-2016-e1500127981608.jpg?fit=500%2C300&ssl=1","jetpack_sharing_enabled":true,"publishpress_future_workflow_manual_trigger":{"enabledWorkflows":[]},"_links":{"self":[{"href":"https:\/\/blogdoeloiltoncajuhy.com.br\/site\/wp-json\/wp\/v2\/posts\/13967","targetHints":{"allow":["GET"]}}],"collection":[{"href":"https:\/\/blogdoeloiltoncajuhy.com.br\/site\/wp-json\/wp\/v2\/posts"}],"about":[{"href":"https:\/\/blogdoeloiltoncajuhy.com.br\/site\/wp-json\/wp\/v2\/types\/post"}],"author":[{"embeddable":true,"href":"https:\/\/blogdoeloiltoncajuhy.com.br\/site\/wp-json\/wp\/v2\/users\/2"}],"replies":[{"embeddable":true,"href":"https:\/\/blogdoeloiltoncajuhy.com.br\/site\/wp-json\/wp\/v2\/comments?post=13967"}],"version-history":[{"count":1,"href":"https:\/\/blogdoeloiltoncajuhy.com.br\/site\/wp-json\/wp\/v2\/posts\/13967\/revisions"}],"predecessor-version":[{"id":13969,"href":"https:\/\/blogdoeloiltoncajuhy.com.br\/site\/wp-json\/wp\/v2\/posts\/13967\/revisions\/13969"}],"wp:featuredmedia":[{"embeddable":true,"href":"https:\/\/blogdoeloiltoncajuhy.com.br\/site\/wp-json\/wp\/v2\/media\/13968"}],"wp:attachment":[{"href":"https:\/\/blogdoeloiltoncajuhy.com.br\/site\/wp-json\/wp\/v2\/media?parent=13967"}],"wp:term":[{"taxonomy":"category","embeddable":true,"href":"https:\/\/blogdoeloiltoncajuhy.com.br\/site\/wp-json\/wp\/v2\/categories?post=13967"},{"taxonomy":"post_tag","embeddable":true,"href":"https:\/\/blogdoeloiltoncajuhy.com.br\/site\/wp-json\/wp\/v2\/tags?post=13967"}],"curies":[{"name":"wp","href":"https:\/\/api.w.org\/{rel}","templated":true}]}}