{"id":13958,"date":"2016-12-11T10:03:19","date_gmt":"2016-12-11T13:03:19","guid":{"rendered":"http:\/\/blogdoeloiltoncajuhy.com.br\/site\/?p=13958"},"modified":"2016-12-11T10:03:19","modified_gmt":"2016-12-11T13:03:19","slug":"filho-de-tati-quebra-barraco-e-morto-durante-operacao-policial-no-rio","status":"publish","type":"post","link":"https:\/\/blogdoeloiltoncajuhy.com.br\/site\/filho-de-tati-quebra-barraco-e-morto-durante-operacao-policial-no-rio\/","title":{"rendered":"Filho de Tati Quebra Barraco \u00e9 morto durante opera\u00e7\u00e3o policial no Rio"},"content":{"rendered":"<p style=\"text-align: center;\"><em><strong>Fam\u00edlia de Yuri Louren\u00e7o da Silva, de 19 anos, denuncia que o jovem foi executado por policiais de uma UPP; pol\u00edcia diz que ocorreu uma troca de tiros com traficantes da regi\u00e3o e dois dos suspeitos foram baleados<\/strong><\/em><\/p>\n<figure id=\"attachment_13959\" aria-describedby=\"caption-attachment-13959\" style=\"width: 263px\" class=\"wp-caption alignright\"><a href=\"https:\/\/i0.wp.com\/blogdoeloiltoncajuhy.com.br\/site\/wp-content\/uploads\/2016\/12\/yuri.jpg\"><img data-recalc-dims=\"1\" fetchpriority=\"high\" decoding=\"async\" class=\"wp-image-13959 size-full\" src=\"https:\/\/i0.wp.com\/blogdoeloiltoncajuhy.com.br\/site\/wp-content\/uploads\/2016\/12\/yuri.jpg?resize=263%2C287\" width=\"263\" height=\"287\" srcset=\"https:\/\/i0.wp.com\/blogdoeloiltoncajuhy.com.br\/site\/wp-content\/uploads\/2016\/12\/yuri.jpg?w=263&amp;ssl=1 263w, https:\/\/i0.wp.com\/blogdoeloiltoncajuhy.com.br\/site\/wp-content\/uploads\/2016\/12\/yuri.jpg?resize=229%2C250&amp;ssl=1 229w\" sizes=\"(max-width: 263px) 100vw, 263px\" \/><\/a><figcaption id=\"caption-attachment-13959\" class=\"wp-caption-text\">Filho de Tati Quebra Barraco \u00e9 morto em tiroteio no Rio (Cr\u00e9dito: Divulga\u00e7\u00e3o)<\/figcaption><\/figure>\n<p>Um dos filhos da funkeira Tati Quebra Barraco foi morto a tiros na madrugada deste domingo (11) durante uma opera\u00e7\u00e3o policial no bairro Cidade de Deus, no Rio de Janeiro. A fam\u00edlia de Yuri Louren\u00e7o da Silva, de 19 anos, denuncia que o jovem foi executado por policiais de uma Unidade de Pol\u00edcia Pacificadora (UPP).<\/p>\n<p>Os militares alegam que, durante a opera\u00e7\u00e3o pela rua Quintanilhas, se depararam com traficantes armados. Durante uma troca de tiros, dois dos suspeitos foram atingidos. Com eles foram apreendidos rev\u00f3lveres e drogas.<\/p>\n<p>A not\u00edcia da morte do filho chegou para a cantora durante um show. Por meio de sua p\u00e1gina no Facebook, ela disse que, em respeito ao seu trabalho, foi obrigada a manter o profissionalismo e encerrar a apresenta\u00e7\u00e3o sem demonstrar o que estava sentindo.<\/p>\n<p>&#8220;Eu n\u00e3o pude parar o que dei in\u00edcio. Tinham f\u00e3s, p\u00fablico, fot\u00f3grafo da casa, e um contrato assinado. Ent\u00e3o tive que terminar o show da boate Eleganza com um sorriso no rosto, sem que ningu\u00e9m percebesse&#8221;, afirmou Tati.<\/p>\n<p>A carioca lamentou a morte do filho, dizendo que s\u00f3 Deus poder\u00e1 preencher o vazio e confortar a dor que ela est\u00e1 sentindo neste momento. A mensagem \u00e9 encerrada com Tati pedindo desculpas ao filho por qualquer erro que ela tenha cometido.<\/p>\n<p>&#8220;Sem palavras Yuri, m\u00e3e vai te amar para sempre. Agora temos a P\u00e9rola para educar, melhorar o que n\u00e3o fui capaz de fazer por voc\u00ea. Me desculpe se fui uma p\u00e9ssima m\u00e3e ou se ensinei da maneira errada, eu s\u00f3 queria o seu melhor&#8221;, encerrou a cantora.<\/p>\n<figure id=\"attachment_13960\" aria-describedby=\"caption-attachment-13960\" style=\"width: 620px\" class=\"wp-caption aligncenter\"><a href=\"https:\/\/i0.wp.com\/blogdoeloiltoncajuhy.com.br\/site\/wp-content\/uploads\/2016\/12\/tati-quebra-barraco-e1481461359189.jpg\"><img data-recalc-dims=\"1\" decoding=\"async\" class=\"wp-image-13960 size-full\" src=\"https:\/\/i0.wp.com\/blogdoeloiltoncajuhy.com.br\/site\/wp-content\/uploads\/2016\/12\/tati-quebra-barraco-e1481461359189.jpg?resize=620%2C413\" width=\"620\" height=\"413\" \/><\/a><figcaption id=\"caption-attachment-13960\" class=\"wp-caption-text\">Tati Quebra Barraco (Imagem: Reprodu\u00e7\u00e3o SBT)<\/figcaption><\/figure>\n<p><em>*Minasgerais.ig<\/em><\/p>\n","protected":false},"excerpt":{"rendered":"<p>Fam\u00edlia de Yuri Louren\u00e7o da Silva, de 19 anos, denuncia que o jovem foi executado por policiais de uma UPP; pol\u00edcia diz que ocorreu uma troca de tiros com traficantes da regi\u00e3o e dois dos suspeitos foram baleados Um dos filhos da funkeira Tati Quebra Barraco foi morto a tiros na madrugada deste domingo (11) [&hellip;]<\/p>\n","protected":false},"author":2,"featured_media":13960,"comment_status":"open","ping_status":"open","sticky":false,"template":"","format":"standard","meta":{"_acf_changed":false,"_monsterinsights_skip_tracking":false,"_monsterinsights_sitenote_active":false,"_monsterinsights_sitenote_note":"","_monsterinsights_sitenote_category":0,"_jetpack_memberships_contains_paid_content":false,"footnotes":"","jetpack_publicize_message":"","jetpack_publicize_feature_enabled":true,"jetpack_social_post_already_shared":true,"jetpack_social_options":{"image_generator_settings":{"template":"highway","default_image_id":0,"font":"","enabled":false},"version":2}},"categories":[5,1],"tags":[],"class_list":["post-13958","post","type-post","status-publish","format-standard","has-post-thumbnail","hentry","category-cotidiano","category-noticias"],"acf":[],"jetpack_publicize_connections":[],"jetpack_featured_media_url":"https:\/\/i0.wp.com\/blogdoeloiltoncajuhy.com.br\/site\/wp-content\/uploads\/2016\/12\/tati-quebra-barraco-e1481461359189.jpg?fit=620%2C413&ssl=1","jetpack_sharing_enabled":true,"publishpress_future_workflow_manual_trigger":{"enabledWorkflows":[]},"_links":{"self":[{"href":"https:\/\/blogdoeloiltoncajuhy.com.br\/site\/wp-json\/wp\/v2\/posts\/13958","targetHints":{"allow":["GET"]}}],"collection":[{"href":"https:\/\/blogdoeloiltoncajuhy.com.br\/site\/wp-json\/wp\/v2\/posts"}],"about":[{"href":"https:\/\/blogdoeloiltoncajuhy.com.br\/site\/wp-json\/wp\/v2\/types\/post"}],"author":[{"embeddable":true,"href":"https:\/\/blogdoeloiltoncajuhy.com.br\/site\/wp-json\/wp\/v2\/users\/2"}],"replies":[{"embeddable":true,"href":"https:\/\/blogdoeloiltoncajuhy.com.br\/site\/wp-json\/wp\/v2\/comments?post=13958"}],"version-history":[{"count":1,"href":"https:\/\/blogdoeloiltoncajuhy.com.br\/site\/wp-json\/wp\/v2\/posts\/13958\/revisions"}],"predecessor-version":[{"id":13961,"href":"https:\/\/blogdoeloiltoncajuhy.com.br\/site\/wp-json\/wp\/v2\/posts\/13958\/revisions\/13961"}],"wp:featuredmedia":[{"embeddable":true,"href":"https:\/\/blogdoeloiltoncajuhy.com.br\/site\/wp-json\/wp\/v2\/media\/13960"}],"wp:attachment":[{"href":"https:\/\/blogdoeloiltoncajuhy.com.br\/site\/wp-json\/wp\/v2\/media?parent=13958"}],"wp:term":[{"taxonomy":"category","embeddable":true,"href":"https:\/\/blogdoeloiltoncajuhy.com.br\/site\/wp-json\/wp\/v2\/categories?post=13958"},{"taxonomy":"post_tag","embeddable":true,"href":"https:\/\/blogdoeloiltoncajuhy.com.br\/site\/wp-json\/wp\/v2\/tags?post=13958"}],"curies":[{"name":"wp","href":"https:\/\/api.w.org\/{rel}","templated":true}]}}