{"id":13955,"date":"2016-12-10T19:56:37","date_gmt":"2016-12-10T22:56:37","guid":{"rendered":"http:\/\/blogdoeloiltoncajuhy.com.br\/site\/?p=13955"},"modified":"2016-12-10T19:56:37","modified_gmt":"2016-12-10T22:56:37","slug":"esportes-antes-de-enfrentar-palmeiras-vitoria-faz-ultimo-treino-do-ano-na-toca","status":"publish","type":"post","link":"https:\/\/blogdoeloiltoncajuhy.com.br\/site\/esportes-antes-de-enfrentar-palmeiras-vitoria-faz-ultimo-treino-do-ano-na-toca\/","title":{"rendered":"ESPORTES: Antes de enfrentar Palmeiras, Vit\u00f3ria faz \u00faltimo treino do ano na Toca"},"content":{"rendered":"<p style=\"text-align: center;\"><em><strong>Com necessidade de conseguir um empate para se garantir na S\u00e9rie A do Brasileiro, Rubro-Negro enfrenta time paulista neste domingo, no Barrad\u00e3o, \u00e0s 16h (de Salvador)<\/strong><\/em><\/p>\n<figure id=\"attachment_13956\" aria-describedby=\"caption-attachment-13956\" style=\"width: 320px\" class=\"wp-caption alignright\"><a href=\"https:\/\/i0.wp.com\/blogdoeloiltoncajuhy.com.br\/site\/wp-content\/uploads\/2016\/12\/vitoria_ramon-e1481410542893.jpg\"><img data-recalc-dims=\"1\" fetchpriority=\"high\" decoding=\"async\" class=\"wp-image-13956 size-full\" src=\"https:\/\/i0.wp.com\/blogdoeloiltoncajuhy.com.br\/site\/wp-content\/uploads\/2016\/12\/vitoria_ramon-e1481410542893.jpg?resize=320%2C400\" width=\"320\" height=\"400\" \/><\/a><figcaption id=\"caption-attachment-13956\" class=\"wp-caption-text\">Elenco do Vit\u00f3ria trabalhou na manh\u00e3 deste s\u00e1bado, na Toca do Le\u00e3o (Foto: Francisco Galv\u00e3o\/EC Vit\u00f3ria\/Divulga\u00e7\u00e3o)<\/figcaption><\/figure>\n<p style=\"text-align: left;\">A \u00faltima atividade de 2016 na Toca do Le\u00e3o foi realizada na manh\u00e3 deste s\u00e1bado (10). Sem a permiss\u00e3o do acesso para a imprensa, o Vit\u00f3ria fez o \u00faltimo treinamento antes do duelo com o Palmeiras, neste domingo (11), \u00e0s 16h (de Salvador), pela 38\u00aa rodada da S\u00e9rie A do Campeonato Brasileiro.<\/p>\n<p style=\"text-align: left;\">De acordo com a assessoria de imprensa do clube, o t\u00e9cnico Argel Fucks comandou um treino t\u00e1tico com simula\u00e7\u00e3o de situa\u00e7\u00f5es ofensivas e defensivas. Houve ainda um trabalho de bolas paradas, como faltas, escanteios e p\u00eanaltis.\u00a0Ap\u00f3s o treinamento, o t\u00e9cnico divulgou a lista de relacionados para o \u00faltimo compromisso do ano.<\/p>\n<p style=\"text-align: left;\">Sem poder contar com Victor Ramos, Norberto e Kieza, suspensos pelo terceiro cart\u00e3o amarelo, as novidades foram Gabriel e Nickson. Guilherme Mattis, que teve o contrato renovado para poder ficar \u00e0 disposi\u00e7\u00e3o, n\u00e3o foi relacionado.<\/p>\n<p style=\"text-align: left;\">O Vit\u00f3ria deve entrar em campo com Fernando Miguel; Diego Renan, Ramon, Kanu e Euller; Willian Farias, Marcelo e C\u00e1rdenas; Marinho, David e Z\u00e9 Love.<\/p>\n<p style=\"text-align: left;\"><strong>Vit\u00f3ria x Palmeiras, 38\u00aa rodada do Campeonato Brasileiro<\/strong><br \/>\n<strong>Local:<\/strong> Barrad\u00e3o, Salvador;<br \/>\nHor\u00e1rio: 16h (de Salvador);<br \/>\n<strong>Arbitragem:<\/strong> Dewson Fernando Freitas da Silva (PA) apita o jogo. Ele ser\u00e1 auxiliado por M\u00e1rcio Gleidson Correia Dias (PA) e H\u00e9lcio Ara\u00fajo Neves (PA).<\/p>\n<p style=\"text-align: left;\"><em>*GloboEsporte.com\/BA<\/em><\/p>\n","protected":false},"excerpt":{"rendered":"<p>Com necessidade de conseguir um empate para se garantir na S\u00e9rie A do Brasileiro, Rubro-Negro enfrenta time paulista neste domingo, no Barrad\u00e3o, \u00e0s 16h (de Salvador) A \u00faltima atividade de 2016 na Toca do Le\u00e3o foi realizada na manh\u00e3 deste s\u00e1bado (10). Sem a permiss\u00e3o do acesso para a imprensa, o Vit\u00f3ria fez o \u00faltimo [&hellip;]<\/p>\n","protected":false},"author":2,"featured_media":13956,"comment_status":"open","ping_status":"open","sticky":false,"template":"","format":"standard","meta":{"_acf_changed":false,"_monsterinsights_skip_tracking":false,"_monsterinsights_sitenote_active":false,"_monsterinsights_sitenote_note":"","_monsterinsights_sitenote_category":0,"_jetpack_memberships_contains_paid_content":false,"footnotes":"","jetpack_publicize_message":"","jetpack_publicize_feature_enabled":true,"jetpack_social_post_already_shared":true,"jetpack_social_options":{"image_generator_settings":{"template":"highway","default_image_id":0,"font":"","enabled":false},"version":2}},"categories":[6,1],"tags":[],"class_list":["post-13955","post","type-post","status-publish","format-standard","has-post-thumbnail","hentry","category-esportes","category-noticias"],"acf":[],"jetpack_publicize_connections":[],"jetpack_featured_media_url":"https:\/\/i0.wp.com\/blogdoeloiltoncajuhy.com.br\/site\/wp-content\/uploads\/2016\/12\/vitoria_ramon-e1481410542893.jpg?fit=320%2C400&ssl=1","jetpack_sharing_enabled":true,"publishpress_future_workflow_manual_trigger":{"enabledWorkflows":[]},"_links":{"self":[{"href":"https:\/\/blogdoeloiltoncajuhy.com.br\/site\/wp-json\/wp\/v2\/posts\/13955","targetHints":{"allow":["GET"]}}],"collection":[{"href":"https:\/\/blogdoeloiltoncajuhy.com.br\/site\/wp-json\/wp\/v2\/posts"}],"about":[{"href":"https:\/\/blogdoeloiltoncajuhy.com.br\/site\/wp-json\/wp\/v2\/types\/post"}],"author":[{"embeddable":true,"href":"https:\/\/blogdoeloiltoncajuhy.com.br\/site\/wp-json\/wp\/v2\/users\/2"}],"replies":[{"embeddable":true,"href":"https:\/\/blogdoeloiltoncajuhy.com.br\/site\/wp-json\/wp\/v2\/comments?post=13955"}],"version-history":[{"count":1,"href":"https:\/\/blogdoeloiltoncajuhy.com.br\/site\/wp-json\/wp\/v2\/posts\/13955\/revisions"}],"predecessor-version":[{"id":13957,"href":"https:\/\/blogdoeloiltoncajuhy.com.br\/site\/wp-json\/wp\/v2\/posts\/13955\/revisions\/13957"}],"wp:featuredmedia":[{"embeddable":true,"href":"https:\/\/blogdoeloiltoncajuhy.com.br\/site\/wp-json\/wp\/v2\/media\/13956"}],"wp:attachment":[{"href":"https:\/\/blogdoeloiltoncajuhy.com.br\/site\/wp-json\/wp\/v2\/media?parent=13955"}],"wp:term":[{"taxonomy":"category","embeddable":true,"href":"https:\/\/blogdoeloiltoncajuhy.com.br\/site\/wp-json\/wp\/v2\/categories?post=13955"},{"taxonomy":"post_tag","embeddable":true,"href":"https:\/\/blogdoeloiltoncajuhy.com.br\/site\/wp-json\/wp\/v2\/tags?post=13955"}],"curies":[{"name":"wp","href":"https:\/\/api.w.org\/{rel}","templated":true}]}}